{"id":62396,"date":"2015-09-29T09:38:30","date_gmt":"2015-09-29T12:38:30","guid":{"rendered":"http:\/\/www.eltrabajo.cl\/portal\/?p=62396"},"modified":"2015-09-29T09:38:30","modified_gmt":"2015-09-29T12:38:30","slug":"conmemoran-aniversario-no-27-del-colegio-panquehue","status":"publish","type":"post","link":"https:\/\/eltrabajo.cl\/portal\/conmemoran-aniversario-no-27-del-colegio-panquehue\/","title":{"rendered":"Conmemoran aniversario N\u00ba 27 del Colegio Panquehue"},"content":{"rendered":"<figure id=\"attachment_62397\" aria-describedby=\"caption-attachment-62397\" style=\"width: 300px\" class=\"wp-caption alignleft\"><a href=\"https:\/\/i0.wp.com\/www.eltrabajo.cl\/portal\/wp-content\/uploads\/2015\/09\/Aniversario-Colegio-Panquehue.jpg\"><img data-recalc-dims=\"1\" loading=\"lazy\" decoding=\"async\" class=\"wp-image-62397 size-medium\" src=\"https:\/\/i0.wp.com\/www.eltrabajo.cl\/portal\/wp-content\/uploads\/2015\/09\/Aniversario-Colegio-Panquehue-300x199.jpg?resize=300%2C199\" alt=\"El alcalde Luis Pradenas y la comunidad escolar participaron de un nuevo aniversario, en la sala cultural del establecimiento educacional.\" width=\"300\" height=\"199\" srcset=\"https:\/\/i0.wp.com\/eltrabajo.cl\/portal\/wp-content\/uploads\/2015\/09\/Aniversario-Colegio-Panquehue.jpg?resize=300%2C199&amp;ssl=1 300w, https:\/\/i0.wp.com\/eltrabajo.cl\/portal\/wp-content\/uploads\/2015\/09\/Aniversario-Colegio-Panquehue.jpg?resize=200%2C133&amp;ssl=1 200w, https:\/\/i0.wp.com\/eltrabajo.cl\/portal\/wp-content\/uploads\/2015\/09\/Aniversario-Colegio-Panquehue.jpg?resize=226%2C150&amp;ssl=1 226w, https:\/\/i0.wp.com\/eltrabajo.cl\/portal\/wp-content\/uploads\/2015\/09\/Aniversario-Colegio-Panquehue.jpg?resize=400%2C265&amp;ssl=1 400w, https:\/\/i0.wp.com\/eltrabajo.cl\/portal\/wp-content\/uploads\/2015\/09\/Aniversario-Colegio-Panquehue.jpg?w=528&amp;ssl=1 528w\" sizes=\"auto, (max-width: 300px) 100vw, 300px\" \/><\/a><figcaption id=\"caption-attachment-62397\" class=\"wp-caption-text\">El alcalde Luis Pradenas y la comunidad escolar participaron de un nuevo aniversario, en la sala cultural del establecimiento educacional.<\/figcaption><\/figure>\n<ul>\n<li><strong>El Director de la instituci\u00f3n, Eduardo Caneo, destac\u00f3 los logros alcanzados hasta ahora en el establecimiento educacional y adelant\u00f3 parte de los futuros desaf\u00edos.<\/strong><\/li>\n<\/ul>\n<p><strong>PANQUEHUE.<\/strong>&#8211; Con la realizaci\u00f3n de un acto solemne efectuado en la sala cultural, el Colegio Panquehue celebr\u00f3 su aniversario N\u00ba 27, destac\u00e1ndose por los logros alcanzados hasta ahora y que se traducen en la formaci\u00f3n de alumnos en las modalidades cient\u00edfico humanista y t\u00e9cnico profesional.<br \/>\nCon la asistencia del alcalde Luis Pradenas y los concejales Patricio Morales y Elvira Ahumada, se enton\u00f3 el himno nacional que fue coreado por la comunidad liceana, para dar paso a la intervenci\u00f3n del director del colegio, Eduardo Caneo, quien recalc\u00f3 el apoyo que ha existido de parte de la autoridad comunal, para ir logrando cada uno de los cambios que requiere este establecimiento educacional.<br \/>\n\u201c27 a\u00f1os de educar, muchas generaciones han transcurrido por nuestras aulas y por lo mismo nos sentimos orgullosos como docentes, y tal como se dijo en una exposici\u00f3n, nosotros no somos grandes arquitectos para construir un edificio, pero somos profesores que transmitidos equidad, entregamos valores y mejores personas para nuestra sociedad.<br \/>\nAl cumplir estos 27 a\u00f1os estamos completamente orgullosos, porque tenemos todas las modalidades que pueden tener un establecimiento educacional y que se traduce en vespertina, t\u00e9cnico profesional y human\u00edstica cient\u00edfica\u201d.<br \/>\nAgreg\u00f3 Caneo que a la fecha el colegio Panquehue cuenta con una matr\u00edcula de 318 alumnos, que se ha ido incrementando a\u00f1o tras a\u00f1o.<br \/>\nPosteriormente y tras un reconocimiento que se realiz\u00f3 en la persona del profesor de educaci\u00f3n f\u00edsica, Carlos L\u00f3pez Santib\u00e1\u00f1ez, alumnos del colegio realizaron la presentaci\u00f3n de dos n\u00fameros art\u00edsticos, para terminar con la inauguraci\u00f3n de parte de las autoridades presentes, de un termo solar, que permitir\u00e1 contar con agua caliente los camarines del colegio, durante todo el a\u00f1o.<br \/>\nEl alcalde Pradenas al ser consultado por este nuevo aniversario, manifest\u00f3 que hoy se est\u00e1n dando los frutos de un gran esfuerzo realizado como municipio en este establecimiento educacional.<br \/>\n\u201cEste liceo que cumple 27 a\u00f1os, en el \u00faltimo tiempo ha crecido mucho y eso es el trabajo que hemos realizado en conjunto, entre las autoridades, los profesores y el equipo t\u00e9cnico del Daem, porque lo que queremos es hacer entrega , es una real calidad de educaci\u00f3n a los j\u00f3venes. Por lo tanto, estoy muy contento con todo lo logrado hasta ahora. El a\u00f1o 2010 dimos a la modalidad vespertina y el 2014 al \u00e1rea t\u00e9cnica profesional, por lo tanto, hemos recuperado matricula, hemos aumentado y mejorado en el crecimiento acad\u00e9mico, cambiamos el nivel de conducta de los j\u00f3venes, los apoderados se est\u00e1n integrando a la educaci\u00f3n de sus ni\u00f1os, as\u00ed que vamos por un buen camino y feliz estoy por este nuevo aniversario\u201d.<\/p>\n","protected":false},"excerpt":{"rendered":"<p>El Director de la instituci\u00f3n, Eduardo Caneo, destac\u00f3 los logros alcanzados hasta ahora en el establecimiento educacional y adelant\u00f3 parte de los futuros desaf\u00edos. PANQUEHUE.&#8211; Con la realizaci\u00f3n de un acto solemne&#8230;<\/p>\n","protected":false},"author":482,"featured_media":62397,"comment_status":"open","ping_status":"open","sticky":false,"template":"","format":"standard","meta":{"advanced_seo_description":"","jetpack_seo_html_title":"","jetpack_seo_noindex":false,"_jetpack_memberships_contains_paid_content":false,"footnotes":""},"categories":[1],"tags":[],"class_list":["post-62396","post","type-post","status-publish","format-standard","has-post-thumbnail","hentry","category-cronica"],"jetpack_featured_media_url":"https:\/\/i0.wp.com\/eltrabajo.cl\/portal\/wp-content\/uploads\/2015\/09\/Aniversario-Colegio-Panquehue.jpg?fit=528%2C350&ssl=1","jetpack_sharing_enabled":true,"jetpack_likes_enabled":true,"jetpack-related-posts":[],"_links":{"self":[{"href":"https:\/\/eltrabajo.cl\/portal\/wp-json\/wp\/v2\/posts\/62396","targetHints":{"allow":["GET"]}}],"collection":[{"href":"https:\/\/eltrabajo.cl\/portal\/wp-json\/wp\/v2\/posts"}],"about":[{"href":"https:\/\/eltrabajo.cl\/portal\/wp-json\/wp\/v2\/types\/post"}],"author":[{"embeddable":true,"href":"https:\/\/eltrabajo.cl\/portal\/wp-json\/wp\/v2\/users\/482"}],"replies":[{"embeddable":true,"href":"https:\/\/eltrabajo.cl\/portal\/wp-json\/wp\/v2\/comments?post=62396"}],"version-history":[{"count":0,"href":"https:\/\/eltrabajo.cl\/portal\/wp-json\/wp\/v2\/posts\/62396\/revisions"}],"wp:featuredmedia":[{"embeddable":true,"href":"https:\/\/eltrabajo.cl\/portal\/wp-json\/wp\/v2\/media\/62397"}],"wp:attachment":[{"href":"https:\/\/eltrabajo.cl\/portal\/wp-json\/wp\/v2\/media?parent=62396"}],"wp:term":[{"taxonomy":"category","embeddable":true,"href":"https:\/\/eltrabajo.cl\/portal\/wp-json\/wp\/v2\/categories?post=62396"},{"taxonomy":"post_tag","embeddable":true,"href":"https:\/\/eltrabajo.cl\/portal\/wp-json\/wp\/v2\/tags?post=62396"}],"curies":[{"name":"wp","href":"https:\/\/api.w.org\/{rel}","templated":true}]}}