{"id":62399,"date":"2015-09-29T09:40:48","date_gmt":"2015-09-29T12:40:48","guid":{"rendered":"http:\/\/www.eltrabajo.cl\/portal\/?p=62399"},"modified":"2015-09-29T09:40:48","modified_gmt":"2015-09-29T12:40:48","slug":"curso-de-fotografia-y-revelado-impartiran-en-el-ciem-aconcagua","status":"publish","type":"post","link":"https:\/\/eltrabajo.cl\/portal\/curso-de-fotografia-y-revelado-impartiran-en-el-ciem-aconcagua\/","title":{"rendered":"Curso de Fotograf\u00eda y revelado impartir\u00e1n en el Ciem Aconcagua"},"content":{"rendered":"<figure id=\"attachment_62400\" aria-describedby=\"caption-attachment-62400\" style=\"width: 300px\" class=\"wp-caption alignleft\"><a href=\"https:\/\/i0.wp.com\/www.eltrabajo.cl\/portal\/wp-content\/uploads\/2015\/09\/Curso1.jpg\"><img data-recalc-dims=\"1\" loading=\"lazy\" decoding=\"async\" class=\"wp-image-62400 size-medium\" src=\"https:\/\/i0.wp.com\/www.eltrabajo.cl\/portal\/wp-content\/uploads\/2015\/09\/Curso1-300x197.jpg?resize=300%2C197\" alt=\"HAY TIEMPO.- Los interesados en incorporarse a este curso, mismo que se impartir\u00e1 de las 16:00 a las 18:30 horas, pueden llamar al fono 84001605. \" width=\"300\" height=\"197\" srcset=\"https:\/\/i0.wp.com\/eltrabajo.cl\/portal\/wp-content\/uploads\/2015\/09\/Curso1.jpg?resize=300%2C197&amp;ssl=1 300w, https:\/\/i0.wp.com\/eltrabajo.cl\/portal\/wp-content\/uploads\/2015\/09\/Curso1.jpg?resize=200%2C131&amp;ssl=1 200w, https:\/\/i0.wp.com\/eltrabajo.cl\/portal\/wp-content\/uploads\/2015\/09\/Curso1.jpg?resize=228%2C150&amp;ssl=1 228w, https:\/\/i0.wp.com\/eltrabajo.cl\/portal\/wp-content\/uploads\/2015\/09\/Curso1.jpg?resize=400%2C263&amp;ssl=1 400w, https:\/\/i0.wp.com\/eltrabajo.cl\/portal\/wp-content\/uploads\/2015\/09\/Curso1.jpg?w=530&amp;ssl=1 530w\" sizes=\"auto, (max-width: 300px) 100vw, 300px\" \/><\/a><figcaption id=\"caption-attachment-62400\" class=\"wp-caption-text\">HAY TIEMPO.- Los interesados en incorporarse a este curso, mismo que se impartir\u00e1 de las 16:00 a las 18:30 horas, pueden llamar al fono 84001605.<\/figcaption><\/figure>\n<p>A partir del pr\u00f3ximo viernes 2 de octubre y hasta el 18 de diciembre en el Ciem Aconcagua, se estar\u00e1 impartiendo el Curso de Fotograf\u00eda 1, taller de introducci\u00f3n fotogr\u00e1fica que entrega las herramientas y principios b\u00e1sicos para la producci\u00f3n an\u00e1loga de fotograf\u00eda, introduciendo en un breve marco t\u00e9cnico y pr\u00e1ctico los principios fundamentales del aparato fotogr\u00e1fico, como la construcci\u00f3n de una c\u00e1mara estenop\u00e9ica, como tambi\u00e9n el revelado simple de negativos en papel fotosensible.<\/p>\n<figure id=\"attachment_62401\" aria-describedby=\"caption-attachment-62401\" style=\"width: 300px\" class=\"wp-caption alignright\"><a href=\"https:\/\/i0.wp.com\/www.eltrabajo.cl\/portal\/wp-content\/uploads\/2015\/09\/Waldo-Estuardo.jpg\"><img data-recalc-dims=\"1\" loading=\"lazy\" decoding=\"async\" class=\"wp-image-62401 size-medium\" src=\"https:\/\/i0.wp.com\/www.eltrabajo.cl\/portal\/wp-content\/uploads\/2015\/09\/Waldo-Estuardo-300x198.jpg?resize=300%2C198\" alt=\"Waldo Estuardo, profesor de Fotograf\u00eda que impartir\u00e1 este importante taller en el Ciem Aconcagua.\" width=\"300\" height=\"198\" srcset=\"https:\/\/i0.wp.com\/eltrabajo.cl\/portal\/wp-content\/uploads\/2015\/09\/Waldo-Estuardo.jpg?resize=300%2C198&amp;ssl=1 300w, https:\/\/i0.wp.com\/eltrabajo.cl\/portal\/wp-content\/uploads\/2015\/09\/Waldo-Estuardo.jpg?resize=200%2C132&amp;ssl=1 200w, https:\/\/i0.wp.com\/eltrabajo.cl\/portal\/wp-content\/uploads\/2015\/09\/Waldo-Estuardo.jpg?resize=228%2C150&amp;ssl=1 228w, https:\/\/i0.wp.com\/eltrabajo.cl\/portal\/wp-content\/uploads\/2015\/09\/Waldo-Estuardo.jpg?resize=400%2C263&amp;ssl=1 400w, https:\/\/i0.wp.com\/eltrabajo.cl\/portal\/wp-content\/uploads\/2015\/09\/Waldo-Estuardo.jpg?w=530&amp;ssl=1 530w\" sizes=\"auto, (max-width: 300px) 100vw, 300px\" \/><\/a><figcaption id=\"caption-attachment-62401\" class=\"wp-caption-text\">Waldo Estuardo, profesor de Fotograf\u00eda que impartir\u00e1 este importante taller en el Ciem Aconcagua.<\/figcaption><\/figure>\n<p>Diario El Trabajo habl\u00f3 con el profesor Waldo Andr\u00e9s Estuardo Calisto, quien es fot\u00f3grafo profesional y quien impartir\u00e1 este importante taller.<br \/>\n\u00abLos objetivos del taller son ense\u00f1ar principios b\u00e1sicos de producci\u00f3n fotogr\u00e1fica, confecci\u00f3n de una c\u00e1mara estenop\u00e9ica simple (c\u00e1mara oscura), revelado de negativo en papel fotogr\u00e1fico. Ser\u00e1n varias clases te\u00f3ricas y pr\u00e1cticas, introducci\u00f3n a la fotograf\u00eda, trabajo en laboratorio\u00bb.<br \/>\nLa mensualidad de estas clases es de $40.000, se imparten semanalmente y compromete tambi\u00e9n el aprender a trabajar las c\u00e1maras an\u00e1logas y digitales, as\u00ed como a revelar pel\u00edcula fotogr\u00e1fica, trabajo de cuarto oscuro e impresi\u00f3n de ellas en papel fotogr\u00e1fico.<br \/>\nWaldo Estuardo es egresado de licenciatura en artes pl\u00e1sticas menci\u00f3n fotograf\u00eda de la universidad de Chile. Ayudante del taller de Fotograf\u00eda y Proyecto para III a\u00f1o de especialidad en la Universidad de Chile. Trabaja en un curso electivo del Diplomado de Post\u00edtulo en Producci\u00f3n Gr\u00e1fica, V\u00eddeo y Fotograf\u00eda de la misma universidad.<br \/>\n<strong>Roberto Gonz\u00e1lez Short<\/strong><br \/>\n<strong>rgonzalez@eltrabajo.cl<\/strong><\/p>\n","protected":false},"excerpt":{"rendered":"<p>A partir del pr\u00f3ximo viernes 2 de octubre y hasta el 18 de diciembre en el Ciem Aconcagua, se estar\u00e1 impartiendo el Curso de Fotograf\u00eda 1, taller de introducci\u00f3n fotogr\u00e1fica que entrega&#8230;<\/p>\n","protected":false},"author":482,"featured_media":62400,"comment_status":"open","ping_status":"open","sticky":false,"template":"","format":"standard","meta":{"advanced_seo_description":"","jetpack_seo_html_title":"","jetpack_seo_noindex":false,"_jetpack_memberships_contains_paid_content":false,"footnotes":""},"categories":[1],"tags":[],"class_list":["post-62399","post","type-post","status-publish","format-standard","has-post-thumbnail","hentry","category-cronica"],"jetpack_featured_media_url":"https:\/\/i0.wp.com\/eltrabajo.cl\/portal\/wp-content\/uploads\/2015\/09\/Curso1.jpg?fit=530%2C348&ssl=1","jetpack_sharing_enabled":true,"jetpack_likes_enabled":true,"jetpack-related-posts":[],"_links":{"self":[{"href":"https:\/\/eltrabajo.cl\/portal\/wp-json\/wp\/v2\/posts\/62399","targetHints":{"allow":["GET"]}}],"collection":[{"href":"https:\/\/eltrabajo.cl\/portal\/wp-json\/wp\/v2\/posts"}],"about":[{"href":"https:\/\/eltrabajo.cl\/portal\/wp-json\/wp\/v2\/types\/post"}],"author":[{"embeddable":true,"href":"https:\/\/eltrabajo.cl\/portal\/wp-json\/wp\/v2\/users\/482"}],"replies":[{"embeddable":true,"href":"https:\/\/eltrabajo.cl\/portal\/wp-json\/wp\/v2\/comments?post=62399"}],"version-history":[{"count":0,"href":"https:\/\/eltrabajo.cl\/portal\/wp-json\/wp\/v2\/posts\/62399\/revisions"}],"wp:featuredmedia":[{"embeddable":true,"href":"https:\/\/eltrabajo.cl\/portal\/wp-json\/wp\/v2\/media\/62400"}],"wp:attachment":[{"href":"https:\/\/eltrabajo.cl\/portal\/wp-json\/wp\/v2\/media?parent=62399"}],"wp:term":[{"taxonomy":"category","embeddable":true,"href":"https:\/\/eltrabajo.cl\/portal\/wp-json\/wp\/v2\/categories?post=62399"},{"taxonomy":"post_tag","embeddable":true,"href":"https:\/\/eltrabajo.cl\/portal\/wp-json\/wp\/v2\/tags?post=62399"}],"curies":[{"name":"wp","href":"https:\/\/api.w.org\/{rel}","templated":true}]}}