{"id":62403,"date":"2015-09-29T09:44:37","date_gmt":"2015-09-29T12:44:37","guid":{"rendered":"http:\/\/www.eltrabajo.cl\/portal\/?p=62403"},"modified":"2015-09-29T09:44:37","modified_gmt":"2015-09-29T12:44:37","slug":"autoridades-reiteran-enfatico-rechazo-a-proyectos-que-alteren-el-patrimonio-ambiental","status":"publish","type":"post","link":"https:\/\/eltrabajo.cl\/portal\/autoridades-reiteran-enfatico-rechazo-a-proyectos-que-alteren-el-patrimonio-ambiental\/","title":{"rendered":"Autoridades reiteran enf\u00e1tico rechazo a proyectos que alteren el patrimonio ambiental"},"content":{"rendered":"<figure id=\"attachment_62404\" aria-describedby=\"caption-attachment-62404\" style=\"width: 300px\" class=\"wp-caption alignleft\"><a href=\"https:\/\/i0.wp.com\/www.eltrabajo.cl\/portal\/wp-content\/uploads\/2015\/09\/Seremi-junto-a-Concejo-Municipal.jpg\"><img data-recalc-dims=\"1\" loading=\"lazy\" decoding=\"async\" class=\"wp-image-62404 size-medium\" src=\"https:\/\/i0.wp.com\/www.eltrabajo.cl\/portal\/wp-content\/uploads\/2015\/09\/Seremi-junto-a-Concejo-Municipal-300x198.jpg?resize=300%2C198\" alt=\"El alcalde Guillermo Reyes en reuni\u00f3n junto a Consejeros, vecinos y el Seremi de Energ\u00eda, Jorge Olivares.\" width=\"300\" height=\"198\" srcset=\"https:\/\/i0.wp.com\/eltrabajo.cl\/portal\/wp-content\/uploads\/2015\/09\/Seremi-junto-a-Concejo-Municipal.jpg?resize=300%2C198&amp;ssl=1 300w, https:\/\/i0.wp.com\/eltrabajo.cl\/portal\/wp-content\/uploads\/2015\/09\/Seremi-junto-a-Concejo-Municipal.jpg?resize=200%2C132&amp;ssl=1 200w, https:\/\/i0.wp.com\/eltrabajo.cl\/portal\/wp-content\/uploads\/2015\/09\/Seremi-junto-a-Concejo-Municipal.jpg?resize=228%2C150&amp;ssl=1 228w, https:\/\/i0.wp.com\/eltrabajo.cl\/portal\/wp-content\/uploads\/2015\/09\/Seremi-junto-a-Concejo-Municipal.jpg?resize=400%2C263&amp;ssl=1 400w, https:\/\/i0.wp.com\/eltrabajo.cl\/portal\/wp-content\/uploads\/2015\/09\/Seremi-junto-a-Concejo-Municipal.jpg?w=530&amp;ssl=1 530w\" sizes=\"auto, (max-width: 300px) 100vw, 300px\" \/><\/a><figcaption id=\"caption-attachment-62404\" class=\"wp-caption-text\">El alcalde Guillermo Reyes en reuni\u00f3n junto a Consejeros, vecinos y el Seremi de Energ\u00eda, Jorge Olivares.<\/figcaption><\/figure>\n<ul>\n<li><strong>En positiva reuni\u00f3n junto al Seremi de Energ\u00eda; el alcalde Guillermo Reyes, Concejo Municipal, uniones comunales y grupos ambientalistas manifestaron un\u00e1nimemente su rechazo a proyectos hidrol\u00e9ctricos y mineros al interior de Los Patos.<\/strong><\/li>\n<\/ul>\n<p><strong>PUTAENDO.<\/strong>&#8211; Una importante reuni\u00f3n fue organizada por el Municipio y el Concejo Municipal, quienes convocaron a grupos ambientalistas y uniones comunales de Putaendo para tratar, junto al Seremi de Energ\u00eda Jorge Olivares, la posible instalaci\u00f3n de una central hidroel\u00e9ctrica de pasada que entubar\u00eda el agua del Roc\u00edn, secando por m\u00e1s de 13 kil\u00f3metros el lecho del r\u00edo.<\/p>\n<figure id=\"attachment_62405\" aria-describedby=\"caption-attachment-62405\" style=\"width: 300px\" class=\"wp-caption alignright\"><a href=\"https:\/\/i0.wp.com\/www.eltrabajo.cl\/portal\/wp-content\/uploads\/2015\/09\/RIO-ROCIN.jpg\"><img data-recalc-dims=\"1\" loading=\"lazy\" decoding=\"async\" class=\"wp-image-62405 size-medium\" src=\"https:\/\/i0.wp.com\/www.eltrabajo.cl\/portal\/wp-content\/uploads\/2015\/09\/RIO-ROCIN-300x198.jpg?resize=300%2C198\" alt=\"Este es el R\u00edo Roc\u00edn, lugar donde se emplazar\u00eda una central hidroel\u00e9ctrica.\" width=\"300\" height=\"198\" srcset=\"https:\/\/i0.wp.com\/eltrabajo.cl\/portal\/wp-content\/uploads\/2015\/09\/RIO-ROCIN.jpg?resize=300%2C198&amp;ssl=1 300w, https:\/\/i0.wp.com\/eltrabajo.cl\/portal\/wp-content\/uploads\/2015\/09\/RIO-ROCIN.jpg?resize=200%2C132&amp;ssl=1 200w, https:\/\/i0.wp.com\/eltrabajo.cl\/portal\/wp-content\/uploads\/2015\/09\/RIO-ROCIN.jpg?resize=228%2C150&amp;ssl=1 228w, https:\/\/i0.wp.com\/eltrabajo.cl\/portal\/wp-content\/uploads\/2015\/09\/RIO-ROCIN.jpg?resize=400%2C263&amp;ssl=1 400w, https:\/\/i0.wp.com\/eltrabajo.cl\/portal\/wp-content\/uploads\/2015\/09\/RIO-ROCIN.jpg?w=530&amp;ssl=1 530w\" sizes=\"auto, (max-width: 300px) 100vw, 300px\" \/><\/a><figcaption id=\"caption-attachment-62405\" class=\"wp-caption-text\">Este es el R\u00edo Roc\u00edn, lugar donde se emplazar\u00eda una central hidroel\u00e9ctrica.<\/figcaption><\/figure>\n<p>La convocatoria permiti\u00f3 que cada dirigente y autoridades pudieran expresar su opini\u00f3n y plantear interrogantes al Seremi; se\u00f1al\u00e1ndole que un proyecto de esta naturaleza generar\u00eda da\u00f1os devastadores con el medio ambiente y ecosistema de la zona. Los participantes, a su vez, revelaron que la empresa que pretende construir la central hidroel\u00e9ctrica, es la misma que estudia la opci\u00f3n de instalar una faena minera en el cauce del R\u00edo Roc\u00edn, gener\u00e1ndose una relaci\u00f3n de conveniencia entre ambos proyectos.<br \/>\nLos dirigentes sociales, ambientalistas, concejales y alcalde concordaron que este proyecto resultar\u00e1 da\u00f1ino para Putaendo, manifestando categ\u00f3ricamente su rechazo a cualquier actividad que afecte nuestro medioambiente y recursos naturales. \u201cQuiero expresar a la opini\u00f3n p\u00fablica que jam\u00e1s accederemos a que este proyecto se construya; tanto la central hidroel\u00e9ctrica de pasada, como el proyecto minero\u201d, enfatiz\u00f3 el alcalde Guillermo Reyes.<br \/>\nSin perjuicio de la clara postura de la comunidad y sus autoridades, por recomendaci\u00f3n e iniciativa del Seremi Olivares, pr\u00f3ximamente se realizar\u00e1 un ampliado con representantes de la empresa canadiense ligada a los dos proyectos, con la finalidad de permitirles entregar una explicaci\u00f3n a la comunidad. Seg\u00fan afirm\u00f3 el jefe comunal dicha reuni\u00f3n \u201cde modo alguno cambiar\u00e1 la opini\u00f3n de Putaendo respecto a este tipo de proyectos y su gran impacto en la comunidades\u201d, insisti\u00f3 Reyes.<\/p>\n","protected":false},"excerpt":{"rendered":"<p>En positiva reuni\u00f3n junto al Seremi de Energ\u00eda; el alcalde Guillermo Reyes, Concejo Municipal, uniones comunales y grupos ambientalistas manifestaron un\u00e1nimemente su rechazo a proyectos hidrol\u00e9ctricos y mineros al interior de Los&#8230;<\/p>\n","protected":false},"author":482,"featured_media":62404,"comment_status":"open","ping_status":"open","sticky":false,"template":"","format":"standard","meta":{"advanced_seo_description":"","jetpack_seo_html_title":"","jetpack_seo_noindex":false,"_jetpack_memberships_contains_paid_content":false,"footnotes":""},"categories":[1],"tags":[],"class_list":["post-62403","post","type-post","status-publish","format-standard","has-post-thumbnail","hentry","category-cronica"],"jetpack_featured_media_url":"https:\/\/i0.wp.com\/eltrabajo.cl\/portal\/wp-content\/uploads\/2015\/09\/Seremi-junto-a-Concejo-Municipal.jpg?fit=530%2C349&ssl=1","jetpack_sharing_enabled":true,"jetpack_likes_enabled":true,"jetpack-related-posts":[],"_links":{"self":[{"href":"https:\/\/eltrabajo.cl\/portal\/wp-json\/wp\/v2\/posts\/62403","targetHints":{"allow":["GET"]}}],"collection":[{"href":"https:\/\/eltrabajo.cl\/portal\/wp-json\/wp\/v2\/posts"}],"about":[{"href":"https:\/\/eltrabajo.cl\/portal\/wp-json\/wp\/v2\/types\/post"}],"author":[{"embeddable":true,"href":"https:\/\/eltrabajo.cl\/portal\/wp-json\/wp\/v2\/users\/482"}],"replies":[{"embeddable":true,"href":"https:\/\/eltrabajo.cl\/portal\/wp-json\/wp\/v2\/comments?post=62403"}],"version-history":[{"count":0,"href":"https:\/\/eltrabajo.cl\/portal\/wp-json\/wp\/v2\/posts\/62403\/revisions"}],"wp:featuredmedia":[{"embeddable":true,"href":"https:\/\/eltrabajo.cl\/portal\/wp-json\/wp\/v2\/media\/62404"}],"wp:attachment":[{"href":"https:\/\/eltrabajo.cl\/portal\/wp-json\/wp\/v2\/media?parent=62403"}],"wp:term":[{"taxonomy":"category","embeddable":true,"href":"https:\/\/eltrabajo.cl\/portal\/wp-json\/wp\/v2\/categories?post=62403"},{"taxonomy":"post_tag","embeddable":true,"href":"https:\/\/eltrabajo.cl\/portal\/wp-json\/wp\/v2\/tags?post=62403"}],"curies":[{"name":"wp","href":"https:\/\/api.w.org\/{rel}","templated":true}]}}