{"id":62407,"date":"2015-09-29T09:47:27","date_gmt":"2015-09-29T12:47:27","guid":{"rendered":"http:\/\/www.eltrabajo.cl\/portal\/?p=62407"},"modified":"2015-09-29T09:47:27","modified_gmt":"2015-09-29T12:47:27","slug":"con-carnaval-de-carros-alegoricos-parroquia-san-antonio-de-padua-celebra-semana-de-la-familia","status":"publish","type":"post","link":"https:\/\/eltrabajo.cl\/portal\/con-carnaval-de-carros-alegoricos-parroquia-san-antonio-de-padua-celebra-semana-de-la-familia\/","title":{"rendered":"Con carnaval de carros aleg\u00f3ricos Parroquia San Antonio de Padua celebra Semana de la Familia"},"content":{"rendered":"<figure id=\"attachment_62408\" aria-describedby=\"caption-attachment-62408\" style=\"width: 300px\" class=\"wp-caption alignleft\"><a href=\"https:\/\/i0.wp.com\/www.eltrabajo.cl\/portal\/wp-content\/uploads\/2015\/09\/Celebracion-mes-de-la-familia-1.jpg\"><img data-recalc-dims=\"1\" loading=\"lazy\" decoding=\"async\" class=\"wp-image-62408 size-medium\" src=\"https:\/\/i0.wp.com\/www.eltrabajo.cl\/portal\/wp-content\/uploads\/2015\/09\/Celebracion-mes-de-la-familia-1-300x198.jpg?resize=300%2C198\" alt=\"Durante la ma\u00f1ana del domingo, bellos carros aleg\u00f3ricos hermosearon el centro de Putaendo por las celebraciones de la Semana de la Familia.\" width=\"300\" height=\"198\" srcset=\"https:\/\/i0.wp.com\/eltrabajo.cl\/portal\/wp-content\/uploads\/2015\/09\/Celebracion-mes-de-la-familia-1.jpg?resize=300%2C198&amp;ssl=1 300w, https:\/\/i0.wp.com\/eltrabajo.cl\/portal\/wp-content\/uploads\/2015\/09\/Celebracion-mes-de-la-familia-1.jpg?resize=200%2C132&amp;ssl=1 200w, https:\/\/i0.wp.com\/eltrabajo.cl\/portal\/wp-content\/uploads\/2015\/09\/Celebracion-mes-de-la-familia-1.jpg?resize=227%2C150&amp;ssl=1 227w, https:\/\/i0.wp.com\/eltrabajo.cl\/portal\/wp-content\/uploads\/2015\/09\/Celebracion-mes-de-la-familia-1.jpg?resize=400%2C264&amp;ssl=1 400w, https:\/\/i0.wp.com\/eltrabajo.cl\/portal\/wp-content\/uploads\/2015\/09\/Celebracion-mes-de-la-familia-1.jpg?w=530&amp;ssl=1 530w\" sizes=\"auto, (max-width: 300px) 100vw, 300px\" \/><\/a><figcaption id=\"caption-attachment-62408\" class=\"wp-caption-text\">Durante la ma\u00f1ana del domingo, bellos carros aleg\u00f3ricos hermosearon el centro de Putaendo por las celebraciones de la Semana de la Familia.<\/figcaption><\/figure>\n<ul>\n<li><strong>\u201cEn esta celebraci\u00f3n juntos rezamos al Se\u00f1or por nuestras familias y por nuestra comuna de Putaendo\u201d, precis\u00f3 el Padre Pedro Salinas.<\/strong><\/li>\n<\/ul>\n<p><strong>PUTAENDO.<\/strong>&#8211; La ma\u00f1ana de este domingo el centro de Putaendo se llen\u00f3 de alegr\u00eda y colores, y es que la Parroquia San Antonio de Padua y sus diferentes comunidades quisieron iniciar a lo grande las celebraciones de la Semana de la Familia.<br \/>\nDesde temprano, las comunidades cristianas que conforman la Parroquia San Antonio de Padua de Putaendo se reunieron en sus respectivas alianzas con llamativos carros aleg\u00f3ricos, brindando una comparsa festiva a los habitantes de nuestra comuna que aplaud\u00edan la iniciativa parroquial.<\/p>\n<figure id=\"attachment_62409\" aria-describedby=\"caption-attachment-62409\" style=\"width: 300px\" class=\"wp-caption alignright\"><a href=\"https:\/\/i0.wp.com\/www.eltrabajo.cl\/portal\/wp-content\/uploads\/2015\/09\/Celebracion-mes-de-la-familia-2.jpg\"><img data-recalc-dims=\"1\" loading=\"lazy\" decoding=\"async\" class=\"wp-image-62409 size-medium\" src=\"https:\/\/i0.wp.com\/www.eltrabajo.cl\/portal\/wp-content\/uploads\/2015\/09\/Celebracion-mes-de-la-familia-2-300x198.jpg?resize=300%2C198\" alt=\"La Parroquia San Antonio de Padua y sus diferentes comunidades iniciaron las celebraciones a lo grande.\" width=\"300\" height=\"198\" srcset=\"https:\/\/i0.wp.com\/eltrabajo.cl\/portal\/wp-content\/uploads\/2015\/09\/Celebracion-mes-de-la-familia-2.jpg?resize=300%2C198&amp;ssl=1 300w, https:\/\/i0.wp.com\/eltrabajo.cl\/portal\/wp-content\/uploads\/2015\/09\/Celebracion-mes-de-la-familia-2.jpg?resize=200%2C132&amp;ssl=1 200w, https:\/\/i0.wp.com\/eltrabajo.cl\/portal\/wp-content\/uploads\/2015\/09\/Celebracion-mes-de-la-familia-2.jpg?resize=227%2C150&amp;ssl=1 227w, https:\/\/i0.wp.com\/eltrabajo.cl\/portal\/wp-content\/uploads\/2015\/09\/Celebracion-mes-de-la-familia-2.jpg?resize=400%2C264&amp;ssl=1 400w, https:\/\/i0.wp.com\/eltrabajo.cl\/portal\/wp-content\/uploads\/2015\/09\/Celebracion-mes-de-la-familia-2.jpg?w=530&amp;ssl=1 530w\" sizes=\"auto, (max-width: 300px) 100vw, 300px\" \/><\/a><figcaption id=\"caption-attachment-62409\" class=\"wp-caption-text\">La Parroquia San Antonio de Padua y sus diferentes comunidades iniciaron las celebraciones a lo grande.<\/figcaption><\/figure>\n<p>Grandes y peque\u00f1os compartieron el sentimiento de alegr\u00eda que despu\u00e9s se reflej\u00f3 en la misa dominical, encabezada por el Padre Pedro Salinas y que se efectu\u00f3 en el frontis del templo en presencia de la Virgen del Carmen.<br \/>\nEl p\u00e1rroco de Putaendo destac\u00f3 el entusiasmo de las distintas comunidades \u201cya que incluso para esta actividad hay una preparaci\u00f3n de meses, lo que demuestra el compromiso de nuestros vecinos con su iglesia\u201d, declar\u00f3 el sacerdote.<br \/>\n\u201cHoy nos sentimos m\u00e1s cercanos en torno a la familia, que es el n\u00facleo central de la sociedad, por eso para nosotros como iglesia es tan importante valorarla\u201d, concluy\u00f3 el Padre Pedro.<br \/>\n<strong>Patricio Gallardo M.<\/strong><\/p>\n","protected":false},"excerpt":{"rendered":"<p>\u201cEn esta celebraci\u00f3n juntos rezamos al Se\u00f1or por nuestras familias y por nuestra comuna de Putaendo\u201d, precis\u00f3 el Padre Pedro Salinas. PUTAENDO.&#8211; La ma\u00f1ana de este domingo el centro de Putaendo se&#8230;<\/p>\n","protected":false},"author":482,"featured_media":62408,"comment_status":"open","ping_status":"open","sticky":false,"template":"","format":"standard","meta":{"advanced_seo_description":"","jetpack_seo_html_title":"","jetpack_seo_noindex":false,"_jetpack_memberships_contains_paid_content":false,"footnotes":""},"categories":[1],"tags":[],"class_list":["post-62407","post","type-post","status-publish","format-standard","has-post-thumbnail","hentry","category-cronica"],"jetpack_featured_media_url":"https:\/\/i0.wp.com\/eltrabajo.cl\/portal\/wp-content\/uploads\/2015\/09\/Celebracion-mes-de-la-familia-1.jpg?fit=530%2C350&ssl=1","jetpack_sharing_enabled":true,"jetpack_likes_enabled":true,"jetpack-related-posts":[],"_links":{"self":[{"href":"https:\/\/eltrabajo.cl\/portal\/wp-json\/wp\/v2\/posts\/62407","targetHints":{"allow":["GET"]}}],"collection":[{"href":"https:\/\/eltrabajo.cl\/portal\/wp-json\/wp\/v2\/posts"}],"about":[{"href":"https:\/\/eltrabajo.cl\/portal\/wp-json\/wp\/v2\/types\/post"}],"author":[{"embeddable":true,"href":"https:\/\/eltrabajo.cl\/portal\/wp-json\/wp\/v2\/users\/482"}],"replies":[{"embeddable":true,"href":"https:\/\/eltrabajo.cl\/portal\/wp-json\/wp\/v2\/comments?post=62407"}],"version-history":[{"count":0,"href":"https:\/\/eltrabajo.cl\/portal\/wp-json\/wp\/v2\/posts\/62407\/revisions"}],"wp:featuredmedia":[{"embeddable":true,"href":"https:\/\/eltrabajo.cl\/portal\/wp-json\/wp\/v2\/media\/62408"}],"wp:attachment":[{"href":"https:\/\/eltrabajo.cl\/portal\/wp-json\/wp\/v2\/media?parent=62407"}],"wp:term":[{"taxonomy":"category","embeddable":true,"href":"https:\/\/eltrabajo.cl\/portal\/wp-json\/wp\/v2\/categories?post=62407"},{"taxonomy":"post_tag","embeddable":true,"href":"https:\/\/eltrabajo.cl\/portal\/wp-json\/wp\/v2\/tags?post=62407"}],"curies":[{"name":"wp","href":"https:\/\/api.w.org\/{rel}","templated":true}]}}