{"id":62412,"date":"2015-09-29T09:50:03","date_gmt":"2015-09-29T12:50:03","guid":{"rendered":"http:\/\/www.eltrabajo.cl\/portal\/?p=62412"},"modified":"2015-09-29T09:50:03","modified_gmt":"2015-09-29T12:50:03","slug":"por-amplia-mayoria-vecinos-de-el-senorial-votaron-por-mantener-diseno-de-calle-julio-montero","status":"publish","type":"post","link":"https:\/\/eltrabajo.cl\/portal\/por-amplia-mayoria-vecinos-de-el-senorial-votaron-por-mantener-diseno-de-calle-julio-montero\/","title":{"rendered":"Por amplia mayor\u00eda, vecinos de El Se\u00f1orial votaron por mantener dise\u00f1o de calle Julio Montero"},"content":{"rendered":"<figure id=\"attachment_62413\" aria-describedby=\"caption-attachment-62413\" style=\"width: 300px\" class=\"wp-caption alignleft\"><a href=\"https:\/\/i0.wp.com\/www.eltrabajo.cl\/portal\/wp-content\/uploads\/2015\/09\/votacion.jpg\"><img data-recalc-dims=\"1\" loading=\"lazy\" decoding=\"async\" class=\"wp-image-62413 size-medium\" src=\"https:\/\/i0.wp.com\/www.eltrabajo.cl\/portal\/wp-content\/uploads\/2015\/09\/votacion-300x197.jpg?resize=300%2C197\" alt=\"La votaci\u00f3n se realiz\u00f3 el d\u00eda viernes, entregando como resultado que 73 vecinos votaron por mantener las caracter\u00edsticas actuales de la calle Julio Montero.\" width=\"300\" height=\"197\" srcset=\"https:\/\/i0.wp.com\/eltrabajo.cl\/portal\/wp-content\/uploads\/2015\/09\/votacion.jpg?resize=300%2C197&amp;ssl=1 300w, https:\/\/i0.wp.com\/eltrabajo.cl\/portal\/wp-content\/uploads\/2015\/09\/votacion.jpg?resize=200%2C131&amp;ssl=1 200w, https:\/\/i0.wp.com\/eltrabajo.cl\/portal\/wp-content\/uploads\/2015\/09\/votacion.jpg?resize=228%2C150&amp;ssl=1 228w, https:\/\/i0.wp.com\/eltrabajo.cl\/portal\/wp-content\/uploads\/2015\/09\/votacion.jpg?resize=400%2C263&amp;ssl=1 400w, https:\/\/i0.wp.com\/eltrabajo.cl\/portal\/wp-content\/uploads\/2015\/09\/votacion.jpg?w=530&amp;ssl=1 530w\" sizes=\"auto, (max-width: 300px) 100vw, 300px\" \/><\/a><figcaption id=\"caption-attachment-62413\" class=\"wp-caption-text\">La votaci\u00f3n se realiz\u00f3 el d\u00eda viernes, entregando como resultado que 73 vecinos votaron por mantener las caracter\u00edsticas actuales de la calle Julio Montero.<\/figcaption><\/figure>\n<ul>\n<li><strong>Plebiscito realizado en la tarde del viernes, se enmarca en la pol\u00edtica de participaci\u00f3n que ha impulsado el alcalde Patricio Freire.<\/strong><\/li>\n<\/ul>\n<p>Un total de 108 vecinos participaron la tarde del viernes del plebiscito desarrollado por la Municipalidad de San Felipe en el sector de la villa El Se\u00f1orial, donde se defini\u00f3 cu\u00e1les ser\u00e1n las caracter\u00edsticas del dise\u00f1o de mejoramiento de la calle Julio Montero, una de las arterias m\u00e1s importantes de este denso sector residencial.<br \/>\nAs\u00ed lo inform\u00f3 la Municipalidad de San Felipe se\u00f1alando que a las 15 horas y tal como se les anunci\u00f3 a trav\u00e9s de redes sociales, medios de comunicaci\u00f3n y mediante volantes distribuidos en las inmediaciones de Julio Montero, se inici\u00f3 el plebiscito donde la din\u00e1mica definida por el municipio y la Junta de Vecinos consider\u00f3 que a su arribo, los vecinos fuesen recibiendo, de parte de funcionarios de la Secretar\u00eda Comunal de Planificaci\u00f3n, informaci\u00f3n sobre las caracter\u00edsticas de las dos opciones de dise\u00f1o.<br \/>\nLas dos posibilidades que se sometieron a la votaci\u00f3n de los vecinos, consideraban la mantenci\u00f3n de las actuales caracter\u00edsticas de la calle, realizando solo obras de pavimentaci\u00f3n y reposici\u00f3n de veredas; y el segundo eliminando el bandej\u00f3n central, con cableado subterr\u00e1neo y ciclov\u00edas.<br \/>\nTras cerrarse la votaci\u00f3n, cerca de las 20 horas, se inici\u00f3 el conteo de votos que estableci\u00f3 que finalmente, 73 vecinos votaron por la primera opci\u00f3n, mientras que 35 votaron por la segunda opci\u00f3n.<br \/>\nEl alcalde Patricio Freire, junto con valorar el proceso de participaci\u00f3n ciudadana como base para la definici\u00f3n de las caracter\u00edsticas de este proyecto, as\u00ed como de otros que impulsa la municipalidad, se\u00f1al\u00f3 que la postura de los vecinos ser\u00e1 la que en definitiva marcar\u00e1 el destino del proyecto que se elaborar\u00e1 para postular a fondos que permitan su ejecuci\u00f3n.<br \/>\n\u201cEstamos muy contentos porque nuevamente estamos demostrando con acciones concretas que esta es la comuna de todas y de todos, donde las decisiones en torno a los proyectos de desarrollo efectivamente se toman con la participaci\u00f3n de los vecinos. En este caso, fueron 108 los residentes de este sector que llegaron y que se involucraron en este proceso\u201d, expres\u00f3 el alcalde Freire.<br \/>\nA\u00f1adi\u00f3 en este sentido que \u201cagradecemos el respaldo de la junta de vecinos de El Se\u00f1orial, pues sus dirigentes asumieron un rol activo y eso lo valoramos much\u00edsimo, pues al tener organizaciones activas, que se involucran, sabemos que las acciones que impulsamos se ven fortalecidas\u201d.<br \/>\nDe esta manera, el dise\u00f1o de mejoramiento de la calle Julio Montero, considera la repavimentaci\u00f3n de la arteria, que en sus 910 metros de largo registra un total de 50 hoyos o eventos, adem\u00e1s de mejorar el bandej\u00f3n central y las veredas.<\/p>\n","protected":false},"excerpt":{"rendered":"<p>Plebiscito realizado en la tarde del viernes, se enmarca en la pol\u00edtica de participaci\u00f3n que ha impulsado el alcalde Patricio Freire. Un total de 108 vecinos participaron la tarde del viernes del&#8230;<\/p>\n","protected":false},"author":482,"featured_media":62413,"comment_status":"open","ping_status":"open","sticky":false,"template":"","format":"standard","meta":{"advanced_seo_description":"","jetpack_seo_html_title":"","jetpack_seo_noindex":false,"_jetpack_memberships_contains_paid_content":false,"footnotes":""},"categories":[1],"tags":[],"class_list":["post-62412","post","type-post","status-publish","format-standard","has-post-thumbnail","hentry","category-cronica"],"jetpack_featured_media_url":"https:\/\/i0.wp.com\/eltrabajo.cl\/portal\/wp-content\/uploads\/2015\/09\/votacion.jpg?fit=530%2C348&ssl=1","jetpack_sharing_enabled":true,"jetpack_likes_enabled":true,"jetpack-related-posts":[],"_links":{"self":[{"href":"https:\/\/eltrabajo.cl\/portal\/wp-json\/wp\/v2\/posts\/62412","targetHints":{"allow":["GET"]}}],"collection":[{"href":"https:\/\/eltrabajo.cl\/portal\/wp-json\/wp\/v2\/posts"}],"about":[{"href":"https:\/\/eltrabajo.cl\/portal\/wp-json\/wp\/v2\/types\/post"}],"author":[{"embeddable":true,"href":"https:\/\/eltrabajo.cl\/portal\/wp-json\/wp\/v2\/users\/482"}],"replies":[{"embeddable":true,"href":"https:\/\/eltrabajo.cl\/portal\/wp-json\/wp\/v2\/comments?post=62412"}],"version-history":[{"count":0,"href":"https:\/\/eltrabajo.cl\/portal\/wp-json\/wp\/v2\/posts\/62412\/revisions"}],"wp:featuredmedia":[{"embeddable":true,"href":"https:\/\/eltrabajo.cl\/portal\/wp-json\/wp\/v2\/media\/62413"}],"wp:attachment":[{"href":"https:\/\/eltrabajo.cl\/portal\/wp-json\/wp\/v2\/media?parent=62412"}],"wp:term":[{"taxonomy":"category","embeddable":true,"href":"https:\/\/eltrabajo.cl\/portal\/wp-json\/wp\/v2\/categories?post=62412"},{"taxonomy":"post_tag","embeddable":true,"href":"https:\/\/eltrabajo.cl\/portal\/wp-json\/wp\/v2\/tags?post=62412"}],"curies":[{"name":"wp","href":"https:\/\/api.w.org\/{rel}","templated":true}]}}