{"id":62415,"date":"2015-09-29T09:54:57","date_gmt":"2015-09-29T12:54:57","guid":{"rendered":"http:\/\/www.eltrabajo.cl\/portal\/?p=62415"},"modified":"2015-09-29T11:21:19","modified_gmt":"2015-09-29T14:21:19","slug":"tension-desata-delincuente-que-amenazaba-con-lanzarse-de-15-metros-de-altura","status":"publish","type":"post","link":"https:\/\/eltrabajo.cl\/portal\/tension-desata-delincuente-que-amenazaba-con-lanzarse-de-15-metros-de-altura\/","title":{"rendered":"Tensi\u00f3n desata delincuente que amenazaba con lanzarse de 15 metros de altura"},"content":{"rendered":"<figure id=\"attachment_62416\" aria-describedby=\"caption-attachment-62416\" style=\"width: 300px\" class=\"wp-caption alignleft\"><a href=\"https:\/\/i0.wp.com\/www.eltrabajo.cl\/portal\/wp-content\/uploads\/2015\/09\/altura-1.jpg\"><img data-recalc-dims=\"1\" loading=\"lazy\" decoding=\"async\" class=\"wp-image-62416 size-medium\" src=\"https:\/\/i0.wp.com\/www.eltrabajo.cl\/portal\/wp-content\/uploads\/2015\/09\/altura-1-300x197.jpg?resize=300%2C197\" alt=\"Un voluntario de Bomberos trata de dialogar con el delincuente para deponer su acci\u00f3n y se entregue a Carabineros.\" width=\"300\" height=\"197\" srcset=\"https:\/\/i0.wp.com\/eltrabajo.cl\/portal\/wp-content\/uploads\/2015\/09\/altura-1.jpg?resize=300%2C197&amp;ssl=1 300w, https:\/\/i0.wp.com\/eltrabajo.cl\/portal\/wp-content\/uploads\/2015\/09\/altura-1.jpg?resize=200%2C131&amp;ssl=1 200w, https:\/\/i0.wp.com\/eltrabajo.cl\/portal\/wp-content\/uploads\/2015\/09\/altura-1.jpg?resize=228%2C150&amp;ssl=1 228w, https:\/\/i0.wp.com\/eltrabajo.cl\/portal\/wp-content\/uploads\/2015\/09\/altura-1.jpg?resize=400%2C263&amp;ssl=1 400w, https:\/\/i0.wp.com\/eltrabajo.cl\/portal\/wp-content\/uploads\/2015\/09\/altura-1.jpg?w=530&amp;ssl=1 530w\" sizes=\"auto, (max-width: 300px) 100vw, 300px\" \/><\/a><figcaption id=\"caption-attachment-62416\" class=\"wp-caption-text\">Un voluntario de Bomberos trata de dialogar con el delincuente para deponer su acci\u00f3n y se entregue a Carabineros.<\/figcaption><\/figure>\n<ul>\n<li><strong>Sebasti\u00e1n Mella Mu\u00f1oz (20) escap\u00f3 desde villa Departamental luego de asaltar a un repartidor de gas licuado, hiri\u00e9ndolo con un cuchillo. Perseguido por la polic\u00eda, el delincuente huy\u00f3 cruzando el r\u00edo hasta llegar a la techumbre del gimnasio del\u00a0<span style=\"line-height: 1.5;\">Colegio Alem\u00e1n donde amenaz\u00f3 suicidarse para evitar su captura.<\/span><\/strong><\/li>\n<\/ul>\n<p>Momentos de alta tensi\u00f3n y complejidad se vivieron al interior del Colegio Alem\u00e1n de San Felipe, luego del ingreso clandestino de un delincuente de 20 a\u00f1os de edad que escapaba de Carabineros. El sujeto escal\u00f3 hasta la techumbre del Gimnasio de ese establecimiento, amenazando con lanzarse al vac\u00edo para no ser capturado luego de haber protagonizado un asalto a un repartidor de gas a quien hiri\u00f3 con un cuchillo en la villa Departamental de San Felipe.<br \/>\nLos hechos comenzaron a desarrollarse a eso de las 15:20 horas de ayer lunes, cuando el peligroso antisocial identificado como Sebasti\u00e1n Mella Mu\u00f1oz, intercept\u00f3 a un trabajador que vend\u00eda gas licuado en su camioneta, a quien intimid\u00f3 con un arma blanca para que le hiciera entrega de su billetera, inici\u00e1ndose un forcejeo entre ambos donde la v\u00edctima result\u00f3 herida en el t\u00f3rax luego de recibir una estocada por parte del sujeto, quien escap\u00f3 sin lograr apoderarse del dinero de la v\u00edctima.<br \/>\nTras la comisi\u00f3n de este delito, personal de Carabineros se traslad\u00f3 hasta ese sector luego de la llamada de auxilio que posteriormente efectu\u00f3 la v\u00edctima, logrando la individualizaci\u00f3n del asaltante, quien al advertir la presencia policial escap\u00f3 por la v\u00eda p\u00fablica en direcci\u00f3n a la ribera del r\u00edo Aconcagua; sin embargo, al verse acorralado por los efectivos policiales que se apostaron motorizados, en patrullas y adem\u00e1s del personal de la SIP, el antisocial cruz\u00f3 el r\u00edo hasta llegar a la ruta 60 CH.<br \/>\nLa persecuci\u00f3n continu\u00f3 luego que el delincuente irrumpiera en las instalaciones del Colegio Alem\u00e1n de San Felipe, escalando 15 metros de altura, llegando hasta la techumbre donde permaneci\u00f3 por varios minutos amenazando lanzarse al vac\u00edo para evitar su captura.<\/p>\n<p><strong>Nerviosismo en altura<\/strong><br \/>\nLa tensi\u00f3n fue aumentando luego que Carabineros solicitara apoyo de la Unidad de Rescate de Bomberos de San Felipe y tambi\u00e9n de otras unidades Bomberiles, quienes acudieron a la emergencia en conjunto con personal del Samu, tras advertir que el sujeto comenz\u00f3 a autoinferirse estocadas en su abdomen, cuya sangre comenzaba a caer desde las alturas mientras el gran equipo de emergencias vislumbraba qu\u00e9 hacer para lograr convencer al sujeto que descendiera ante las graves amenazas de muerte.<\/p>\n<p><strong>\u2018Madre hay una sola\u2019<\/strong><br \/>\nSin embargo la polic\u00eda contact\u00f3 a la madre del delincuente, quien tras su aparici\u00f3n en el lugar de los hechos, alz\u00f3 la voz a su hijo para que descendiera desde las alturas, logrando convencerlo de que estaba exponiendo su vida. Esta intervenci\u00f3n fue crucial para que Bomberos pudiera acceder con la unidad de rescates y lograr capturar al sujeto que fue arrestado por Carabineros.<br \/>\nCabe mencionar que durante estas diligencias, los alumnos del Colegio Alem\u00e1n debieron ser evacuados del recinto deportivo, aisl\u00e1ndolos del lugar de los hechos, ante las graves amenazas del delincuente, donde podr\u00edan haberse involucrado los menores que asisten a ese establecimiento educacional.<br \/>\nNo obstante, luego de la detenci\u00f3n de Sebasti\u00e1n Mella Mu\u00f1oz, la Comisario de Carabineros, Mayor Maureen Espinoza, indic\u00f3 que el imputado fue conducido hasta el servicio de urgencias del Hospital San Camilo de San Felipe, producto de las heridas cortantes que presentaba en su cuerpo. En tanto la v\u00edctima del delito result\u00f3 con una lesi\u00f3n leve, sin riesgo vital.<br \/>\nLa oficial precis\u00f3 que este sujeto cuenta con un amplio prontuario delictivo por delito de robos: \u201cEstuvo cumpliendo una condena en la c\u00e1rcel de Los Andes, ahora debemos esperar lo que disponga la Fiscal\u00eda. Cabe destacar el procedimiento de Carabineros luego de constituirse inmediatamente donde estaba aconteciendo este robo con violencia, lo que permite la detenci\u00f3n sin hacer uso de arma de fuego sin causar otro da\u00f1o ni lesiones. Es v\u00e1lido hacer presente el apoyo del personal Samu y de Bomberos, quienes nos brindaron la seguridad para que no ocurrieran otros accidentes\u201d, se\u00f1al\u00f3 la Comisario Espinoza.<br \/>\nMella Mu\u00f1oz ser\u00e1 conducido esta ma\u00f1ana hasta las dependencias del Juzgado de Garant\u00eda de San Felipe para ser formalizado por la Fiscal\u00eda por el delito de robo con violencia e intimidaci\u00f3n.<br \/>\n<strong>Pablo Salinas Sald\u00edas<\/strong><\/p>\n<p><iframe loading=\"lazy\" src=\"https:\/\/www.youtube.com\/embed\/gtZffC9PvT0\" width=\"530\" height=\"298\" frameborder=\"0\" allowfullscreen=\"allowfullscreen\"><\/iframe><br \/>\n<div class=\"tiled-gallery type-rectangular tiled-gallery-unresized\" data-original-width=\"640\" data-carousel-extra='null' itemscope itemtype=\"http:\/\/schema.org\/ImageGallery\" > <div class=\"gallery-row\" style=\"width: 640px; height: 283px;\" data-original-width=\"640\" data-original-height=\"283\" > <div class=\"gallery-group images-1\" style=\"width: 427px; height: 283px;\" data-original-width=\"427\" data-original-height=\"283\" > <div class=\"tiled-gallery-item tiled-gallery-item-large\" itemprop=\"associatedMedia\" itemscope itemtype=\"http:\/\/schema.org\/ImageObject\"> <a href=\"https:\/\/eltrabajo.cl\/portal\/tension-desata-delincuente-que-amenazaba-con-lanzarse-de-15-metros-de-altura\/altura-2\/\" border=\"0\" itemprop=\"url\"> <meta itemprop=\"width\" content=\"423\"> <meta itemprop=\"height\" content=\"279\"> <img decoding=\"async\" class=\"\" data-attachment-id=\"62417\" data-orig-file=\"https:\/\/eltrabajo.cl\/portal\/wp-content\/uploads\/2015\/09\/altura-2.jpg\" data-orig-size=\"530,350\" data-comments-opened=\"1\" data-image-meta=\"{&quot;aperture&quot;:&quot;0&quot;,&quot;credit&quot;:&quot;&quot;,&quot;camera&quot;:&quot;&quot;,&quot;caption&quot;:&quot;&quot;,&quot;created_timestamp&quot;:&quot;0&quot;,&quot;copyright&quot;:&quot;&quot;,&quot;focal_length&quot;:&quot;0&quot;,&quot;iso&quot;:&quot;0&quot;,&quot;shutter_speed&quot;:&quot;0&quot;,&quot;title&quot;:&quot;&quot;,&quot;orientation&quot;:&quot;0&quot;}\" data-image-title=\"altura 2\" data-image-description=\"&lt;p&gt;El antisocial desde 15 metros de altura en el borde del Gimnasio del Colegio Alem\u00e1n de San Felipe.&lt;\/p&gt; \" data-medium-file=\"https:\/\/i0.wp.com\/eltrabajo.cl\/portal\/wp-content\/uploads\/2015\/09\/altura-2.jpg?fit=300%2C198&#038;ssl=1\" data-large-file=\"https:\/\/i0.wp.com\/eltrabajo.cl\/portal\/wp-content\/uploads\/2015\/09\/altura-2.jpg?fit=530%2C350&#038;ssl=1\" src=\"https:\/\/i0.wp.com\/eltrabajo.cl\/portal\/wp-content\/uploads\/2015\/09\/altura-2.jpg?w=423&#038;h=279&#038;ssl=1\" srcset=\"https:\/\/i0.wp.com\/eltrabajo.cl\/portal\/wp-content\/uploads\/2015\/09\/altura-2.jpg?w=530&amp;ssl=1 530w, https:\/\/i0.wp.com\/eltrabajo.cl\/portal\/wp-content\/uploads\/2015\/09\/altura-2.jpg?resize=200%2C132&amp;ssl=1 200w, https:\/\/i0.wp.com\/eltrabajo.cl\/portal\/wp-content\/uploads\/2015\/09\/altura-2.jpg?resize=300%2C198&amp;ssl=1 300w, https:\/\/i0.wp.com\/eltrabajo.cl\/portal\/wp-content\/uploads\/2015\/09\/altura-2.jpg?resize=227%2C150&amp;ssl=1 227w, https:\/\/i0.wp.com\/eltrabajo.cl\/portal\/wp-content\/uploads\/2015\/09\/altura-2.jpg?resize=400%2C264&amp;ssl=1 400w\" width=\"423\" height=\"279\" loading=\"lazy\" data-original-width=\"423\" data-original-height=\"279\" itemprop=\"http:\/\/schema.org\/image\" title=\"altura 2\" alt=\"El antisocial desde 15 metros de altura en el borde del Gimnasio del Colegio Alem\u00e1n de San Felipe.\" style=\"width: 423px; height: 279px;\" \/> <\/a> <div class=\"tiled-gallery-caption\" itemprop=\"caption description\"> El antisocial desde 15 metros de altura en el borde del Gimnasio del Colegio Alem\u00e1n de San Felipe. <\/div> <\/div> <\/div> <!-- close group --> <div class=\"gallery-group images-2\" style=\"width: 213px; height: 283px;\" data-original-width=\"213\" data-original-height=\"283\" > <div class=\"tiled-gallery-item tiled-gallery-item-small\" itemprop=\"associatedMedia\" itemscope itemtype=\"http:\/\/schema.org\/ImageObject\"> <a href=\"https:\/\/eltrabajo.cl\/portal\/tension-desata-delincuente-que-amenazaba-con-lanzarse-de-15-metros-de-altura\/sangre-2\/\" border=\"0\" itemprop=\"url\"> <meta itemprop=\"width\" content=\"209\"> <meta itemprop=\"height\" content=\"137\"> <img decoding=\"async\" class=\"\" data-attachment-id=\"62418\" data-orig-file=\"https:\/\/eltrabajo.cl\/portal\/wp-content\/uploads\/2015\/09\/SANGRE.jpg\" data-orig-size=\"530,348\" data-comments-opened=\"1\" data-image-meta=\"{&quot;aperture&quot;:&quot;0&quot;,&quot;credit&quot;:&quot;&quot;,&quot;camera&quot;:&quot;&quot;,&quot;caption&quot;:&quot;&quot;,&quot;created_timestamp&quot;:&quot;0&quot;,&quot;copyright&quot;:&quot;&quot;,&quot;focal_length&quot;:&quot;0&quot;,&quot;iso&quot;:&quot;0&quot;,&quot;shutter_speed&quot;:&quot;0&quot;,&quot;title&quot;:&quot;&quot;,&quot;orientation&quot;:&quot;0&quot;}\" data-image-title=\"SANGRE\" data-image-description=\"&lt;p&gt;Las gotas de sangre que emanaban del cuerpo del antisocial mientras se encontraba en las alturas luego de autoinferirse estocadas en el cuerpo.&lt;\/p&gt; \" data-medium-file=\"https:\/\/i0.wp.com\/eltrabajo.cl\/portal\/wp-content\/uploads\/2015\/09\/SANGRE.jpg?fit=300%2C197&#038;ssl=1\" data-large-file=\"https:\/\/i0.wp.com\/eltrabajo.cl\/portal\/wp-content\/uploads\/2015\/09\/SANGRE.jpg?fit=530%2C348&#038;ssl=1\" src=\"https:\/\/i0.wp.com\/eltrabajo.cl\/portal\/wp-content\/uploads\/2015\/09\/SANGRE.jpg?w=209&#038;h=137&#038;ssl=1\" srcset=\"https:\/\/i0.wp.com\/eltrabajo.cl\/portal\/wp-content\/uploads\/2015\/09\/SANGRE.jpg?w=530&amp;ssl=1 530w, https:\/\/i0.wp.com\/eltrabajo.cl\/portal\/wp-content\/uploads\/2015\/09\/SANGRE.jpg?resize=200%2C131&amp;ssl=1 200w, https:\/\/i0.wp.com\/eltrabajo.cl\/portal\/wp-content\/uploads\/2015\/09\/SANGRE.jpg?resize=300%2C197&amp;ssl=1 300w, https:\/\/i0.wp.com\/eltrabajo.cl\/portal\/wp-content\/uploads\/2015\/09\/SANGRE.jpg?resize=228%2C150&amp;ssl=1 228w, https:\/\/i0.wp.com\/eltrabajo.cl\/portal\/wp-content\/uploads\/2015\/09\/SANGRE.jpg?resize=400%2C263&amp;ssl=1 400w\" width=\"209\" height=\"137\" loading=\"lazy\" data-original-width=\"209\" data-original-height=\"137\" itemprop=\"http:\/\/schema.org\/image\" title=\"SANGRE\" alt=\"Las gotas de sangre que emanaban del cuerpo del antisocial mientras se encontraba en las alturas luego de autoinferirse estocadas en el cuerpo.\" style=\"width: 209px; height: 137px;\" \/> <\/a> <div class=\"tiled-gallery-caption\" itemprop=\"caption description\"> Las gotas de sangre que emanaban del cuerpo del antisocial mientras se encontraba en las alturas luego de autoinferirse estocadas en el cuerpo. <\/div> <\/div> <div class=\"tiled-gallery-item tiled-gallery-item-small\" itemprop=\"associatedMedia\" itemscope itemtype=\"http:\/\/schema.org\/ImageObject\"> <a href=\"https:\/\/eltrabajo.cl\/portal\/tension-desata-delincuente-que-amenazaba-con-lanzarse-de-15-metros-de-altura\/sebastian-mella\/\" border=\"0\" itemprop=\"url\"> <meta itemprop=\"width\" content=\"209\"> <meta itemprop=\"height\" content=\"138\"> <img decoding=\"async\" class=\"\" data-attachment-id=\"62419\" data-orig-file=\"https:\/\/eltrabajo.cl\/portal\/wp-content\/uploads\/2015\/09\/SEBASTIAN-MELLA.jpg\" data-orig-size=\"530,350\" data-comments-opened=\"1\" data-image-meta=\"{&quot;aperture&quot;:&quot;0&quot;,&quot;credit&quot;:&quot;&quot;,&quot;camera&quot;:&quot;&quot;,&quot;caption&quot;:&quot;&quot;,&quot;created_timestamp&quot;:&quot;0&quot;,&quot;copyright&quot;:&quot;&quot;,&quot;focal_length&quot;:&quot;0&quot;,&quot;iso&quot;:&quot;0&quot;,&quot;shutter_speed&quot;:&quot;0&quot;,&quot;title&quot;:&quot;&quot;,&quot;orientation&quot;:&quot;0&quot;}\" data-image-title=\"SEBASTIAN MELLA\" data-image-description=\"&lt;p&gt;Sebasti\u00e1n Mella Mu\u00f1oz de 20 a\u00f1os de edad, fue detenido finalmente luego que su madre lograra convencerlo de no atentar contra su vida.&lt;\/p&gt; \" data-medium-file=\"https:\/\/i0.wp.com\/eltrabajo.cl\/portal\/wp-content\/uploads\/2015\/09\/SEBASTIAN-MELLA.jpg?fit=300%2C198&#038;ssl=1\" data-large-file=\"https:\/\/i0.wp.com\/eltrabajo.cl\/portal\/wp-content\/uploads\/2015\/09\/SEBASTIAN-MELLA.jpg?fit=530%2C350&#038;ssl=1\" src=\"https:\/\/i0.wp.com\/eltrabajo.cl\/portal\/wp-content\/uploads\/2015\/09\/SEBASTIAN-MELLA.jpg?w=209&#038;h=138&#038;ssl=1\" srcset=\"https:\/\/i0.wp.com\/eltrabajo.cl\/portal\/wp-content\/uploads\/2015\/09\/SEBASTIAN-MELLA.jpg?w=530&amp;ssl=1 530w, https:\/\/i0.wp.com\/eltrabajo.cl\/portal\/wp-content\/uploads\/2015\/09\/SEBASTIAN-MELLA.jpg?resize=200%2C132&amp;ssl=1 200w, https:\/\/i0.wp.com\/eltrabajo.cl\/portal\/wp-content\/uploads\/2015\/09\/SEBASTIAN-MELLA.jpg?resize=300%2C198&amp;ssl=1 300w, https:\/\/i0.wp.com\/eltrabajo.cl\/portal\/wp-content\/uploads\/2015\/09\/SEBASTIAN-MELLA.jpg?resize=227%2C150&amp;ssl=1 227w, https:\/\/i0.wp.com\/eltrabajo.cl\/portal\/wp-content\/uploads\/2015\/09\/SEBASTIAN-MELLA.jpg?resize=400%2C264&amp;ssl=1 400w\" width=\"209\" height=\"138\" loading=\"lazy\" data-original-width=\"209\" data-original-height=\"138\" itemprop=\"http:\/\/schema.org\/image\" title=\"SEBASTIAN MELLA\" alt=\"Sebasti\u00e1n Mella Mu\u00f1oz de 20 a\u00f1os de edad, fue detenido finalmente luego que su madre lograra convencerlo de no atentar contra su vida.\" style=\"width: 209px; height: 138px;\" \/> <\/a> <div class=\"tiled-gallery-caption\" itemprop=\"caption description\"> Sebasti\u00e1n Mella Mu\u00f1oz de 20 a\u00f1os de edad, fue detenido finalmente luego que su madre lograra convencerlo de no atentar contra su vida. <\/div> <\/div> <\/div> <!-- close group --> <\/div> <!-- close row --> <\/div><\/p>\n","protected":false},"excerpt":{"rendered":"<p>Sebasti\u00e1n Mella Mu\u00f1oz (20) escap\u00f3 desde villa Departamental luego de asaltar a un repartidor de gas licuado, hiri\u00e9ndolo con un cuchillo. Perseguido por la polic\u00eda, el delincuente huy\u00f3 cruzando el r\u00edo hasta&#8230;<\/p>\n","protected":false},"author":482,"featured_media":62416,"comment_status":"open","ping_status":"open","sticky":false,"template":"","format":"standard","meta":{"advanced_seo_description":"","jetpack_seo_html_title":"","jetpack_seo_noindex":false,"_jetpack_memberships_contains_paid_content":false,"footnotes":""},"categories":[21],"tags":[],"class_list":["post-62415","post","type-post","status-publish","format-standard","has-post-thumbnail","hentry","category-policial"],"jetpack_featured_media_url":"https:\/\/i0.wp.com\/eltrabajo.cl\/portal\/wp-content\/uploads\/2015\/09\/altura-1.jpg?fit=530%2C348&ssl=1","jetpack_sharing_enabled":true,"jetpack_likes_enabled":true,"jetpack-related-posts":[],"_links":{"self":[{"href":"https:\/\/eltrabajo.cl\/portal\/wp-json\/wp\/v2\/posts\/62415","targetHints":{"allow":["GET"]}}],"collection":[{"href":"https:\/\/eltrabajo.cl\/portal\/wp-json\/wp\/v2\/posts"}],"about":[{"href":"https:\/\/eltrabajo.cl\/portal\/wp-json\/wp\/v2\/types\/post"}],"author":[{"embeddable":true,"href":"https:\/\/eltrabajo.cl\/portal\/wp-json\/wp\/v2\/users\/482"}],"replies":[{"embeddable":true,"href":"https:\/\/eltrabajo.cl\/portal\/wp-json\/wp\/v2\/comments?post=62415"}],"version-history":[{"count":0,"href":"https:\/\/eltrabajo.cl\/portal\/wp-json\/wp\/v2\/posts\/62415\/revisions"}],"wp:featuredmedia":[{"embeddable":true,"href":"https:\/\/eltrabajo.cl\/portal\/wp-json\/wp\/v2\/media\/62416"}],"wp:attachment":[{"href":"https:\/\/eltrabajo.cl\/portal\/wp-json\/wp\/v2\/media?parent=62415"}],"wp:term":[{"taxonomy":"category","embeddable":true,"href":"https:\/\/eltrabajo.cl\/portal\/wp-json\/wp\/v2\/categories?post=62415"},{"taxonomy":"post_tag","embeddable":true,"href":"https:\/\/eltrabajo.cl\/portal\/wp-json\/wp\/v2\/tags?post=62415"}],"curies":[{"name":"wp","href":"https:\/\/api.w.org\/{rel}","templated":true}]}}