{"id":62423,"date":"2015-09-30T09:23:33","date_gmt":"2015-09-30T12:23:33","guid":{"rendered":"http:\/\/www.eltrabajo.cl\/portal\/?p=62423"},"modified":"2015-09-30T09:23:33","modified_gmt":"2015-09-30T12:23:33","slug":"en-el-marco-de-un-nuevo-aniversario-hospital-san-francisco-realizo-cicletada-familiar","status":"publish","type":"post","link":"https:\/\/eltrabajo.cl\/portal\/en-el-marco-de-un-nuevo-aniversario-hospital-san-francisco-realizo-cicletada-familiar\/","title":{"rendered":"En el marco de un nuevo aniversario, Hospital San Francisco realiz\u00f3 Cicletada Familiar"},"content":{"rendered":"<figure id=\"attachment_62424\" aria-describedby=\"caption-attachment-62424\" style=\"width: 300px\" class=\"wp-caption alignleft\"><a href=\"https:\/\/i0.wp.com\/www.eltrabajo.cl\/portal\/wp-content\/uploads\/2015\/09\/cicletada-aniversario-hospital-llay-llay.jpg\"><img data-recalc-dims=\"1\" loading=\"lazy\" decoding=\"async\" class=\"wp-image-62424 size-medium\" src=\"https:\/\/i0.wp.com\/www.eltrabajo.cl\/portal\/wp-content\/uploads\/2015\/09\/cicletada-aniversario-hospital-llay-llay-300x197.jpg?resize=300%2C197\" alt=\"M\u00e1s de 33 vecinos se motivaron para participar de una cicletada organizada por el Hospital San Francisco, en el marco de su aniversario N\u00ba50.\" width=\"300\" height=\"197\" srcset=\"https:\/\/i0.wp.com\/eltrabajo.cl\/portal\/wp-content\/uploads\/2015\/09\/cicletada-aniversario-hospital-llay-llay.jpg?resize=300%2C197&amp;ssl=1 300w, https:\/\/i0.wp.com\/eltrabajo.cl\/portal\/wp-content\/uploads\/2015\/09\/cicletada-aniversario-hospital-llay-llay.jpg?resize=200%2C131&amp;ssl=1 200w, https:\/\/i0.wp.com\/eltrabajo.cl\/portal\/wp-content\/uploads\/2015\/09\/cicletada-aniversario-hospital-llay-llay.jpg?resize=228%2C150&amp;ssl=1 228w, https:\/\/i0.wp.com\/eltrabajo.cl\/portal\/wp-content\/uploads\/2015\/09\/cicletada-aniversario-hospital-llay-llay.jpg?resize=400%2C263&amp;ssl=1 400w, https:\/\/i0.wp.com\/eltrabajo.cl\/portal\/wp-content\/uploads\/2015\/09\/cicletada-aniversario-hospital-llay-llay.jpg?w=530&amp;ssl=1 530w\" sizes=\"auto, (max-width: 300px) 100vw, 300px\" \/><\/a><figcaption id=\"caption-attachment-62424\" class=\"wp-caption-text\">M\u00e1s de 33 vecinos se motivaron para participar de una cicletada organizada por el Hospital San Francisco, en el marco de su aniversario N\u00ba50.<\/figcaption><\/figure>\n<p><strong>LLAY LLAY<\/strong>.- Celebrando 50 a\u00f1os de existencia, el hospital San Francisco de Llay Llay realiz\u00f3 una cicletada familiar, actividad que gener\u00f3 un espacio de recreaci\u00f3n y la pr\u00e1ctica de actividad f\u00edsica, congregando a m\u00e1s de 33 vecinos de la ciudad de Llay Llay.<br \/>\nLa Directora del Hospital San Francisco de Llay Llay, Gloria Leiva indic\u00f3, que es la segunda actividad del calendario de celebraci\u00f3n, de su quincuag\u00e9simo aniversario. Adem\u00e1s, la Directora manifest\u00f3 que cumplieron el objetivo de la cicletada, \u201cque fuera participativa, con entrega de alimentos saludables, y con promoci\u00f3n de la salud. Contamos tambi\u00e9n con el apoyo de instituciones como Senda, Carabineros y el Samu\u201d.<br \/>\nLos premios entregados fueron para el participante m\u00e1s peque\u00f1o, al m\u00e1s longevo y la familia m\u00e1s numerosa.<br \/>\nLos participantes calificaron la actividad como \u201cmuy buena y positiva para la salud\u201d. Para muchos de ellos, la bicicleta, es su medio de transporte cotidiano. Brigida Brice\u00f1o forma parte de este grupo \u201cUso la bicicleta siempre, m\u00e1s a\u00fan ahora que se vienen los d\u00edas con m\u00e1s sol\u201d.<br \/>\nEfectivamente, los d\u00edas primaverales han favorecido la pr\u00e1ctica del ciclismo en la comuna. Circunstancia que Paola Silva, encargada de Senda Previene de Llay Llay utilizar\u00e1 a favor de la pr\u00e1ctica de actividad f\u00edsica. En verano, asociada a otras instituciones; realizar\u00e1 actividades similares, porque \u201candar en bicicleta beneficia la calidad de vida de las personas\u201d, explic\u00f3 la profesional.<br \/>\n<strong>Marianela Quevedo<\/strong><\/p>\n","protected":false},"excerpt":{"rendered":"<p>LLAY LLAY.- Celebrando 50 a\u00f1os de existencia, el hospital San Francisco de Llay Llay realiz\u00f3 una cicletada familiar, actividad que gener\u00f3 un espacio de recreaci\u00f3n y la pr\u00e1ctica de actividad f\u00edsica, congregando&#8230;<\/p>\n","protected":false},"author":482,"featured_media":62424,"comment_status":"open","ping_status":"open","sticky":false,"template":"","format":"standard","meta":{"advanced_seo_description":"","jetpack_seo_html_title":"","jetpack_seo_noindex":false,"_jetpack_memberships_contains_paid_content":false,"footnotes":""},"categories":[15],"tags":[],"class_list":["post-62423","post","type-post","status-publish","format-standard","has-post-thumbnail","hentry","category-comunidad"],"jetpack_featured_media_url":"https:\/\/i0.wp.com\/eltrabajo.cl\/portal\/wp-content\/uploads\/2015\/09\/cicletada-aniversario-hospital-llay-llay.jpg?fit=530%2C348&ssl=1","jetpack_sharing_enabled":true,"jetpack_likes_enabled":true,"jetpack-related-posts":[],"_links":{"self":[{"href":"https:\/\/eltrabajo.cl\/portal\/wp-json\/wp\/v2\/posts\/62423","targetHints":{"allow":["GET"]}}],"collection":[{"href":"https:\/\/eltrabajo.cl\/portal\/wp-json\/wp\/v2\/posts"}],"about":[{"href":"https:\/\/eltrabajo.cl\/portal\/wp-json\/wp\/v2\/types\/post"}],"author":[{"embeddable":true,"href":"https:\/\/eltrabajo.cl\/portal\/wp-json\/wp\/v2\/users\/482"}],"replies":[{"embeddable":true,"href":"https:\/\/eltrabajo.cl\/portal\/wp-json\/wp\/v2\/comments?post=62423"}],"version-history":[{"count":0,"href":"https:\/\/eltrabajo.cl\/portal\/wp-json\/wp\/v2\/posts\/62423\/revisions"}],"wp:featuredmedia":[{"embeddable":true,"href":"https:\/\/eltrabajo.cl\/portal\/wp-json\/wp\/v2\/media\/62424"}],"wp:attachment":[{"href":"https:\/\/eltrabajo.cl\/portal\/wp-json\/wp\/v2\/media?parent=62423"}],"wp:term":[{"taxonomy":"category","embeddable":true,"href":"https:\/\/eltrabajo.cl\/portal\/wp-json\/wp\/v2\/categories?post=62423"},{"taxonomy":"post_tag","embeddable":true,"href":"https:\/\/eltrabajo.cl\/portal\/wp-json\/wp\/v2\/tags?post=62423"}],"curies":[{"name":"wp","href":"https:\/\/api.w.org\/{rel}","templated":true}]}}