{"id":62426,"date":"2015-09-30T09:24:59","date_gmt":"2015-09-30T12:24:59","guid":{"rendered":"http:\/\/www.eltrabajo.cl\/portal\/?p=62426"},"modified":"2015-09-30T09:24:59","modified_gmt":"2015-09-30T12:24:59","slug":"certifican-a-15-mujeres-de-programa-subsistema-de-seguridad-y-oportunidades","status":"publish","type":"post","link":"https:\/\/eltrabajo.cl\/portal\/certifican-a-15-mujeres-de-programa-subsistema-de-seguridad-y-oportunidades\/","title":{"rendered":"Certifican a 15 mujeres de programa Subsistema de Seguridad y Oportunidades"},"content":{"rendered":"<figure id=\"attachment_62427\" aria-describedby=\"caption-attachment-62427\" style=\"width: 300px\" class=\"wp-caption alignleft\"><a href=\"https:\/\/i0.wp.com\/www.eltrabajo.cl\/portal\/wp-content\/uploads\/2015\/09\/Certificacion-mujeres-panquehue.jpg\"><img data-recalc-dims=\"1\" loading=\"lazy\" decoding=\"async\" class=\"wp-image-62427 size-medium\" src=\"https:\/\/i0.wp.com\/www.eltrabajo.cl\/portal\/wp-content\/uploads\/2015\/09\/Certificacion-mujeres-panquehue-300x198.jpg?resize=300%2C198\" alt=\"Certifican a un grupo de 15 mujeres del programa del subsistema de seguridad y oportunidades.\" width=\"300\" height=\"198\" srcset=\"https:\/\/i0.wp.com\/eltrabajo.cl\/portal\/wp-content\/uploads\/2015\/09\/Certificacion-mujeres-panquehue.jpg?resize=300%2C198&amp;ssl=1 300w, https:\/\/i0.wp.com\/eltrabajo.cl\/portal\/wp-content\/uploads\/2015\/09\/Certificacion-mujeres-panquehue.jpg?resize=200%2C132&amp;ssl=1 200w, https:\/\/i0.wp.com\/eltrabajo.cl\/portal\/wp-content\/uploads\/2015\/09\/Certificacion-mujeres-panquehue.jpg?resize=228%2C150&amp;ssl=1 228w, https:\/\/i0.wp.com\/eltrabajo.cl\/portal\/wp-content\/uploads\/2015\/09\/Certificacion-mujeres-panquehue.jpg?resize=400%2C263&amp;ssl=1 400w, https:\/\/i0.wp.com\/eltrabajo.cl\/portal\/wp-content\/uploads\/2015\/09\/Certificacion-mujeres-panquehue.jpg?w=530&amp;ssl=1 530w\" sizes=\"auto, (max-width: 300px) 100vw, 300px\" \/><\/a><figcaption id=\"caption-attachment-62427\" class=\"wp-caption-text\">Certifican a un grupo de 15 mujeres del programa del subsistema de seguridad y oportunidades.<\/figcaption><\/figure>\n<ul>\n<li><strong>La actividad que se realiz\u00f3 en la sala cultural de la comuna, cont\u00f3 con la asistencia del alcalde Luis Pradenas, quien destac\u00f3 y valor\u00f3 el nivel de superaci\u00f3n de cada una de estas familias.<\/strong><\/li>\n<\/ul>\n<p><strong>PANQUEHUE<\/strong>.- Un grupo de 15 mujeres que pertenecen al programa del subsistema de seguridad y oportunidades, recibieron un certificado que las acredita haber participado de un taller de formaci\u00f3n de capacidades.<br \/>\nDe acuerdo a lo informado por la Trabajadora Social de la Municipalidad de Panquehue, Julia C\u00e9sped, se trata de una instancia, donde cada una de estas mujeres, cumpli\u00f3 con las fases de un taller de car\u00e1cter obligatorio.<br \/>\nExplic\u00f3 que en la comuna se cuenta con un registro de 98 familias, sin embargo para la participaci\u00f3n del mencionado taller, se consideraron 30 de ellas, con el fin de conocer el grado de avance en cada una de las fases de intervenci\u00f3n.<br \/>\n\u201cEl taller trata cada una de las tem\u00e1ticas que se trabajan en las intervenciones con cada una de las familias. De acuerdo a cada uno de los capitales familiares, lo que se busca es potenciar esa acci\u00f3n y que cada una de estas familias se d\u00e9 cuenta de lo que tienen y as\u00ed vallan logrado nuevas acciones en beneficio de su propia familia.<br \/>\nNuestra intervenci\u00f3n consider\u00f3 el nivel de recursos de cada familia, potenciando asimismo la red social que tenemos en la comuna de Panquehue, en el sentido que si existiera alg\u00fan conflicto familiar, cada una de ellas sepan donde acceder y como encontrar las respectivas soluciones\u201d.<br \/>\nLa jornada cont\u00f3 con la presencia del alcalde Luis Pradenas, quien destac\u00f3 y valor\u00f3 la intervenci\u00f3n que se ha estado realizado con cada una de estas familias, se\u00f1alando que el perfil del \u00e1rea social de la municipalidad de Panquehue, est\u00e1 enfocado en dar soluciones concretas.<\/p>\n","protected":false},"excerpt":{"rendered":"<p>La actividad que se realiz\u00f3 en la sala cultural de la comuna, cont\u00f3 con la asistencia del alcalde Luis Pradenas, quien destac\u00f3 y valor\u00f3 el nivel de superaci\u00f3n de cada una de&#8230;<\/p>\n","protected":false},"author":482,"featured_media":62427,"comment_status":"open","ping_status":"open","sticky":false,"template":"","format":"standard","meta":{"advanced_seo_description":"","jetpack_seo_html_title":"","jetpack_seo_noindex":false,"_jetpack_memberships_contains_paid_content":false,"footnotes":""},"categories":[15],"tags":[],"class_list":["post-62426","post","type-post","status-publish","format-standard","has-post-thumbnail","hentry","category-comunidad"],"jetpack_featured_media_url":"https:\/\/i0.wp.com\/eltrabajo.cl\/portal\/wp-content\/uploads\/2015\/09\/Certificacion-mujeres-panquehue.jpg?fit=530%2C349&ssl=1","jetpack_sharing_enabled":true,"jetpack_likes_enabled":true,"jetpack-related-posts":[],"_links":{"self":[{"href":"https:\/\/eltrabajo.cl\/portal\/wp-json\/wp\/v2\/posts\/62426","targetHints":{"allow":["GET"]}}],"collection":[{"href":"https:\/\/eltrabajo.cl\/portal\/wp-json\/wp\/v2\/posts"}],"about":[{"href":"https:\/\/eltrabajo.cl\/portal\/wp-json\/wp\/v2\/types\/post"}],"author":[{"embeddable":true,"href":"https:\/\/eltrabajo.cl\/portal\/wp-json\/wp\/v2\/users\/482"}],"replies":[{"embeddable":true,"href":"https:\/\/eltrabajo.cl\/portal\/wp-json\/wp\/v2\/comments?post=62426"}],"version-history":[{"count":0,"href":"https:\/\/eltrabajo.cl\/portal\/wp-json\/wp\/v2\/posts\/62426\/revisions"}],"wp:featuredmedia":[{"embeddable":true,"href":"https:\/\/eltrabajo.cl\/portal\/wp-json\/wp\/v2\/media\/62427"}],"wp:attachment":[{"href":"https:\/\/eltrabajo.cl\/portal\/wp-json\/wp\/v2\/media?parent=62426"}],"wp:term":[{"taxonomy":"category","embeddable":true,"href":"https:\/\/eltrabajo.cl\/portal\/wp-json\/wp\/v2\/categories?post=62426"},{"taxonomy":"post_tag","embeddable":true,"href":"https:\/\/eltrabajo.cl\/portal\/wp-json\/wp\/v2\/tags?post=62426"}],"curies":[{"name":"wp","href":"https:\/\/api.w.org\/{rel}","templated":true}]}}