{"id":62429,"date":"2015-09-30T09:28:31","date_gmt":"2015-09-30T12:28:31","guid":{"rendered":"http:\/\/www.eltrabajo.cl\/portal\/?p=62429"},"modified":"2015-09-30T09:28:31","modified_gmt":"2015-09-30T12:28:31","slug":"esval-reinstalara-1-500-metros-de-tuberia-nueva-en-la-comuna","status":"publish","type":"post","link":"https:\/\/eltrabajo.cl\/portal\/esval-reinstalara-1-500-metros-de-tuberia-nueva-en-la-comuna\/","title":{"rendered":"Esval reinstalar\u00e1 1.500 metros de tuber\u00eda nueva en la comuna"},"content":{"rendered":"<figure id=\"attachment_62430\" aria-describedby=\"caption-attachment-62430\" style=\"width: 300px\" class=\"wp-caption alignleft\"><a href=\"https:\/\/i0.wp.com\/www.eltrabajo.cl\/portal\/wp-content\/uploads\/2015\/09\/Esval1.jpg\"><img data-recalc-dims=\"1\" loading=\"lazy\" decoding=\"async\" class=\"wp-image-62430 size-medium\" src=\"https:\/\/i0.wp.com\/www.eltrabajo.cl\/portal\/wp-content\/uploads\/2015\/09\/Esval1-300x198.jpg?resize=300%2C198\" alt=\"ARRANCAN OBRAS.- Este lunes la empresa contratista que labora para Esval, inici\u00f3 las obras de excavaci\u00f3n y entubado en las alamedas Maip\u00fa y O\u2019higgins.\" width=\"300\" height=\"198\" srcset=\"https:\/\/i0.wp.com\/eltrabajo.cl\/portal\/wp-content\/uploads\/2015\/09\/Esval1.jpg?resize=300%2C198&amp;ssl=1 300w, https:\/\/i0.wp.com\/eltrabajo.cl\/portal\/wp-content\/uploads\/2015\/09\/Esval1.jpg?resize=200%2C132&amp;ssl=1 200w, https:\/\/i0.wp.com\/eltrabajo.cl\/portal\/wp-content\/uploads\/2015\/09\/Esval1.jpg?resize=227%2C150&amp;ssl=1 227w, https:\/\/i0.wp.com\/eltrabajo.cl\/portal\/wp-content\/uploads\/2015\/09\/Esval1.jpg?resize=400%2C264&amp;ssl=1 400w, https:\/\/i0.wp.com\/eltrabajo.cl\/portal\/wp-content\/uploads\/2015\/09\/Esval1.jpg?w=530&amp;ssl=1 530w\" sizes=\"auto, (max-width: 300px) 100vw, 300px\" \/><\/a><figcaption id=\"caption-attachment-62430\" class=\"wp-caption-text\">ARRANCAN OBRAS.- Este lunes la empresa contratista que labora para Esval, inici\u00f3 las obras de excavaci\u00f3n y entubado en las alamedas Maip\u00fa y O\u2019higgins.<\/figcaption><\/figure>\n<p>Muchos vecinos sanfelipe\u00f1os deber\u00e1n armarse de paciencia hasta el mes de diciembre del presente a\u00f1o, pues la tarde de este lunes la empresa Esval de San Felipe dio inicio a una serie de trabajos de mantenimiento de redes, lo que implicar\u00e1 eventualmente cortes de agua; excavaciones y las dificultades que comprometen este tipo de obras, las cuales se enmarcan en el Plan Anual de Renovaciones de Redes de Agua Potable de Esval, mismo que se ejecuta en toda la Regi\u00f3n de Valpara\u00edso.<br \/>\n\u00abEn este caso puntual corresponde a renovaci\u00f3n de redes en varias calles de San Felipe. Con este proyecto modernizamos nuestro sistema de distribuci\u00f3n de agua potable, y de paso reemplazamos tuber\u00edas con vida \u00fatil vencida, lo que permite prevenir posibles roturas de matrices\u00bb, explic\u00f3 a Diario El Trabajo el subgerente zonal subgerente zonal de San Felipe-Los Andes, Alejandro P\u00e9rez G\u00f3mez.<\/p>\n<p><strong>INVIERTEN CASI \u00a0$400 MILLONES<\/strong><br \/>\nSeg\u00fan P\u00e9rez, la inversi\u00f3n total de estas obras contempla unos $398.402.950, lo que representa tambi\u00e9n una renovaci\u00f3n de las redes, pues ya los materiales en uso hab\u00edan llegado al fin de su vida \u00fatil. Este funcionario advirti\u00f3 adem\u00e1s, que algunos sectores de la comuna (ver recuadro) se ver\u00e1n afectados por excavaciones e interrupciones del suministro por algunos d\u00edas, por lo que solicit\u00f3 la comprensi\u00f3n del p\u00fablico, pues estas obras estar\u00edan finalizadas el 31 de diciembre de este a\u00f1o.<br \/>\n\u00abEste proyecto contempla dos etapas. Una en calle Maip\u00fa, en donde ser\u00e1n 900 metros de esta arteria los que se renovar\u00e1n, y la otra etapa considera la renovaci\u00f3n de redes en diversas calles (Emiliano Castro, Pasaje Bombero Carlos Hegel y Roberto Humeres, entre otras), con una longitud de 535 metros. Estas redes, cuyo material actual es de asbesto cemento, ser\u00e1n cambiadas a HDPE, que es m\u00e1s resistente y moderno\u00bb.<br \/>\nEn total, el proyecto considera una renovaci\u00f3n de 1.435 metros de redes (casi un kil\u00f3metro y medio), lo que permitir\u00e1 mejorar la calidad del servicio para los clientes de Esval.<br \/>\n<strong>Roberto Gonz\u00e1lez Short<\/strong><br \/>\n<strong>rgonzalez@eltrabajo.cl<\/strong><\/p>\n<div class=\"tiled-gallery type-rectangular tiled-gallery-unresized\" data-original-width=\"640\" data-carousel-extra='null' itemscope itemtype=\"http:\/\/schema.org\/ImageGallery\" > <div class=\"gallery-row\" style=\"width: 640px; height: 283px;\" data-original-width=\"640\" data-original-height=\"283\" > <div class=\"gallery-group images-1\" style=\"width: 427px; height: 283px;\" data-original-width=\"427\" data-original-height=\"283\" > <div class=\"tiled-gallery-item tiled-gallery-item-large\" itemprop=\"associatedMedia\" itemscope itemtype=\"http:\/\/schema.org\/ImageObject\"> <a href=\"https:\/\/eltrabajo.cl\/portal\/esval-reinstalara-1-500-metros-de-tuberia-nueva-en-la-comuna\/esval2-3\/\" border=\"0\" itemprop=\"url\"> <meta itemprop=\"width\" content=\"423\"> <meta itemprop=\"height\" content=\"279\"> <img decoding=\"async\" class=\"\" data-attachment-id=\"62432\" data-orig-file=\"https:\/\/eltrabajo.cl\/portal\/wp-content\/uploads\/2015\/09\/Esval2.jpg\" data-orig-size=\"530,350\" data-comments-opened=\"1\" data-image-meta=\"{&quot;aperture&quot;:&quot;0&quot;,&quot;credit&quot;:&quot;&quot;,&quot;camera&quot;:&quot;&quot;,&quot;caption&quot;:&quot;&quot;,&quot;created_timestamp&quot;:&quot;0&quot;,&quot;copyright&quot;:&quot;&quot;,&quot;focal_length&quot;:&quot;0&quot;,&quot;iso&quot;:&quot;0&quot;,&quot;shutter_speed&quot;:&quot;0&quot;,&quot;title&quot;:&quot;&quot;,&quot;orientation&quot;:&quot;0&quot;}\" data-image-title=\"Esval2\" data-image-description=\"&lt;p&gt;MEJOR TUBER\u00cdA.- Esta es la tuber\u00eda nueva que ser\u00e1 instalada en estos sectores, una inversi\u00f3n de $398.402.950.&lt;\/p&gt; \" data-medium-file=\"https:\/\/i0.wp.com\/eltrabajo.cl\/portal\/wp-content\/uploads\/2015\/09\/Esval2.jpg?fit=300%2C198&#038;ssl=1\" data-large-file=\"https:\/\/i0.wp.com\/eltrabajo.cl\/portal\/wp-content\/uploads\/2015\/09\/Esval2.jpg?fit=530%2C350&#038;ssl=1\" src=\"https:\/\/i0.wp.com\/eltrabajo.cl\/portal\/wp-content\/uploads\/2015\/09\/Esval2.jpg?w=423&#038;h=279&#038;ssl=1\" srcset=\"https:\/\/i0.wp.com\/eltrabajo.cl\/portal\/wp-content\/uploads\/2015\/09\/Esval2.jpg?w=530&amp;ssl=1 530w, https:\/\/i0.wp.com\/eltrabajo.cl\/portal\/wp-content\/uploads\/2015\/09\/Esval2.jpg?resize=200%2C132&amp;ssl=1 200w, https:\/\/i0.wp.com\/eltrabajo.cl\/portal\/wp-content\/uploads\/2015\/09\/Esval2.jpg?resize=300%2C198&amp;ssl=1 300w, https:\/\/i0.wp.com\/eltrabajo.cl\/portal\/wp-content\/uploads\/2015\/09\/Esval2.jpg?resize=227%2C150&amp;ssl=1 227w, https:\/\/i0.wp.com\/eltrabajo.cl\/portal\/wp-content\/uploads\/2015\/09\/Esval2.jpg?resize=400%2C264&amp;ssl=1 400w\" width=\"423\" height=\"279\" loading=\"lazy\" data-original-width=\"423\" data-original-height=\"279\" itemprop=\"http:\/\/schema.org\/image\" title=\"Esval2\" alt=\"MEJOR TUBER\u00cdA.- Esta es la tuber\u00eda nueva que ser\u00e1 instalada en estos sectores, una inversi\u00f3n de $398.402.950.\" style=\"width: 423px; height: 279px;\" \/> <\/a> <div class=\"tiled-gallery-caption\" itemprop=\"caption description\"> MEJOR TUBER\u00cdA.- Esta es la tuber\u00eda nueva que ser\u00e1 instalada en estos sectores, una inversi\u00f3n de $398.402.950. <\/div> <\/div> <\/div> <!-- close group --> <div class=\"gallery-group images-2\" style=\"width: 213px; height: 283px;\" data-original-width=\"213\" data-original-height=\"283\" > <div class=\"tiled-gallery-item tiled-gallery-item-small\" itemprop=\"associatedMedia\" itemscope itemtype=\"http:\/\/schema.org\/ImageObject\"> <a href=\"https:\/\/eltrabajo.cl\/portal\/esval-reinstalara-1-500-metros-de-tuberia-nueva-en-la-comuna\/esval3\/\" border=\"0\" itemprop=\"url\"> <meta itemprop=\"width\" content=\"209\"> <meta itemprop=\"height\" content=\"138\"> <img decoding=\"async\" class=\"\" data-attachment-id=\"62433\" data-orig-file=\"https:\/\/eltrabajo.cl\/portal\/wp-content\/uploads\/2015\/09\/Esval3.jpg\" data-orig-size=\"528,350\" data-comments-opened=\"1\" data-image-meta=\"{&quot;aperture&quot;:&quot;0&quot;,&quot;credit&quot;:&quot;&quot;,&quot;camera&quot;:&quot;&quot;,&quot;caption&quot;:&quot;&quot;,&quot;created_timestamp&quot;:&quot;0&quot;,&quot;copyright&quot;:&quot;&quot;,&quot;focal_length&quot;:&quot;0&quot;,&quot;iso&quot;:&quot;0&quot;,&quot;shutter_speed&quot;:&quot;0&quot;,&quot;title&quot;:&quot;&quot;,&quot;orientation&quot;:&quot;0&quot;}\" data-image-title=\"Esval3\" data-image-description=\"&lt;p&gt;SECTORES PROGRAMADOS.- Estos son los sectores en donde Esval estar\u00e1 reinstalando la nueva tuber\u00eda.&lt;\/p&gt; \" data-medium-file=\"https:\/\/i0.wp.com\/eltrabajo.cl\/portal\/wp-content\/uploads\/2015\/09\/Esval3.jpg?fit=300%2C199&#038;ssl=1\" data-large-file=\"https:\/\/i0.wp.com\/eltrabajo.cl\/portal\/wp-content\/uploads\/2015\/09\/Esval3.jpg?fit=528%2C350&#038;ssl=1\" src=\"https:\/\/i0.wp.com\/eltrabajo.cl\/portal\/wp-content\/uploads\/2015\/09\/Esval3.jpg?w=209&#038;h=138&#038;ssl=1\" srcset=\"https:\/\/i0.wp.com\/eltrabajo.cl\/portal\/wp-content\/uploads\/2015\/09\/Esval3.jpg?w=528&amp;ssl=1 528w, https:\/\/i0.wp.com\/eltrabajo.cl\/portal\/wp-content\/uploads\/2015\/09\/Esval3.jpg?resize=200%2C133&amp;ssl=1 200w, https:\/\/i0.wp.com\/eltrabajo.cl\/portal\/wp-content\/uploads\/2015\/09\/Esval3.jpg?resize=300%2C199&amp;ssl=1 300w, https:\/\/i0.wp.com\/eltrabajo.cl\/portal\/wp-content\/uploads\/2015\/09\/Esval3.jpg?resize=226%2C150&amp;ssl=1 226w, https:\/\/i0.wp.com\/eltrabajo.cl\/portal\/wp-content\/uploads\/2015\/09\/Esval3.jpg?resize=400%2C265&amp;ssl=1 400w\" width=\"209\" height=\"138\" loading=\"lazy\" data-original-width=\"209\" data-original-height=\"138\" itemprop=\"http:\/\/schema.org\/image\" title=\"Esval3\" alt=\"SECTORES PROGRAMADOS.- Estos son los sectores en donde Esval estar\u00e1 reinstalando la nueva tuber\u00eda.\" style=\"width: 209px; height: 138px;\" \/> <\/a> <div class=\"tiled-gallery-caption\" itemprop=\"caption description\"> SECTORES PROGRAMADOS.- Estos son los sectores en donde Esval estar\u00e1 reinstalando la nueva tuber\u00eda. <\/div> <\/div> <div class=\"tiled-gallery-item tiled-gallery-item-small\" itemprop=\"associatedMedia\" itemscope itemtype=\"http:\/\/schema.org\/ImageObject\"> <a href=\"https:\/\/eltrabajo.cl\/portal\/esval-reinstalara-1-500-metros-de-tuberia-nueva-en-la-comuna\/alejandro-perez-2\/\" border=\"0\" itemprop=\"url\"> <meta itemprop=\"width\" content=\"209\"> <meta itemprop=\"height\" content=\"137\"> <img decoding=\"async\" class=\"\" data-attachment-id=\"62431\" data-orig-file=\"https:\/\/eltrabajo.cl\/portal\/wp-content\/uploads\/2015\/09\/Alejandro-Perez.jpg\" data-orig-size=\"530,348\" data-comments-opened=\"1\" data-image-meta=\"{&quot;aperture&quot;:&quot;0&quot;,&quot;credit&quot;:&quot;&quot;,&quot;camera&quot;:&quot;&quot;,&quot;caption&quot;:&quot;&quot;,&quot;created_timestamp&quot;:&quot;0&quot;,&quot;copyright&quot;:&quot;&quot;,&quot;focal_length&quot;:&quot;0&quot;,&quot;iso&quot;:&quot;0&quot;,&quot;shutter_speed&quot;:&quot;0&quot;,&quot;title&quot;:&quot;&quot;,&quot;orientation&quot;:&quot;0&quot;}\" data-image-title=\"Alejandro Perez\" data-image-description=\"&lt;p&gt;Subgerente zonal de San Felipe-Los Andes, Alejandro P\u00e9rez G\u00f3mez.&lt;\/p&gt; \" data-medium-file=\"https:\/\/i0.wp.com\/eltrabajo.cl\/portal\/wp-content\/uploads\/2015\/09\/Alejandro-Perez.jpg?fit=300%2C197&#038;ssl=1\" data-large-file=\"https:\/\/i0.wp.com\/eltrabajo.cl\/portal\/wp-content\/uploads\/2015\/09\/Alejandro-Perez.jpg?fit=530%2C348&#038;ssl=1\" src=\"https:\/\/i0.wp.com\/eltrabajo.cl\/portal\/wp-content\/uploads\/2015\/09\/Alejandro-Perez.jpg?w=209&#038;h=137&#038;ssl=1\" srcset=\"https:\/\/i0.wp.com\/eltrabajo.cl\/portal\/wp-content\/uploads\/2015\/09\/Alejandro-Perez.jpg?w=530&amp;ssl=1 530w, https:\/\/i0.wp.com\/eltrabajo.cl\/portal\/wp-content\/uploads\/2015\/09\/Alejandro-Perez.jpg?resize=200%2C131&amp;ssl=1 200w, https:\/\/i0.wp.com\/eltrabajo.cl\/portal\/wp-content\/uploads\/2015\/09\/Alejandro-Perez.jpg?resize=300%2C197&amp;ssl=1 300w, https:\/\/i0.wp.com\/eltrabajo.cl\/portal\/wp-content\/uploads\/2015\/09\/Alejandro-Perez.jpg?resize=228%2C150&amp;ssl=1 228w, https:\/\/i0.wp.com\/eltrabajo.cl\/portal\/wp-content\/uploads\/2015\/09\/Alejandro-Perez.jpg?resize=400%2C263&amp;ssl=1 400w\" width=\"209\" height=\"137\" loading=\"lazy\" data-original-width=\"209\" data-original-height=\"137\" itemprop=\"http:\/\/schema.org\/image\" title=\"Alejandro Perez\" alt=\"Subgerente zonal de San Felipe-Los Andes, Alejandro P\u00e9rez G\u00f3mez.\" style=\"width: 209px; height: 137px;\" \/> <\/a> <div class=\"tiled-gallery-caption\" itemprop=\"caption description\"> Subgerente zonal de San Felipe-Los Andes, Alejandro P\u00e9rez G\u00f3mez. <\/div> <\/div> <\/div> <!-- close group --> <\/div> <!-- close row --> <\/div>\n","protected":false},"excerpt":{"rendered":"<p>Muchos vecinos sanfelipe\u00f1os deber\u00e1n armarse de paciencia hasta el mes de diciembre del presente a\u00f1o, pues la tarde de este lunes la empresa Esval de San Felipe dio inicio a una serie&#8230;<\/p>\n","protected":false},"author":482,"featured_media":62430,"comment_status":"open","ping_status":"open","sticky":false,"template":"","format":"standard","meta":{"advanced_seo_description":"","jetpack_seo_html_title":"","jetpack_seo_noindex":false,"_jetpack_memberships_contains_paid_content":false,"footnotes":""},"categories":[15],"tags":[],"class_list":["post-62429","post","type-post","status-publish","format-standard","has-post-thumbnail","hentry","category-comunidad"],"jetpack_featured_media_url":"https:\/\/i0.wp.com\/eltrabajo.cl\/portal\/wp-content\/uploads\/2015\/09\/Esval1.jpg?fit=530%2C350&ssl=1","jetpack_sharing_enabled":true,"jetpack_likes_enabled":true,"jetpack-related-posts":[],"_links":{"self":[{"href":"https:\/\/eltrabajo.cl\/portal\/wp-json\/wp\/v2\/posts\/62429","targetHints":{"allow":["GET"]}}],"collection":[{"href":"https:\/\/eltrabajo.cl\/portal\/wp-json\/wp\/v2\/posts"}],"about":[{"href":"https:\/\/eltrabajo.cl\/portal\/wp-json\/wp\/v2\/types\/post"}],"author":[{"embeddable":true,"href":"https:\/\/eltrabajo.cl\/portal\/wp-json\/wp\/v2\/users\/482"}],"replies":[{"embeddable":true,"href":"https:\/\/eltrabajo.cl\/portal\/wp-json\/wp\/v2\/comments?post=62429"}],"version-history":[{"count":0,"href":"https:\/\/eltrabajo.cl\/portal\/wp-json\/wp\/v2\/posts\/62429\/revisions"}],"wp:featuredmedia":[{"embeddable":true,"href":"https:\/\/eltrabajo.cl\/portal\/wp-json\/wp\/v2\/media\/62430"}],"wp:attachment":[{"href":"https:\/\/eltrabajo.cl\/portal\/wp-json\/wp\/v2\/media?parent=62429"}],"wp:term":[{"taxonomy":"category","embeddable":true,"href":"https:\/\/eltrabajo.cl\/portal\/wp-json\/wp\/v2\/categories?post=62429"},{"taxonomy":"post_tag","embeddable":true,"href":"https:\/\/eltrabajo.cl\/portal\/wp-json\/wp\/v2\/tags?post=62429"}],"curies":[{"name":"wp","href":"https:\/\/api.w.org\/{rel}","templated":true}]}}