{"id":62435,"date":"2015-09-30T09:30:53","date_gmt":"2015-09-30T12:30:53","guid":{"rendered":"http:\/\/www.eltrabajo.cl\/portal\/?p=62435"},"modified":"2015-09-30T09:30:53","modified_gmt":"2015-09-30T12:30:53","slug":"inician-campana-de-recoleccion-de-fondos-para-afrontar-enfermedad-de-pequeno-airon-galleguillos","status":"publish","type":"post","link":"https:\/\/eltrabajo.cl\/portal\/inician-campana-de-recoleccion-de-fondos-para-afrontar-enfermedad-de-pequeno-airon-galleguillos\/","title":{"rendered":"Inician campa\u00f1a de recolecci\u00f3n de fondos para afrontar enfermedad de peque\u00f1o Airon Galleguillos"},"content":{"rendered":"<figure id=\"attachment_62436\" aria-describedby=\"caption-attachment-62436\" style=\"width: 300px\" class=\"wp-caption alignleft\"><a href=\"https:\/\/i0.wp.com\/www.eltrabajo.cl\/portal\/wp-content\/uploads\/2015\/09\/AironGalleguillos.jpg\"><img data-recalc-dims=\"1\" loading=\"lazy\" decoding=\"async\" class=\"wp-image-62436 size-medium\" src=\"https:\/\/i0.wp.com\/www.eltrabajo.cl\/portal\/wp-content\/uploads\/2015\/09\/AironGalleguillos-300x198.jpg?resize=300%2C198\" alt=\"AironGalleguillos.\" width=\"300\" height=\"198\" srcset=\"https:\/\/i0.wp.com\/eltrabajo.cl\/portal\/wp-content\/uploads\/2015\/09\/AironGalleguillos.jpg?resize=300%2C198&amp;ssl=1 300w, https:\/\/i0.wp.com\/eltrabajo.cl\/portal\/wp-content\/uploads\/2015\/09\/AironGalleguillos.jpg?resize=200%2C132&amp;ssl=1 200w, https:\/\/i0.wp.com\/eltrabajo.cl\/portal\/wp-content\/uploads\/2015\/09\/AironGalleguillos.jpg?resize=227%2C150&amp;ssl=1 227w, https:\/\/i0.wp.com\/eltrabajo.cl\/portal\/wp-content\/uploads\/2015\/09\/AironGalleguillos.jpg?resize=400%2C264&amp;ssl=1 400w, https:\/\/i0.wp.com\/eltrabajo.cl\/portal\/wp-content\/uploads\/2015\/09\/AironGalleguillos.jpg?w=530&amp;ssl=1 530w\" sizes=\"auto, (max-width: 300px) 100vw, 300px\" \/><\/a><figcaption id=\"caption-attachment-62436\" class=\"wp-caption-text\">AironGalleguillos.<\/figcaption><\/figure>\n<p><strong>PUTAENDO.<\/strong>&#8211; Una luz de esperanza es la que hoy lleva consigo el peque\u00f1o Airon Galleguillos Estay, luego que se abriera la posibilidad de recibir un trasplante de progenitores hematopoy\u00e9ticos, que le permitir\u00e1 enfrentar una reca\u00edda en la Leucemia Linfobl\u00e1stica Aguda.<br \/>\nAl borde de las l\u00e1grimas, su abuela, la Sra. Patricia Mu\u00f1oz Nieto nos cont\u00f3 que el peque\u00f1o Airon padece leucemia detectada cuando ten\u00eda s\u00f3lo un a\u00f1o cuatro meses, y todo este largo proceso lo han enfrentado unidos como familia, m\u00e1s a\u00fan cuando hoy se presenta la oportunidad que el peque\u00f1o pueda someterse a un trasplante de m\u00e9dula \u00f3sea luego de la llegada de un cord\u00f3n umbilical que abre una nueva puerta para enfrentar esta complicada enfermedad.<br \/>\nAiron Galleguillos Estay, de actuales cinco a\u00f1os de edad se encuentra internado en la Unidad de Hematooncolog\u00eda del Servicio de Pediatr\u00eda del Hospital Gustavo Fricke de Vi\u00f1a del Mar, recibiendo tratamientos de quimioterapia desde abril del 2014 tras sufrir una reca\u00edda, y se le realizan ex\u00e1menes para determinar la compatibilidad que eventualmente le permitir\u00e1 recibir un Trasplante de Progenitores Hematopoy\u00e9citos en el Hospital Luis Calvo Mackenna de Santiago.<br \/>\nSus padres y familiares han hecho importantes esfuerzos para costear los gastos m\u00e9dicos que ello implica, adem\u00e1s de pasajes y otros requerimientos que tambi\u00e9n deber\u00e1n asumir tras el trasplante, motivo por el cual nuestro medio en conjunto con Radio FM Vida de Putaendo han iniciado una campa\u00f1a solidaria pare reunir fondos e ir en ayuda del peque\u00f1o Airon y su familia. A trav\u00e9s de esta campa\u00f1a queremos enviarle un gran mensaje de fuerza para Airon que lucha por salir adelante, y tambi\u00e9n un refuerzo a sus padres y su abuela, que sin lugar a dudas sentir\u00e1n que toda una comuna est\u00e1 junto a ellos en este proceso.<br \/>\n<strong>Patricio Gallardo M.<\/strong><\/p>\n","protected":false},"excerpt":{"rendered":"<p>PUTAENDO.&#8211; Una luz de esperanza es la que hoy lleva consigo el peque\u00f1o Airon Galleguillos Estay, luego que se abriera la posibilidad de recibir un trasplante de progenitores hematopoy\u00e9ticos, que le permitir\u00e1&#8230;<\/p>\n","protected":false},"author":482,"featured_media":62436,"comment_status":"open","ping_status":"open","sticky":false,"template":"","format":"standard","meta":{"advanced_seo_description":"","jetpack_seo_html_title":"","jetpack_seo_noindex":false,"_jetpack_memberships_contains_paid_content":false,"footnotes":""},"categories":[15],"tags":[],"class_list":["post-62435","post","type-post","status-publish","format-standard","has-post-thumbnail","hentry","category-comunidad"],"jetpack_featured_media_url":"https:\/\/i0.wp.com\/eltrabajo.cl\/portal\/wp-content\/uploads\/2015\/09\/AironGalleguillos.jpg?fit=530%2C350&ssl=1","jetpack_sharing_enabled":true,"jetpack_likes_enabled":true,"jetpack-related-posts":[],"_links":{"self":[{"href":"https:\/\/eltrabajo.cl\/portal\/wp-json\/wp\/v2\/posts\/62435","targetHints":{"allow":["GET"]}}],"collection":[{"href":"https:\/\/eltrabajo.cl\/portal\/wp-json\/wp\/v2\/posts"}],"about":[{"href":"https:\/\/eltrabajo.cl\/portal\/wp-json\/wp\/v2\/types\/post"}],"author":[{"embeddable":true,"href":"https:\/\/eltrabajo.cl\/portal\/wp-json\/wp\/v2\/users\/482"}],"replies":[{"embeddable":true,"href":"https:\/\/eltrabajo.cl\/portal\/wp-json\/wp\/v2\/comments?post=62435"}],"version-history":[{"count":0,"href":"https:\/\/eltrabajo.cl\/portal\/wp-json\/wp\/v2\/posts\/62435\/revisions"}],"wp:featuredmedia":[{"embeddable":true,"href":"https:\/\/eltrabajo.cl\/portal\/wp-json\/wp\/v2\/media\/62436"}],"wp:attachment":[{"href":"https:\/\/eltrabajo.cl\/portal\/wp-json\/wp\/v2\/media?parent=62435"}],"wp:term":[{"taxonomy":"category","embeddable":true,"href":"https:\/\/eltrabajo.cl\/portal\/wp-json\/wp\/v2\/categories?post=62435"},{"taxonomy":"post_tag","embeddable":true,"href":"https:\/\/eltrabajo.cl\/portal\/wp-json\/wp\/v2\/tags?post=62435"}],"curies":[{"name":"wp","href":"https:\/\/api.w.org\/{rel}","templated":true}]}}