{"id":62438,"date":"2015-09-30T09:34:10","date_gmt":"2015-09-30T12:34:10","guid":{"rendered":"http:\/\/www.eltrabajo.cl\/portal\/?p=62438"},"modified":"2015-09-30T09:34:10","modified_gmt":"2015-09-30T12:34:10","slug":"dia-mundial-de-las-personas-sordas-celebrado-en-nuestra-comuna","status":"publish","type":"post","link":"https:\/\/eltrabajo.cl\/portal\/dia-mundial-de-las-personas-sordas-celebrado-en-nuestra-comuna\/","title":{"rendered":"D\u00eda Mundial de las personas sordas celebrado en nuestra comuna"},"content":{"rendered":"<figure id=\"attachment_62439\" aria-describedby=\"caption-attachment-62439\" style=\"width: 300px\" class=\"wp-caption alignleft\"><a href=\"https:\/\/i0.wp.com\/www.eltrabajo.cl\/portal\/wp-content\/uploads\/2015\/09\/Sordos1.jpg\"><img data-recalc-dims=\"1\" loading=\"lazy\" decoding=\"async\" class=\"wp-image-62439 size-medium\" src=\"https:\/\/i0.wp.com\/www.eltrabajo.cl\/portal\/wp-content\/uploads\/2015\/09\/Sordos1-300x198.jpg?resize=300%2C198\" alt=\"GRANDES LUCHADORES.- Ellos son estudiantes sordos de nuestra comuna: Daniel C\u00f3rdoba, Ignacio Salinas, Danitza Valencia, Martina Oyaneder, Oscar Valencia, Ghilene Palacios y Valentina Fern\u00e1ndez, les acompa\u00f1a el profesor Patricio Cordero.\" width=\"300\" height=\"198\" srcset=\"https:\/\/i0.wp.com\/eltrabajo.cl\/portal\/wp-content\/uploads\/2015\/09\/Sordos1.jpg?resize=300%2C198&amp;ssl=1 300w, https:\/\/i0.wp.com\/eltrabajo.cl\/portal\/wp-content\/uploads\/2015\/09\/Sordos1.jpg?resize=200%2C132&amp;ssl=1 200w, https:\/\/i0.wp.com\/eltrabajo.cl\/portal\/wp-content\/uploads\/2015\/09\/Sordos1.jpg?resize=227%2C150&amp;ssl=1 227w, https:\/\/i0.wp.com\/eltrabajo.cl\/portal\/wp-content\/uploads\/2015\/09\/Sordos1.jpg?resize=400%2C264&amp;ssl=1 400w, https:\/\/i0.wp.com\/eltrabajo.cl\/portal\/wp-content\/uploads\/2015\/09\/Sordos1.jpg?w=530&amp;ssl=1 530w\" sizes=\"auto, (max-width: 300px) 100vw, 300px\" \/><\/a><figcaption id=\"caption-attachment-62439\" class=\"wp-caption-text\">GRANDES LUCHADORES.- Ellos son estudiantes sordos de nuestra comuna: Daniel C\u00f3rdoba, Ignacio Salinas, Danitza Valencia, Martina Oyaneder, Oscar Valencia, Ghilene Palacios y Valentina Fern\u00e1ndez, les acompa\u00f1a el profesor Patricio Cordero.<\/figcaption><\/figure>\n<p>Una gran fiesta de la inclusi\u00f3n se vivi\u00f3 ayer martes en el teatro municipal de San Felipe, lugar a donde llegaron siete ni\u00f1os con discapacidad auditiva a celebrar el D\u00eda Internacional de las Personas Sordas. En la celebraci\u00f3n tambi\u00e9n participaron autoridades de nuestra comuna, entre ellas personeros de la Oficina de la Discapacidad del Municipio, as\u00ed como especialistas en el tema.<br \/>\nLa jornada no s\u00f3lo celebra esta fecha tan importante, sino que tambi\u00e9n premia a estos estudiantes en virtud del gran esfuerzo y ganas que ellos empe\u00f1an para salir adelante con su a\u00f1o escolar en escuelas \u2018normales\u2019.<br \/>\nLa actividad fue organizada por la Daem San Felipe, en el evento participaron el Liceo Bicentenario Cordillera y la Escuela de Ni\u00f1as de nuestra comuna. La celebraci\u00f3n tuvo como punto de partida la entrega simb\u00f3lica a los asistentes de dos signos que caracterizan a la poblaci\u00f3n sorda: Las manos, como herramientas de vida con las que hablan y se comunican y un lazo azul, como s\u00edmbolo de lucha de la comunidad sorda mundial por sus derechos. Este \u00faltimo fue instaurado en el XIII Congreso Internacional de la Federaci\u00f3n Mundial de Sordos, realizado en la ciudad de Brisbane, Australia, en julio de 1999. Adem\u00e1s, se realizaron diversas presentaciones art\u00edsticas a cargo de establecimientos educacionales y organizaciones de personas con discapacidad auditiva, como fue una obra de teatro grabada, propuesta que fue proyectada en pantalla gigante y traducida a Lengua de Sordos.<\/p>\n<figure id=\"attachment_62440\" aria-describedby=\"caption-attachment-62440\" style=\"width: 300px\" class=\"wp-caption alignright\"><a href=\"https:\/\/i0.wp.com\/www.eltrabajo.cl\/portal\/wp-content\/uploads\/2015\/09\/Patricio-Cordero.jpg\"><img data-recalc-dims=\"1\" loading=\"lazy\" decoding=\"async\" class=\"wp-image-62440 size-medium\" src=\"https:\/\/i0.wp.com\/www.eltrabajo.cl\/portal\/wp-content\/uploads\/2015\/09\/Patricio-Cordero-300x197.jpg?resize=300%2C197\" alt=\"Patricio Cordero Mu\u00f1oz, int\u00e9rprete acreditado en Lengua de se\u00f1as chilena.\" width=\"300\" height=\"197\" srcset=\"https:\/\/i0.wp.com\/eltrabajo.cl\/portal\/wp-content\/uploads\/2015\/09\/Patricio-Cordero.jpg?resize=300%2C197&amp;ssl=1 300w, https:\/\/i0.wp.com\/eltrabajo.cl\/portal\/wp-content\/uploads\/2015\/09\/Patricio-Cordero.jpg?resize=200%2C131&amp;ssl=1 200w, https:\/\/i0.wp.com\/eltrabajo.cl\/portal\/wp-content\/uploads\/2015\/09\/Patricio-Cordero.jpg?resize=228%2C150&amp;ssl=1 228w, https:\/\/i0.wp.com\/eltrabajo.cl\/portal\/wp-content\/uploads\/2015\/09\/Patricio-Cordero.jpg?resize=400%2C263&amp;ssl=1 400w, https:\/\/i0.wp.com\/eltrabajo.cl\/portal\/wp-content\/uploads\/2015\/09\/Patricio-Cordero.jpg?w=530&amp;ssl=1 530w\" sizes=\"auto, (max-width: 300px) 100vw, 300px\" \/><\/a><figcaption id=\"caption-attachment-62440\" class=\"wp-caption-text\">Patricio Cordero Mu\u00f1oz, int\u00e9rprete acreditado en Lengua de se\u00f1as chilena.<\/figcaption><\/figure>\n<p><strong>GRAN DESAF\u00cdO<\/strong><br \/>\nDiario El Trabajo habl\u00f3 con Patricio Cordero Mu\u00f1oz, int\u00e9rprete acreditado en Lengua de se\u00f1as chilena a cargo del grupo de trabajo con ni\u00f1os sordos del sector estudiantil PIE.<br \/>\n<strong>&#8211; \u00bfQu\u00e9 cifras maneja usted sobre la poblaci\u00f3n sorda infantil en nuestra comuna?<\/strong><br \/>\n<strong>&#8211;<\/strong> Comunalmente contamos con unos 1.400 ni\u00f1os incorporados al PIE en todas las escuelas, y de esos chicos s\u00f3lo siete de ellos son sordos, tenemos a seis int\u00e9rpretes trabajando de lleno con estos estudiantes, o sea, tambi\u00e9n contamos con dos educadoras diferenciales, una psic\u00f3loga y una fonoaudi\u00f3loga, es todo un equipo completo para sacar adelante a estos chicos.<br \/>\n<strong>&#8211; \u00bfHace cu\u00e1ntos a\u00f1os son atendidos los ni\u00f1os sordos en escuelas municipales?<\/strong><br \/>\n<strong>&#8211;<\/strong> Este trabajo lleva entre cinco a seis a\u00f1os, pero fue hasta hace dos a\u00f1os que llegaron m\u00e1s int\u00e9rpretes, esto empez\u00f3 con s\u00f3lo un int\u00e9rprete para toda la comuna; actualmente tenemos un int\u00e9rprete en cada curso de las escuelas en donde hay ni\u00f1os sordos<br \/>\n<strong>&#8211; \u00bfUn ni\u00f1o que naci\u00f3 sordo, puede aprender a hablar?<\/strong><br \/>\n<strong>&#8211;<\/strong> S\u00ed. Ellos pueden aprender a hablar, lo que pasa es que para que eso se logre hay que trabajar desde muy chicos con ellos. El problema que enfrentamos en este desaf\u00edo es que cuando un ni\u00f1o, o cualquier persona emite un sonido extra\u00f1o, generalmente les impedimos que lo sigan haciendo, y as\u00ed limitamos el desarrollo de un posible desarrollo del habla.<\/p>\n<p><strong>CIFRAS 2004<\/strong><br \/>\nDe acuerdo al Primer Estudio Nacional de la Discapacidad, Endisc 2004, el 1,8% de la poblaci\u00f3n presenta deficiencia auditiva, es decir 292.720 personas. De ellas, el 48,7% son hombres y 51,3% son mujeres. En tanto, el mismo estudio indica que dos de cada cinco personas con deficiencia auditiva no ha completado la ense\u00f1anza b\u00e1sica y s\u00f3lo el 6% ha accedido a la educaci\u00f3n superior.<\/p>\n<p><strong>UNA FECHA ESPECIAL<\/strong><br \/>\nEl D\u00eda Internacional de las Personas Sordas fue instaurada en el a\u00f1o 1951 por la Federaci\u00f3n Mundial de Sordos (WFD) y qued\u00f3 establecido que la celebraci\u00f3n se realizar\u00eda el \u00faltimo domingo de septiembre. La WFD actualmente es reconocida por las Naciones Unidas (ONU) como una organizaci\u00f3n internacional no gubernamental, que representa aproximadamente a 70 millones de personas sordas de todo el mundo.<\/p>\n<p><strong>TAMBI\u00c9N EN CHILE<\/strong><br \/>\nLos primeros movimientos asociativos de personas con discapacidad auditiva en nuestro pa\u00eds, tienen sus inicios en el a\u00f1o 1913, \u00e9poca en que Robert Kelly Gray, quien era sordo, inici\u00f3 los tr\u00e1mites para la fundaci\u00f3n de la \u2018Sociedad de Sordomudos de Chile\u2019, posteriormente se llam\u00f3 Asociaci\u00f3n de Sordomudos de Chile y actualmente Asociaci\u00f3n de Sordos de Chile, Asoch, fundada el 24 de octubre de 1926.<br \/>\n<strong>Roberto Gonz\u00e1lez Short<\/strong><br \/>\n<strong>rgonzalez@eltrabajo.cl<\/strong><\/p>\n","protected":false},"excerpt":{"rendered":"<p>Una gran fiesta de la inclusi\u00f3n se vivi\u00f3 ayer martes en el teatro municipal de San Felipe, lugar a donde llegaron siete ni\u00f1os con discapacidad auditiva a celebrar el D\u00eda Internacional de&#8230;<\/p>\n","protected":false},"author":482,"featured_media":62439,"comment_status":"open","ping_status":"open","sticky":false,"template":"","format":"standard","meta":{"advanced_seo_description":"","jetpack_seo_html_title":"","jetpack_seo_noindex":false,"_jetpack_memberships_contains_paid_content":false,"footnotes":""},"categories":[15],"tags":[],"class_list":["post-62438","post","type-post","status-publish","format-standard","has-post-thumbnail","hentry","category-comunidad"],"jetpack_featured_media_url":"https:\/\/i0.wp.com\/eltrabajo.cl\/portal\/wp-content\/uploads\/2015\/09\/Sordos1.jpg?fit=530%2C350&ssl=1","jetpack_sharing_enabled":true,"jetpack_likes_enabled":true,"jetpack-related-posts":[],"_links":{"self":[{"href":"https:\/\/eltrabajo.cl\/portal\/wp-json\/wp\/v2\/posts\/62438","targetHints":{"allow":["GET"]}}],"collection":[{"href":"https:\/\/eltrabajo.cl\/portal\/wp-json\/wp\/v2\/posts"}],"about":[{"href":"https:\/\/eltrabajo.cl\/portal\/wp-json\/wp\/v2\/types\/post"}],"author":[{"embeddable":true,"href":"https:\/\/eltrabajo.cl\/portal\/wp-json\/wp\/v2\/users\/482"}],"replies":[{"embeddable":true,"href":"https:\/\/eltrabajo.cl\/portal\/wp-json\/wp\/v2\/comments?post=62438"}],"version-history":[{"count":0,"href":"https:\/\/eltrabajo.cl\/portal\/wp-json\/wp\/v2\/posts\/62438\/revisions"}],"wp:featuredmedia":[{"embeddable":true,"href":"https:\/\/eltrabajo.cl\/portal\/wp-json\/wp\/v2\/media\/62439"}],"wp:attachment":[{"href":"https:\/\/eltrabajo.cl\/portal\/wp-json\/wp\/v2\/media?parent=62438"}],"wp:term":[{"taxonomy":"category","embeddable":true,"href":"https:\/\/eltrabajo.cl\/portal\/wp-json\/wp\/v2\/categories?post=62438"},{"taxonomy":"post_tag","embeddable":true,"href":"https:\/\/eltrabajo.cl\/portal\/wp-json\/wp\/v2\/tags?post=62438"}],"curies":[{"name":"wp","href":"https:\/\/api.w.org\/{rel}","templated":true}]}}