{"id":62442,"date":"2015-09-30T09:36:02","date_gmt":"2015-09-30T12:36:02","guid":{"rendered":"http:\/\/www.eltrabajo.cl\/portal\/?p=62442"},"modified":"2015-09-30T09:36:02","modified_gmt":"2015-09-30T12:36:02","slug":"estudiantes-putaendinos-reciben-capacitacion-en-la-pontificia-universidad-catolica-de-valparaiso","status":"publish","type":"post","link":"https:\/\/eltrabajo.cl\/portal\/estudiantes-putaendinos-reciben-capacitacion-en-la-pontificia-universidad-catolica-de-valparaiso\/","title":{"rendered":"Estudiantes putaendinos reciben capacitaci\u00f3n en la Pontificia Universidad Cat\u00f3lica de Valpara\u00edso"},"content":{"rendered":"<figure id=\"attachment_62443\" aria-describedby=\"caption-attachment-62443\" style=\"width: 300px\" class=\"wp-caption alignleft\"><a href=\"https:\/\/i0.wp.com\/www.eltrabajo.cl\/portal\/wp-content\/uploads\/2015\/09\/Electcursos.jpg\"><img data-recalc-dims=\"1\" loading=\"lazy\" decoding=\"async\" class=\"wp-image-62443 size-medium\" src=\"https:\/\/i0.wp.com\/www.eltrabajo.cl\/portal\/wp-content\/uploads\/2015\/09\/Electcursos-300x198.jpg?resize=300%2C198\" alt=\"Directora del Liceo Manuel Marin F., Cecilia Tapia Castro, Director de la Daem, Patricio Moreno B., y la Docente Mar\u00eda Rojas junto a los alumnos Pablo Reyes y Luis Jim\u00e9nez.\" width=\"300\" height=\"198\" srcset=\"https:\/\/i0.wp.com\/eltrabajo.cl\/portal\/wp-content\/uploads\/2015\/09\/Electcursos.jpg?resize=300%2C198&amp;ssl=1 300w, https:\/\/i0.wp.com\/eltrabajo.cl\/portal\/wp-content\/uploads\/2015\/09\/Electcursos.jpg?resize=200%2C132&amp;ssl=1 200w, https:\/\/i0.wp.com\/eltrabajo.cl\/portal\/wp-content\/uploads\/2015\/09\/Electcursos.jpg?resize=227%2C150&amp;ssl=1 227w, https:\/\/i0.wp.com\/eltrabajo.cl\/portal\/wp-content\/uploads\/2015\/09\/Electcursos.jpg?resize=400%2C264&amp;ssl=1 400w, https:\/\/i0.wp.com\/eltrabajo.cl\/portal\/wp-content\/uploads\/2015\/09\/Electcursos.jpg?w=530&amp;ssl=1 530w\" sizes=\"auto, (max-width: 300px) 100vw, 300px\" \/><\/a><figcaption id=\"caption-attachment-62443\" class=\"wp-caption-text\">Directora del Liceo Manuel Marin F., Cecilia Tapia Castro, Director de la Daem, Patricio Moreno B., y la Docente Mar\u00eda Rojas junto a los alumnos Pablo Reyes y Luis Jim\u00e9nez.<\/figcaption><\/figure>\n<ul>\n<li><strong>Los alumnos Mat\u00edas Jim\u00e9nez y Pablo Reyes, ambos de la especialidad de Electricidad, del Liceo Manuel Mar\u00edn Fritis, viajan cada semana a un curso de Energ\u00edas Renovables en la prestigiosa casa de estudios superiores.<\/strong><\/li>\n<\/ul>\n<p><strong>PUTAENDO.-<\/strong> Este mi\u00e9rcoles por la tarde, los alumnos Pablo Reyes y Mat\u00edas Jim\u00e9nez se preparan para viajar hasta el llamado \u2018Puerto Principal\u2019. Ambos estudiantes de Electricidad del Liceo Manuel Mar\u00edn Fritis parten en un furg\u00f3n del Daem hasta la capital regional, donde participan en el Curso de Energ\u00edas Renovables que imparte la Pontificia Universidad Cat\u00f3lica de Valpara\u00edso (PUCV).<br \/>\nLa instancia surgi\u00f3 producto de conversaciones entre ambos establecimientos el a\u00f1o pasado, tras la participaci\u00f3n del Liceo en proyectos de Emprendimiento gestionados en la Universidad. Pasado el tiempo, el Liceo Manuel Mar\u00edn Fritis recibi\u00f3 la invitaci\u00f3n por parte de la PUCV para que dos alumnos de cuarto medio, que estudien Electricidad, sean capacitados en la fabricaci\u00f3n e instalaci\u00f3n de paneles solares.<br \/>\n\u201cEmpez\u00f3 con la teor\u00eda. Tuvimos dos clases en sala en todo lo que es la teor\u00eda y nosotros, por ser el\u00e9ctricos, ya nos manejamos en el tema. Ahora hemos estado dos semanas instalando. Ya estamos convirtiendo desde corriente continua a alterna. Hemos aprendido mucho y tambi\u00e9n hemos compartido experiencias\u201d, manifest\u00f3 Mar\u00eda Isabel Rojas, Docente de la Especialidad de Electricidad.<br \/>\nLos m\u00e1s contentos son los mismos alumnos quienes han conocido un mundo totalmente distinto al acostumbrado en Putaendo. En efecto, estar en la Casa Central de la PUCV, con j\u00f3venes de otros establecimientos t\u00e9cnicos profesionales y con ense\u00f1anza universitaria de primer nivel, ha sido una vivencia totalmente enriquecedora para ellos.<br \/>\n\u201cEs una oportunidad que hay que aprovecharla, m\u00e1s en este colegio donde se est\u00e1n incentivando m\u00e1s cursos para participar. Este a\u00f1o sali\u00f3 este curso sobre paneles solares que es muy bonito, una experiencia muy buena, con gente de diferentes lados. Hemos aprendidos a hacer paneles y a hacer circuitos con los paneles. Ha sido algo muy satisfactorio para los alumnos y tambi\u00e9n para los profesores que nos han acompa\u00f1ado\u201d, expreso Pablo Reyes, a Diario El Trabajo.<br \/>\n\u201cEs bonita la experiencia, porque igual uno aprende harto para futuras cosas. Por la especialidad de nosotros igual yo entiendo harto de lo que nos ense\u00f1an. Nos preparan en f\u00f3rmulas de instalaci\u00f3n, las esquem\u00e1ticas y sus instalaciones como tales\u201d, mencion\u00f3 Mat\u00edas Jim\u00e9nez.<br \/>\nPor su parte, el director del Daem Putaendo, Patricio Moreno Bustamente, felicit\u00f3 a ambos estudiantes por la dedicaci\u00f3n que han puesto en este tema. \u201cPara nosotros es sumamente importante que nuestros alumnos tengan otra perspectiva de ense\u00f1anza y nada mejor que sea de mano de una universidad tan importante como la Cat\u00f3lica de Valpara\u00edso. Hemos puesto transporte directo de ellos en furg\u00f3n y agotaremos instancias para que todos los alumnos que sobresalgan en sus quehaceres, puedan expandir sus conocimientos\u201d, destac\u00f3.<br \/>\nEl curso se realiza semanalmente y terminar\u00e1 el primer martes de octubre. Despu\u00e9s, tanto estudiantes como profesores, quedar\u00e1n certificados por Pontificia Universidad Cat\u00f3lica de Valpara\u00edso.<\/p>\n","protected":false},"excerpt":{"rendered":"<p>Los alumnos Mat\u00edas Jim\u00e9nez y Pablo Reyes, ambos de la especialidad de Electricidad, del Liceo Manuel Mar\u00edn Fritis, viajan cada semana a un curso de Energ\u00edas Renovables en la prestigiosa casa de&#8230;<\/p>\n","protected":false},"author":482,"featured_media":62443,"comment_status":"open","ping_status":"open","sticky":false,"template":"","format":"standard","meta":{"advanced_seo_description":"","jetpack_seo_html_title":"","jetpack_seo_noindex":false,"_jetpack_memberships_contains_paid_content":false,"footnotes":""},"categories":[1],"tags":[],"class_list":["post-62442","post","type-post","status-publish","format-standard","has-post-thumbnail","hentry","category-cronica"],"jetpack_featured_media_url":"https:\/\/i0.wp.com\/eltrabajo.cl\/portal\/wp-content\/uploads\/2015\/09\/Electcursos.jpg?fit=530%2C350&ssl=1","jetpack_sharing_enabled":true,"jetpack_likes_enabled":true,"jetpack-related-posts":[],"_links":{"self":[{"href":"https:\/\/eltrabajo.cl\/portal\/wp-json\/wp\/v2\/posts\/62442","targetHints":{"allow":["GET"]}}],"collection":[{"href":"https:\/\/eltrabajo.cl\/portal\/wp-json\/wp\/v2\/posts"}],"about":[{"href":"https:\/\/eltrabajo.cl\/portal\/wp-json\/wp\/v2\/types\/post"}],"author":[{"embeddable":true,"href":"https:\/\/eltrabajo.cl\/portal\/wp-json\/wp\/v2\/users\/482"}],"replies":[{"embeddable":true,"href":"https:\/\/eltrabajo.cl\/portal\/wp-json\/wp\/v2\/comments?post=62442"}],"version-history":[{"count":0,"href":"https:\/\/eltrabajo.cl\/portal\/wp-json\/wp\/v2\/posts\/62442\/revisions"}],"wp:featuredmedia":[{"embeddable":true,"href":"https:\/\/eltrabajo.cl\/portal\/wp-json\/wp\/v2\/media\/62443"}],"wp:attachment":[{"href":"https:\/\/eltrabajo.cl\/portal\/wp-json\/wp\/v2\/media?parent=62442"}],"wp:term":[{"taxonomy":"category","embeddable":true,"href":"https:\/\/eltrabajo.cl\/portal\/wp-json\/wp\/v2\/categories?post=62442"},{"taxonomy":"post_tag","embeddable":true,"href":"https:\/\/eltrabajo.cl\/portal\/wp-json\/wp\/v2\/tags?post=62442"}],"curies":[{"name":"wp","href":"https:\/\/api.w.org\/{rel}","templated":true}]}}