{"id":62445,"date":"2015-09-30T09:37:26","date_gmt":"2015-09-30T12:37:26","guid":{"rendered":"http:\/\/www.eltrabajo.cl\/portal\/?p=62445"},"modified":"2015-09-30T09:37:26","modified_gmt":"2015-09-30T12:37:26","slug":"cansada-de-robos-duena-de-restoran-pide-al-municipio-podar-arbol-por-el-cual-antisociales-ingresan","status":"publish","type":"post","link":"https:\/\/eltrabajo.cl\/portal\/cansada-de-robos-duena-de-restoran-pide-al-municipio-podar-arbol-por-el-cual-antisociales-ingresan\/","title":{"rendered":"Cansada de robos, due\u00f1a de restor\u00e1n pide al municipio podar \u00e1rbol por el cual antisociales ingresan"},"content":{"rendered":"<figure id=\"attachment_62446\" aria-describedby=\"caption-attachment-62446\" style=\"width: 300px\" class=\"wp-caption alignleft\"><a href=\"https:\/\/i0.wp.com\/www.eltrabajo.cl\/portal\/wp-content\/uploads\/2015\/09\/marcos-robo6.jpg\"><img data-recalc-dims=\"1\" loading=\"lazy\" decoding=\"async\" class=\"wp-image-62446 size-medium\" src=\"https:\/\/i0.wp.com\/www.eltrabajo.cl\/portal\/wp-content\/uploads\/2015\/09\/marcos-robo6-300x198.jpg?resize=300%2C198\" alt=\"La due\u00f1a del restor\u00e1n Marco\u2019s pide que el municipio pode este \u00e1rbol ya que los delincuentes lo usan para acceder al techo y as\u00ed ingresar a su propiedad.\" width=\"300\" height=\"198\" srcset=\"https:\/\/i0.wp.com\/eltrabajo.cl\/portal\/wp-content\/uploads\/2015\/09\/marcos-robo6.jpg?resize=300%2C198&amp;ssl=1 300w, https:\/\/i0.wp.com\/eltrabajo.cl\/portal\/wp-content\/uploads\/2015\/09\/marcos-robo6.jpg?resize=200%2C132&amp;ssl=1 200w, https:\/\/i0.wp.com\/eltrabajo.cl\/portal\/wp-content\/uploads\/2015\/09\/marcos-robo6.jpg?resize=228%2C150&amp;ssl=1 228w, https:\/\/i0.wp.com\/eltrabajo.cl\/portal\/wp-content\/uploads\/2015\/09\/marcos-robo6.jpg?resize=400%2C263&amp;ssl=1 400w, https:\/\/i0.wp.com\/eltrabajo.cl\/portal\/wp-content\/uploads\/2015\/09\/marcos-robo6.jpg?w=530&amp;ssl=1 530w\" sizes=\"auto, (max-width: 300px) 100vw, 300px\" \/><\/a><figcaption id=\"caption-attachment-62446\" class=\"wp-caption-text\">La due\u00f1a del restor\u00e1n Marco\u2019s pide que el municipio pode este \u00e1rbol ya que los delincuentes lo usan para acceder al techo y as\u00ed ingresar a su propiedad.<\/figcaption><\/figure>\n<p><strong>LOS ANDES.-<\/strong> La propietaria del restor\u00e1n Marco\u2019s (su identidad se mantiene en reserva por expresa petici\u00f3n) asegur\u00f3 que los delincuentes que fueron detenidos por Carabineros tras haber robado cilindros de gas, son los mismos que entraron la semana pasada sustrayendo cerca de un mill\u00f3n 200 mil pesos en especies.<br \/>\nLa afectada manifest\u00f3 que la semana pasada fue v\u00edctima de un robo en el local y ser\u00edan los mismos sujetos detenidos los que ingresaron fracturando la ventana del segundo piso y luego la ventana de la cocina ubicada en el primer nivel.<br \/>\nPuntualiz\u00f3 que la semana pasada los antisociales le sustrajeron un Notebook, un plasma y un DVD m\u00e1s el dinero que estaba en la caja, todo avaluado en 1,2 millones de pesos, adem\u00e1s de los da\u00f1os.<br \/>\nLa propietaria se\u00f1al\u00f3 que los antisociales accedieron al techo a trav\u00e9s de un \u00e1rbol que se ubica en la calle, frente a la propiedad contigua y se quej\u00f3 que si bien ha solicitado al municipio que lo poden, a\u00fan no ha obtenido respuesta.<br \/>\nDijo que si el municipio no lo corta, lo har\u00e1 ella aunque eso implique que le pasen una multa, \u201cporque los delincuentes son como gatos y se suben por cualquier parte, pero si cortamos el \u00e1rbol nos pasan un parte y si lo dejamos los beneficiados son los ladrones, entonces qui\u00e9n entiende esta situaci\u00f3n\u201d, fustig\u00f3.<br \/>\nPor ello, agradeci\u00f3 el actuar de Carabineros que no solo permiti\u00f3 la captura de los delincuentes, sino recuperar los cilindros de gas sustra\u00eddos en este segundo robo, \u201cy ojal\u00e1 espero poder recuperar el Notebook y el plasma\u201d.<\/p>\n","protected":false},"excerpt":{"rendered":"<p>LOS ANDES.- La propietaria del restor\u00e1n Marco\u2019s (su identidad se mantiene en reserva por expresa petici\u00f3n) asegur\u00f3 que los delincuentes que fueron detenidos por Carabineros tras haber robado cilindros de gas, son&#8230;<\/p>\n","protected":false},"author":482,"featured_media":62446,"comment_status":"open","ping_status":"open","sticky":false,"template":"","format":"standard","meta":{"advanced_seo_description":"","jetpack_seo_html_title":"","jetpack_seo_noindex":false,"_jetpack_memberships_contains_paid_content":false,"footnotes":""},"categories":[1],"tags":[],"class_list":["post-62445","post","type-post","status-publish","format-standard","has-post-thumbnail","hentry","category-cronica"],"jetpack_featured_media_url":"https:\/\/i0.wp.com\/eltrabajo.cl\/portal\/wp-content\/uploads\/2015\/09\/marcos-robo6.jpg?fit=530%2C349&ssl=1","jetpack_sharing_enabled":true,"jetpack_likes_enabled":true,"jetpack-related-posts":[],"_links":{"self":[{"href":"https:\/\/eltrabajo.cl\/portal\/wp-json\/wp\/v2\/posts\/62445","targetHints":{"allow":["GET"]}}],"collection":[{"href":"https:\/\/eltrabajo.cl\/portal\/wp-json\/wp\/v2\/posts"}],"about":[{"href":"https:\/\/eltrabajo.cl\/portal\/wp-json\/wp\/v2\/types\/post"}],"author":[{"embeddable":true,"href":"https:\/\/eltrabajo.cl\/portal\/wp-json\/wp\/v2\/users\/482"}],"replies":[{"embeddable":true,"href":"https:\/\/eltrabajo.cl\/portal\/wp-json\/wp\/v2\/comments?post=62445"}],"version-history":[{"count":0,"href":"https:\/\/eltrabajo.cl\/portal\/wp-json\/wp\/v2\/posts\/62445\/revisions"}],"wp:featuredmedia":[{"embeddable":true,"href":"https:\/\/eltrabajo.cl\/portal\/wp-json\/wp\/v2\/media\/62446"}],"wp:attachment":[{"href":"https:\/\/eltrabajo.cl\/portal\/wp-json\/wp\/v2\/media?parent=62445"}],"wp:term":[{"taxonomy":"category","embeddable":true,"href":"https:\/\/eltrabajo.cl\/portal\/wp-json\/wp\/v2\/categories?post=62445"},{"taxonomy":"post_tag","embeddable":true,"href":"https:\/\/eltrabajo.cl\/portal\/wp-json\/wp\/v2\/tags?post=62445"}],"curies":[{"name":"wp","href":"https:\/\/api.w.org\/{rel}","templated":true}]}}