{"id":62448,"date":"2015-09-30T09:39:25","date_gmt":"2015-09-30T12:39:25","guid":{"rendered":"http:\/\/www.eltrabajo.cl\/portal\/?p=62448"},"modified":"2015-09-30T09:39:25","modified_gmt":"2015-09-30T12:39:25","slug":"entregan-ultima-obra-de-la-poetisa-putaendina-paula-godoy-en-escuelas-y-liceos","status":"publish","type":"post","link":"https:\/\/eltrabajo.cl\/portal\/entregan-ultima-obra-de-la-poetisa-putaendina-paula-godoy-en-escuelas-y-liceos\/","title":{"rendered":"Entregan \u00faltima obra de la poetisa putaendina Paula Godoy en escuelas y liceos"},"content":{"rendered":"<figure id=\"attachment_62449\" aria-describedby=\"caption-attachment-62449\" style=\"width: 300px\" class=\"wp-caption alignleft\"><a href=\"https:\/\/i0.wp.com\/www.eltrabajo.cl\/portal\/wp-content\/uploads\/2015\/09\/Entrega-libros-Paula-godoy.jpg\"><img data-recalc-dims=\"1\" loading=\"lazy\" decoding=\"async\" class=\"wp-image-62449 size-medium\" src=\"https:\/\/i0.wp.com\/www.eltrabajo.cl\/portal\/wp-content\/uploads\/2015\/09\/Entrega-libros-Paula-godoy-300x198.jpg?resize=300%2C198\" alt=\"La poetisa putaendina Paula Godoy entreg\u00f3 a establecimientos educacionales de Putaendo su \u00faltima obra \u2018Andando la Vida en D\u00e9cimas\u2019.\" width=\"300\" height=\"198\" srcset=\"https:\/\/i0.wp.com\/eltrabajo.cl\/portal\/wp-content\/uploads\/2015\/09\/Entrega-libros-Paula-godoy.jpg?resize=300%2C198&amp;ssl=1 300w, https:\/\/i0.wp.com\/eltrabajo.cl\/portal\/wp-content\/uploads\/2015\/09\/Entrega-libros-Paula-godoy.jpg?resize=200%2C132&amp;ssl=1 200w, https:\/\/i0.wp.com\/eltrabajo.cl\/portal\/wp-content\/uploads\/2015\/09\/Entrega-libros-Paula-godoy.jpg?resize=227%2C150&amp;ssl=1 227w, https:\/\/i0.wp.com\/eltrabajo.cl\/portal\/wp-content\/uploads\/2015\/09\/Entrega-libros-Paula-godoy.jpg?resize=400%2C264&amp;ssl=1 400w, https:\/\/i0.wp.com\/eltrabajo.cl\/portal\/wp-content\/uploads\/2015\/09\/Entrega-libros-Paula-godoy.jpg?w=530&amp;ssl=1 530w\" sizes=\"auto, (max-width: 300px) 100vw, 300px\" \/><\/a><figcaption id=\"caption-attachment-62449\" class=\"wp-caption-text\">La poetisa putaendina Paula Godoy entreg\u00f3 a establecimientos educacionales de Putaendo su \u00faltima obra \u2018Andando la Vida en D\u00e9cimas\u2019.<\/figcaption><\/figure>\n<ul>\n<li><strong>En una evento lleno de versos, la querida escritora entreg\u00f3 ejemplares de \u2018Andando la Vida en D\u00e9cimas\u2019 a cada uno de nuestros establecimientos.<\/strong><\/li>\n<\/ul>\n<p><strong>PUTAENDO<\/strong>.- Como una forma de promover la buena ense\u00f1anza, los h\u00e1bitos de lectura y las tradiciones locales, el Departamento de Educaci\u00f3n organiz\u00f3 una ceremonia que tuvo por objetivo el lanzamiento del libro \u2018Andando la Vida en D\u00e9cimas\u2019, de la escritora putaendina Paula Godoy a todos los establecimientos municipales de Putaendo.<br \/>\nEn efecto, durante el evento la destacada poetisa local realiz\u00f3 la entrega de ejemplares a cada una de las escuelas y liceos de la comuna, los que estar\u00e1n disponibles en sus respectivas bibliotecas escolares. La actividad se realiz\u00f3 con representantes de los establecimientos, quienes agradecieron recibir la obra de la querida escritora.<br \/>\nPaula Godoy resumi\u00f3 que el libro es una autobiograf\u00eda contada a trav\u00e9s de d\u00e9cimas. De esta forma, el recorrido por sus p\u00e1ginas es liviano y entretenido. Por otro lado, encuentra vital que este tipo de cultura pueda ser transmitida hacia las nuevas generaciones, sobre todo porque a ella le gusta ense\u00f1ar todo lo que ha aprendido durante su vida.<br \/>\n\u201cMi principal mensaje es siempre incentivar la lectura y que los ni\u00f1os tambi\u00e9n aprendan parte de nuestras tradiciones, porque yo soy una cultora de las tradiciones de nuestro pueblo. Me gustar\u00eda que ellos aprendan la m\u00e9trica decimal que es muy linda. Es muy importante que eso no se pierda. Nosotros somos un pueblo con muchas tradiciones como el Encuentro de Payadores, donde se usa mucho la d\u00e9cima. Hay muchos que tienen coraz\u00f3n de artista y hay que incentivarlos\u201d, destac\u00f3 la escritora.<br \/>\nEl evento fue realizado en el Liceo Manuel Mar\u00edn Fritis, contando con la presencia de directores, profesores y alumnos de todas las escuelas de la comuna. En la oportunidad, los versos y las d\u00e9cimas empaparon el ambiente. Sin lugar a dudas, una linda experiencia que acerc\u00f3 a ni\u00f1os y j\u00f3venes con las letras y la cultura campesina local.<br \/>\n\u201cLa verdad es que para nosotros, como Departamento de Educaci\u00f3n, es muy importante la presentaci\u00f3n del libro de Sara Olgu\u00edn, puesto que Putaendo es una tierra llena de cultura. Putaendo es una tierra donde tenemos todav\u00eda personas que son capaces de cantarnos en d\u00e9cimas. Parte de nuestro quehacer diario es promover tanto la buena ense\u00f1anza como la cultura local y tradiciones en nuestros estudiantes\u201d, destac\u00f3 Patricio Moreno Bustamante, jefe del Daem Putaendo.<br \/>\nUna vez terminada la ceremonia formal, tanto alumnos como profesores o directores de los diferentes establecimientos compartieron un peque\u00f1a atenci\u00f3n realizada por el Liceo Manuel Mar\u00edn Fritis. En la oportunidad, la escritora pudo autografiar algunos de sus libros.<\/p>\n","protected":false},"excerpt":{"rendered":"<p>En una evento lleno de versos, la querida escritora entreg\u00f3 ejemplares de \u2018Andando la Vida en D\u00e9cimas\u2019 a cada uno de nuestros establecimientos. PUTAENDO.- Como una forma de promover la buena ense\u00f1anza,&#8230;<\/p>\n","protected":false},"author":482,"featured_media":62449,"comment_status":"open","ping_status":"open","sticky":false,"template":"","format":"standard","meta":{"advanced_seo_description":"","jetpack_seo_html_title":"","jetpack_seo_noindex":false,"_jetpack_memberships_contains_paid_content":false,"footnotes":""},"categories":[1],"tags":[],"class_list":["post-62448","post","type-post","status-publish","format-standard","has-post-thumbnail","hentry","category-cronica"],"jetpack_featured_media_url":"https:\/\/i0.wp.com\/eltrabajo.cl\/portal\/wp-content\/uploads\/2015\/09\/Entrega-libros-Paula-godoy.jpg?fit=530%2C350&ssl=1","jetpack_sharing_enabled":true,"jetpack_likes_enabled":true,"jetpack-related-posts":[],"_links":{"self":[{"href":"https:\/\/eltrabajo.cl\/portal\/wp-json\/wp\/v2\/posts\/62448","targetHints":{"allow":["GET"]}}],"collection":[{"href":"https:\/\/eltrabajo.cl\/portal\/wp-json\/wp\/v2\/posts"}],"about":[{"href":"https:\/\/eltrabajo.cl\/portal\/wp-json\/wp\/v2\/types\/post"}],"author":[{"embeddable":true,"href":"https:\/\/eltrabajo.cl\/portal\/wp-json\/wp\/v2\/users\/482"}],"replies":[{"embeddable":true,"href":"https:\/\/eltrabajo.cl\/portal\/wp-json\/wp\/v2\/comments?post=62448"}],"version-history":[{"count":0,"href":"https:\/\/eltrabajo.cl\/portal\/wp-json\/wp\/v2\/posts\/62448\/revisions"}],"wp:featuredmedia":[{"embeddable":true,"href":"https:\/\/eltrabajo.cl\/portal\/wp-json\/wp\/v2\/media\/62449"}],"wp:attachment":[{"href":"https:\/\/eltrabajo.cl\/portal\/wp-json\/wp\/v2\/media?parent=62448"}],"wp:term":[{"taxonomy":"category","embeddable":true,"href":"https:\/\/eltrabajo.cl\/portal\/wp-json\/wp\/v2\/categories?post=62448"},{"taxonomy":"post_tag","embeddable":true,"href":"https:\/\/eltrabajo.cl\/portal\/wp-json\/wp\/v2\/tags?post=62448"}],"curies":[{"name":"wp","href":"https:\/\/api.w.org\/{rel}","templated":true}]}}