{"id":62451,"date":"2015-09-30T09:41:31","date_gmt":"2015-09-30T12:41:31","guid":{"rendered":"http:\/\/www.eltrabajo.cl\/portal\/?p=62451"},"modified":"2015-09-30T09:41:31","modified_gmt":"2015-09-30T12:41:31","slug":"inauguran-proyecto-mejoramiento-de-gimnasio-del-liceo-corina-urbina","status":"publish","type":"post","link":"https:\/\/eltrabajo.cl\/portal\/inauguran-proyecto-mejoramiento-de-gimnasio-del-liceo-corina-urbina\/","title":{"rendered":"Inauguran proyecto mejoramiento de Gimnasio del Liceo Corina Urbina"},"content":{"rendered":"<figure id=\"attachment_62452\" aria-describedby=\"caption-attachment-62452\" style=\"width: 300px\" class=\"wp-caption alignleft\"><a href=\"https:\/\/i0.wp.com\/www.eltrabajo.cl\/portal\/wp-content\/uploads\/2015\/09\/Inauguracion-Gimnasio.jpg\"><img data-recalc-dims=\"1\" loading=\"lazy\" decoding=\"async\" class=\"wp-image-62452 size-medium\" src=\"https:\/\/i0.wp.com\/www.eltrabajo.cl\/portal\/wp-content\/uploads\/2015\/09\/Inauguracion-Gimnasio-300x197.jpg?resize=300%2C197\" alt=\"Diversas autoridades participaron de la ceremonia inaugural del proyecto de mejoramiento del Gimnasio \u2018Carmen Rodr\u00edguez Espinoza\u2019 del Liceo Corina Urbina.\" width=\"300\" height=\"197\" srcset=\"https:\/\/i0.wp.com\/eltrabajo.cl\/portal\/wp-content\/uploads\/2015\/09\/Inauguracion-Gimnasio.jpg?resize=300%2C197&amp;ssl=1 300w, https:\/\/i0.wp.com\/eltrabajo.cl\/portal\/wp-content\/uploads\/2015\/09\/Inauguracion-Gimnasio.jpg?resize=200%2C131&amp;ssl=1 200w, https:\/\/i0.wp.com\/eltrabajo.cl\/portal\/wp-content\/uploads\/2015\/09\/Inauguracion-Gimnasio.jpg?resize=228%2C150&amp;ssl=1 228w, https:\/\/i0.wp.com\/eltrabajo.cl\/portal\/wp-content\/uploads\/2015\/09\/Inauguracion-Gimnasio.jpg?resize=400%2C263&amp;ssl=1 400w, https:\/\/i0.wp.com\/eltrabajo.cl\/portal\/wp-content\/uploads\/2015\/09\/Inauguracion-Gimnasio.jpg?w=530&amp;ssl=1 530w\" sizes=\"auto, (max-width: 300px) 100vw, 300px\" \/><\/a><figcaption id=\"caption-attachment-62452\" class=\"wp-caption-text\">Diversas autoridades participaron de la ceremonia inaugural del proyecto de mejoramiento del Gimnasio \u2018Carmen Rodr\u00edguez Espinoza\u2019 del Liceo Corina Urbina.<\/figcaption><\/figure>\n<p>Satisfecho se mostr\u00f3 el alcalde de San Felipe, Patricio Freire, tras presidir la ceremonia inaugural del proyecto de mejoramiento del Gimnasio \u2018Carmen Rodr\u00edguez Espinoza\u2019 del Liceo Corina Urbina, establecimiento que a contar de ahora, cuenta con un recinto deportivo de alto nivel, con una inversi\u00f3n de 345 millones de pesos, aportados por el Fondo Nacional de Desarrollo Regional.<br \/>\nEn la ma\u00f1ana de este martes y con la presencia del alcalde Freire, del gobernador Eduardo Le\u00f3n y consejeros regionales, adem\u00e1s de autoridades de la comuna de San Felipe, se realiz\u00f3 la ceremonia donde la directora del plantel, Mar\u00eda Isabel Espejo, reconoci\u00f3 la alegr\u00eda que genera en la comunidad educativa la realizaci\u00f3n de este proyecto.<br \/>\n\u201cEste es un proyecto largamente esperado por nuestra comunidad, desde la d\u00e9cada del cincuenta que destacamos en logros deportivos, junto con la formaci\u00f3n de un estilo de vida sano y trabajo en equipo, por lo que era tremendamente importante para la comunidad, contar con infraestructura adecuada para nuestras diferentes disciplinas deportivas, quedando solo para la pr\u00e1ctica deportiva, por el alto costo de la carpeta que hoy fue instalada\u201d, se\u00f1al\u00f3 la directora del Liceo Corina Urbina.<\/p>\n<figure id=\"attachment_62453\" aria-describedby=\"caption-attachment-62453\" style=\"width: 300px\" class=\"wp-caption alignright\"><a href=\"https:\/\/i0.wp.com\/www.eltrabajo.cl\/portal\/wp-content\/uploads\/2015\/09\/Inauguracion-Gimnasio-2.jpg\"><img data-recalc-dims=\"1\" loading=\"lazy\" decoding=\"async\" class=\"wp-image-62453 size-medium\" src=\"https:\/\/i0.wp.com\/www.eltrabajo.cl\/portal\/wp-content\/uploads\/2015\/09\/Inauguracion-Gimnasio-2-300x198.jpg?resize=300%2C198\" alt=\"Una inversi\u00f3n FNDR de 345 millones de pesos demand\u00f3 el mejoramiento del gimnasio.\" width=\"300\" height=\"198\" srcset=\"https:\/\/i0.wp.com\/eltrabajo.cl\/portal\/wp-content\/uploads\/2015\/09\/Inauguracion-Gimnasio-2.jpg?resize=300%2C198&amp;ssl=1 300w, https:\/\/i0.wp.com\/eltrabajo.cl\/portal\/wp-content\/uploads\/2015\/09\/Inauguracion-Gimnasio-2.jpg?resize=200%2C132&amp;ssl=1 200w, https:\/\/i0.wp.com\/eltrabajo.cl\/portal\/wp-content\/uploads\/2015\/09\/Inauguracion-Gimnasio-2.jpg?resize=227%2C150&amp;ssl=1 227w, https:\/\/i0.wp.com\/eltrabajo.cl\/portal\/wp-content\/uploads\/2015\/09\/Inauguracion-Gimnasio-2.jpg?resize=400%2C264&amp;ssl=1 400w, https:\/\/i0.wp.com\/eltrabajo.cl\/portal\/wp-content\/uploads\/2015\/09\/Inauguracion-Gimnasio-2.jpg?w=530&amp;ssl=1 530w\" sizes=\"auto, (max-width: 300px) 100vw, 300px\" \/><\/a><figcaption id=\"caption-attachment-62453\" class=\"wp-caption-text\">Una inversi\u00f3n FNDR de 345 millones de pesos demand\u00f3 el mejoramiento del gimnasio.<\/figcaption><\/figure>\n<p>En este mismo sentido, el alcalde Patricio Freire destac\u00f3 que a ra\u00edz de los logros y satisfacciones que el Corina Urbina ha dado a la comuna en materia deportiva, as\u00ed como a la necesidad de responder a los requerimientos de las alumnas que d\u00eda a d\u00eda practican diversas disciplinas, era de toda l\u00f3gica ejecutar una obra de esta envergadura.<br \/>\n\u201cEl Liceo de Ni\u00f1as merec\u00eda este gimnasio de alto nivel. Es una gran obra para la comuna de San Felipe ampliamente esperado por la comunidad educativa. Es de gran nivel y estamos muy felices de que ya sea una realidad, es muy bien recibido para un liceo tan tradicional y se lo merece gracias a la gran representaci\u00f3n que en materia deportiva, han realizados las delegaciones de este establecimiento\u201d.<br \/>\nSe trata de un proyecto elaborado por la Secretar\u00eda Comunal de Planificaci\u00f3n, que contempl\u00f3 la mejora integral del gimnasio existente, haciendo ampliaciones con el fin de generar nuevos camarines, nuevos servicios higi\u00e9nicos para el p\u00fablico, y \u00e1rbitros, incluyendo discapacitados. Adem\u00e1s sobre los ba\u00f1os p\u00fablicos nuevos, se cre\u00f3 una sala multiuso, una bodega y una caseta de transmisi\u00f3n y control del tablero.<br \/>\nEn cuanto al recinto existente, se cambi\u00f3 la cubierta completa del gimnasio, as\u00ed como tambi\u00e9n los cierros laterales, adem\u00e1s se ampli\u00f3 hacia el norte para dar cabida normativa a la cancha de b\u00e1squetbol, se instal\u00f3 una carpeta deportiva en piso, se construyeron nuevas grader\u00edas, se implement\u00f3 con nuevo marcador electr\u00f3nico y aros retractiles de basquetbol.<br \/>\nEn las antiguas dependencia de camarines, se habilit\u00f3 un pa\u00f1ol, una enfermer\u00eda y una oficina.<\/p>\n","protected":false},"excerpt":{"rendered":"<p>Satisfecho se mostr\u00f3 el alcalde de San Felipe, Patricio Freire, tras presidir la ceremonia inaugural del proyecto de mejoramiento del Gimnasio \u2018Carmen Rodr\u00edguez Espinoza\u2019 del Liceo Corina Urbina, establecimiento que a contar&#8230;<\/p>\n","protected":false},"author":482,"featured_media":62452,"comment_status":"open","ping_status":"open","sticky":false,"template":"","format":"standard","meta":{"advanced_seo_description":"","jetpack_seo_html_title":"","jetpack_seo_noindex":false,"_jetpack_memberships_contains_paid_content":false,"footnotes":""},"categories":[1],"tags":[],"class_list":["post-62451","post","type-post","status-publish","format-standard","has-post-thumbnail","hentry","category-cronica"],"jetpack_featured_media_url":"https:\/\/i0.wp.com\/eltrabajo.cl\/portal\/wp-content\/uploads\/2015\/09\/Inauguracion-Gimnasio.jpg?fit=530%2C348&ssl=1","jetpack_sharing_enabled":true,"jetpack_likes_enabled":true,"jetpack-related-posts":[],"_links":{"self":[{"href":"https:\/\/eltrabajo.cl\/portal\/wp-json\/wp\/v2\/posts\/62451","targetHints":{"allow":["GET"]}}],"collection":[{"href":"https:\/\/eltrabajo.cl\/portal\/wp-json\/wp\/v2\/posts"}],"about":[{"href":"https:\/\/eltrabajo.cl\/portal\/wp-json\/wp\/v2\/types\/post"}],"author":[{"embeddable":true,"href":"https:\/\/eltrabajo.cl\/portal\/wp-json\/wp\/v2\/users\/482"}],"replies":[{"embeddable":true,"href":"https:\/\/eltrabajo.cl\/portal\/wp-json\/wp\/v2\/comments?post=62451"}],"version-history":[{"count":0,"href":"https:\/\/eltrabajo.cl\/portal\/wp-json\/wp\/v2\/posts\/62451\/revisions"}],"wp:featuredmedia":[{"embeddable":true,"href":"https:\/\/eltrabajo.cl\/portal\/wp-json\/wp\/v2\/media\/62452"}],"wp:attachment":[{"href":"https:\/\/eltrabajo.cl\/portal\/wp-json\/wp\/v2\/media?parent=62451"}],"wp:term":[{"taxonomy":"category","embeddable":true,"href":"https:\/\/eltrabajo.cl\/portal\/wp-json\/wp\/v2\/categories?post=62451"},{"taxonomy":"post_tag","embeddable":true,"href":"https:\/\/eltrabajo.cl\/portal\/wp-json\/wp\/v2\/tags?post=62451"}],"curies":[{"name":"wp","href":"https:\/\/api.w.org\/{rel}","templated":true}]}}