{"id":62455,"date":"2015-09-30T09:45:27","date_gmt":"2015-09-30T12:45:27","guid":{"rendered":"http:\/\/www.eltrabajo.cl\/portal\/?p=62455"},"modified":"2015-09-30T09:45:27","modified_gmt":"2015-09-30T12:45:27","slug":"manana-se-abren-inscripciones-para-reina-de-la-primavera-2015","status":"publish","type":"post","link":"https:\/\/eltrabajo.cl\/portal\/manana-se-abren-inscripciones-para-reina-de-la-primavera-2015\/","title":{"rendered":"Ma\u00f1ana se abren inscripciones para Reina de la Primavera 2015"},"content":{"rendered":"<figure id=\"attachment_62456\" aria-describedby=\"caption-attachment-62456\" style=\"width: 300px\" class=\"wp-caption alignleft\"><a href=\"https:\/\/i0.wp.com\/www.eltrabajo.cl\/portal\/wp-content\/uploads\/2015\/09\/Primavera1.jpg\"><img data-recalc-dims=\"1\" loading=\"lazy\" decoding=\"async\" class=\"wp-image-62456 size-medium\" src=\"https:\/\/i0.wp.com\/www.eltrabajo.cl\/portal\/wp-content\/uploads\/2015\/09\/Primavera1-300x197.jpg?resize=300%2C197\" alt=\"ESTE A\u00d1O SER\u00c1N MEJORES.- As\u00ed se vivi\u00f3 el gran desfile de carros aleg\u00f3ricos en 2014, cuando se coron\u00f3 ese a\u00f1o a la Srta. Carolina Arancibia de Reina de la Primavera 2014.\" width=\"300\" height=\"197\" srcset=\"https:\/\/i0.wp.com\/eltrabajo.cl\/portal\/wp-content\/uploads\/2015\/09\/Primavera1.jpg?resize=300%2C197&amp;ssl=1 300w, https:\/\/i0.wp.com\/eltrabajo.cl\/portal\/wp-content\/uploads\/2015\/09\/Primavera1.jpg?resize=200%2C131&amp;ssl=1 200w, https:\/\/i0.wp.com\/eltrabajo.cl\/portal\/wp-content\/uploads\/2015\/09\/Primavera1.jpg?resize=228%2C150&amp;ssl=1 228w, https:\/\/i0.wp.com\/eltrabajo.cl\/portal\/wp-content\/uploads\/2015\/09\/Primavera1.jpg?resize=400%2C263&amp;ssl=1 400w, https:\/\/i0.wp.com\/eltrabajo.cl\/portal\/wp-content\/uploads\/2015\/09\/Primavera1.jpg?w=530&amp;ssl=1 530w\" sizes=\"auto, (max-width: 300px) 100vw, 300px\" \/><\/a><figcaption id=\"caption-attachment-62456\" class=\"wp-caption-text\">ESTE A\u00d1O SER\u00c1N MEJORES.- As\u00ed se vivi\u00f3 el gran desfile de carros aleg\u00f3ricos en 2014, cuando se coron\u00f3 ese a\u00f1o a la Srta. Carolina Arancibia de Reina de la Primavera 2014.<\/figcaption><\/figure>\n<p>Todas las organizaciones comunales que este a\u00f1o quieran unirse al llamado que el Municipio hace para invitarlos a participar en la Fiesta de la Primavera 2015, ya pueden ir alistando sus carros aleg\u00f3ricos y eligiendo a sus candidatas, pues desde el 1\u00ba de octubre al 13 de noviembre est\u00e1n abiertas las inscripciones para ese importante evento anual que organiza la Municipalidad de San Felipe.<\/p>\n<p><strong>CARROS ALEG\u00d3RICOS<\/strong><br \/>\nAs\u00ed lo inform\u00f3 a Diario El Trabajo la Jefa del Departamento de Organizaciones Comunitarias, Alicia Nicloux Montoya.<br \/>\n\u00abPara los carros aleg\u00f3ricos deber\u00e1n participar como m\u00ednimo 15 y m\u00e1ximo 30 personas, durante el paso frente al jurado; el tema es de libre elecci\u00f3n; cada grupo ponen el nombre del carro, c\u00e1ntico y m\u00fasica acorde al tema, adem\u00e1s se solicita una breve rese\u00f1a (no m\u00e1s de una hoja) en la cual se describa un relato en el cual se caracterice la presentaci\u00f3n\u00bb, explic\u00f3 la funcionaria.<br \/>\nEl Jurado determinar\u00e1 los ganadores, el mismo est\u00e1 integrado por personas entendidas en la materia, a fin de garantizar la transparencia de los resultados. Seg\u00fan dijo Nicloux, \u00ablos premios son variados, todos los carros tendr\u00e1n diploma de participaci\u00f3n y se premiar\u00e1 a los tres primeros lugares\u00bb.<br \/>\nEl retiro de Bases es en la Oficina de Organizaciones Comunitarias (San Mart\u00edn 712, esquina Traslavi\u00f1a, fono 2506342), de lunes a viernes de 08:00 a 13:00 horas.<br \/>\nLa presentaci\u00f3n de los carros aleg\u00f3ricos se desarrollar\u00e1 el s\u00e1bado 21 de noviembre, tambi\u00e9n ese d\u00eda ser\u00e1 la coronaci\u00f3n de la pr\u00f3xima Reina de la Primavera 2015.<\/p>\n<p><strong>REINA PRIMAVERA<\/strong><br \/>\nEn cuanto a las bases para participar en el concurso Reina de la Primavera, Nicloux explic\u00f3 que cada candidata debe ser mujer de 18 hasta 40 a\u00f1os de edad. Comprometerse a participar de manera presencial en actividades relevantes de la comuna mientras dure su reinado; presentarse con su Rey Feo; sin corona, sin tiara y sin banda. Las fechas y plazos de inscripci\u00f3n son las mismas en ambos concursos.<br \/>\n\u00abParte de las actividades que cada candidata podr\u00e1 realizar para acumular puntos son, entre otras, visitar hogares de ancianos; jardines infantiles; escuelas rurales o clubes del Adulto Mayor. Tambi\u00e9n se acumulan puntos participando en entrevistas de radio, prensa escrita o televisi\u00f3n\u00bb, agreg\u00f3 la funcionaria municipal.<br \/>\nEn Diario El Trabajo ya estamos esperando a las sanfelipe\u00f1as que este a\u00f1o se animen a participar como candidatas, una vez que estas jovencitas sean elegidas como candidatas, podr\u00e1n comunicarse con nuestro medio al fono: 92163609, para coordinar entrevistas individuales y grupales.<br \/>\n<strong>Roberto Gonz\u00e1lez Short<\/strong><br \/>\n<strong>rgonzalez@eltrabajo.cl<\/strong><\/p>\n<div class=\"tiled-gallery type-rectangular tiled-gallery-unresized\" data-original-width=\"640\" data-carousel-extra='null' itemscope itemtype=\"http:\/\/schema.org\/ImageGallery\" > <div class=\"gallery-row\" style=\"width: 640px; height: 212px;\" data-original-width=\"640\" data-original-height=\"212\" > <div class=\"gallery-group images-1\" style=\"width: 320px; height: 212px;\" data-original-width=\"320\" data-original-height=\"212\" > <div class=\"tiled-gallery-item tiled-gallery-item-large\" itemprop=\"associatedMedia\" itemscope itemtype=\"http:\/\/schema.org\/ImageObject\"> <a href=\"https:\/\/eltrabajo.cl\/portal\/manana-se-abren-inscripciones-para-reina-de-la-primavera-2015\/carolina1-6\/\" border=\"0\" itemprop=\"url\"> <meta itemprop=\"width\" content=\"316\"> <meta itemprop=\"height\" content=\"208\"> <img decoding=\"async\" class=\"\" data-attachment-id=\"62458\" data-orig-file=\"https:\/\/eltrabajo.cl\/portal\/wp-content\/uploads\/2015\/09\/Carolina1.jpg\" data-orig-size=\"530,349\" data-comments-opened=\"1\" data-image-meta=\"{&quot;aperture&quot;:&quot;0&quot;,&quot;credit&quot;:&quot;&quot;,&quot;camera&quot;:&quot;&quot;,&quot;caption&quot;:&quot;&quot;,&quot;created_timestamp&quot;:&quot;0&quot;,&quot;copyright&quot;:&quot;&quot;,&quot;focal_length&quot;:&quot;0&quot;,&quot;iso&quot;:&quot;0&quot;,&quot;shutter_speed&quot;:&quot;0&quot;,&quot;title&quot;:&quot;&quot;,&quot;orientation&quot;:&quot;0&quot;}\" data-image-title=\"Carolina1\" data-image-description=\"&lt;p&gt;ESTE A\u00d1O SER\u00c1N MEJORES.- As\u00ed se vivi\u00f3 el gran desfile de carros aleg\u00f3ricos en 2014, cuando se coron\u00f3 ese a\u00f1o a la Srta. Carolina Arancibia de Reina de la Primavera 2014.&lt;\/p&gt; \" data-medium-file=\"https:\/\/i0.wp.com\/eltrabajo.cl\/portal\/wp-content\/uploads\/2015\/09\/Carolina1.jpg?fit=300%2C198&#038;ssl=1\" data-large-file=\"https:\/\/i0.wp.com\/eltrabajo.cl\/portal\/wp-content\/uploads\/2015\/09\/Carolina1.jpg?fit=530%2C349&#038;ssl=1\" src=\"https:\/\/i0.wp.com\/eltrabajo.cl\/portal\/wp-content\/uploads\/2015\/09\/Carolina1.jpg?w=316&#038;h=208&#038;ssl=1\" srcset=\"https:\/\/i0.wp.com\/eltrabajo.cl\/portal\/wp-content\/uploads\/2015\/09\/Carolina1.jpg?w=530&amp;ssl=1 530w, https:\/\/i0.wp.com\/eltrabajo.cl\/portal\/wp-content\/uploads\/2015\/09\/Carolina1.jpg?resize=200%2C132&amp;ssl=1 200w, https:\/\/i0.wp.com\/eltrabajo.cl\/portal\/wp-content\/uploads\/2015\/09\/Carolina1.jpg?resize=300%2C198&amp;ssl=1 300w, https:\/\/i0.wp.com\/eltrabajo.cl\/portal\/wp-content\/uploads\/2015\/09\/Carolina1.jpg?resize=228%2C150&amp;ssl=1 228w, https:\/\/i0.wp.com\/eltrabajo.cl\/portal\/wp-content\/uploads\/2015\/09\/Carolina1.jpg?resize=400%2C263&amp;ssl=1 400w\" width=\"316\" height=\"208\" loading=\"lazy\" data-original-width=\"316\" data-original-height=\"208\" itemprop=\"http:\/\/schema.org\/image\" title=\"Carolina1\" alt=\"ESTE A\u00d1O SER\u00c1N MEJORES.- As\u00ed se vivi\u00f3 el gran desfile de carros aleg\u00f3ricos en 2014, cuando se coron\u00f3 ese a\u00f1o a la Srta. Carolina Arancibia de Reina de la Primavera 2014.\" style=\"width: 316px; height: 208px;\" \/> <\/a> <div class=\"tiled-gallery-caption\" itemprop=\"caption description\"> ESTE A\u00d1O SER\u00c1N MEJORES.- As\u00ed se vivi\u00f3 el gran desfile de carros aleg\u00f3ricos en 2014, cuando se coron\u00f3 ese a\u00f1o a la Srta. Carolina Arancibia de Reina de la Primavera 2014. <\/div> <\/div> <\/div> <!-- close group --> <div class=\"gallery-group images-1\" style=\"width: 320px; height: 212px;\" data-original-width=\"320\" data-original-height=\"212\" > <div class=\"tiled-gallery-item tiled-gallery-item-large\" itemprop=\"associatedMedia\" itemscope itemtype=\"http:\/\/schema.org\/ImageObject\"> <a href=\"https:\/\/eltrabajo.cl\/portal\/manana-se-abren-inscripciones-para-reina-de-la-primavera-2015\/alicia-nicloux-2\/\" border=\"0\" itemprop=\"url\"> <meta itemprop=\"width\" content=\"316\"> <meta itemprop=\"height\" content=\"208\"> <img decoding=\"async\" class=\"\" data-attachment-id=\"62457\" data-orig-file=\"https:\/\/eltrabajo.cl\/portal\/wp-content\/uploads\/2015\/09\/Alicia-Nicloux.jpg\" data-orig-size=\"530,350\" data-comments-opened=\"1\" data-image-meta=\"{&quot;aperture&quot;:&quot;0&quot;,&quot;credit&quot;:&quot;&quot;,&quot;camera&quot;:&quot;&quot;,&quot;caption&quot;:&quot;&quot;,&quot;created_timestamp&quot;:&quot;0&quot;,&quot;copyright&quot;:&quot;&quot;,&quot;focal_length&quot;:&quot;0&quot;,&quot;iso&quot;:&quot;0&quot;,&quot;shutter_speed&quot;:&quot;0&quot;,&quot;title&quot;:&quot;&quot;,&quot;orientation&quot;:&quot;0&quot;}\" data-image-title=\"Alicia Nicloux\" data-image-description=\"&lt;p&gt;Jefa del Departamento de Organizaciones Comunitarias, Alicia Nicloux Montoya.&lt;\/p&gt; \" data-medium-file=\"https:\/\/i0.wp.com\/eltrabajo.cl\/portal\/wp-content\/uploads\/2015\/09\/Alicia-Nicloux.jpg?fit=300%2C198&#038;ssl=1\" data-large-file=\"https:\/\/i0.wp.com\/eltrabajo.cl\/portal\/wp-content\/uploads\/2015\/09\/Alicia-Nicloux.jpg?fit=530%2C350&#038;ssl=1\" src=\"https:\/\/i0.wp.com\/eltrabajo.cl\/portal\/wp-content\/uploads\/2015\/09\/Alicia-Nicloux.jpg?w=316&#038;h=208&#038;ssl=1\" srcset=\"https:\/\/i0.wp.com\/eltrabajo.cl\/portal\/wp-content\/uploads\/2015\/09\/Alicia-Nicloux.jpg?w=530&amp;ssl=1 530w, https:\/\/i0.wp.com\/eltrabajo.cl\/portal\/wp-content\/uploads\/2015\/09\/Alicia-Nicloux.jpg?resize=200%2C132&amp;ssl=1 200w, https:\/\/i0.wp.com\/eltrabajo.cl\/portal\/wp-content\/uploads\/2015\/09\/Alicia-Nicloux.jpg?resize=300%2C198&amp;ssl=1 300w, https:\/\/i0.wp.com\/eltrabajo.cl\/portal\/wp-content\/uploads\/2015\/09\/Alicia-Nicloux.jpg?resize=227%2C150&amp;ssl=1 227w, https:\/\/i0.wp.com\/eltrabajo.cl\/portal\/wp-content\/uploads\/2015\/09\/Alicia-Nicloux.jpg?resize=400%2C264&amp;ssl=1 400w\" width=\"316\" height=\"208\" loading=\"lazy\" data-original-width=\"316\" data-original-height=\"208\" itemprop=\"http:\/\/schema.org\/image\" title=\"Alicia Nicloux\" alt=\"Jefa del Departamento de Organizaciones Comunitarias, Alicia Nicloux Montoya.\" style=\"width: 316px; height: 208px;\" \/> <\/a> <div class=\"tiled-gallery-caption\" itemprop=\"caption description\"> Jefa del Departamento de Organizaciones Comunitarias, Alicia Nicloux Montoya. <\/div> <\/div> <\/div> <!-- close group --> <\/div> <!-- close row --> <\/div>\n","protected":false},"excerpt":{"rendered":"<p>Todas las organizaciones comunales que este a\u00f1o quieran unirse al llamado que el Municipio hace para invitarlos a participar en la Fiesta de la Primavera 2015, ya pueden ir alistando sus carros&#8230;<\/p>\n","protected":false},"author":482,"featured_media":62456,"comment_status":"open","ping_status":"open","sticky":false,"template":"","format":"standard","meta":{"advanced_seo_description":"","jetpack_seo_html_title":"","jetpack_seo_noindex":false,"_jetpack_memberships_contains_paid_content":false,"footnotes":""},"categories":[15],"tags":[],"class_list":["post-62455","post","type-post","status-publish","format-standard","has-post-thumbnail","hentry","category-comunidad"],"jetpack_featured_media_url":"https:\/\/i0.wp.com\/eltrabajo.cl\/portal\/wp-content\/uploads\/2015\/09\/Primavera1.jpg?fit=530%2C348&ssl=1","jetpack_sharing_enabled":true,"jetpack_likes_enabled":true,"jetpack-related-posts":[],"_links":{"self":[{"href":"https:\/\/eltrabajo.cl\/portal\/wp-json\/wp\/v2\/posts\/62455","targetHints":{"allow":["GET"]}}],"collection":[{"href":"https:\/\/eltrabajo.cl\/portal\/wp-json\/wp\/v2\/posts"}],"about":[{"href":"https:\/\/eltrabajo.cl\/portal\/wp-json\/wp\/v2\/types\/post"}],"author":[{"embeddable":true,"href":"https:\/\/eltrabajo.cl\/portal\/wp-json\/wp\/v2\/users\/482"}],"replies":[{"embeddable":true,"href":"https:\/\/eltrabajo.cl\/portal\/wp-json\/wp\/v2\/comments?post=62455"}],"version-history":[{"count":0,"href":"https:\/\/eltrabajo.cl\/portal\/wp-json\/wp\/v2\/posts\/62455\/revisions"}],"wp:featuredmedia":[{"embeddable":true,"href":"https:\/\/eltrabajo.cl\/portal\/wp-json\/wp\/v2\/media\/62456"}],"wp:attachment":[{"href":"https:\/\/eltrabajo.cl\/portal\/wp-json\/wp\/v2\/media?parent=62455"}],"wp:term":[{"taxonomy":"category","embeddable":true,"href":"https:\/\/eltrabajo.cl\/portal\/wp-json\/wp\/v2\/categories?post=62455"},{"taxonomy":"post_tag","embeddable":true,"href":"https:\/\/eltrabajo.cl\/portal\/wp-json\/wp\/v2\/tags?post=62455"}],"curies":[{"name":"wp","href":"https:\/\/api.w.org\/{rel}","templated":true}]}}