{"id":62460,"date":"2015-09-30T09:47:38","date_gmt":"2015-09-30T12:47:38","guid":{"rendered":"http:\/\/www.eltrabajo.cl\/portal\/?p=62460"},"modified":"2015-09-30T09:47:38","modified_gmt":"2015-09-30T12:47:38","slug":"a-la-carcel-sujeto-que-subio-a-techumbre-escapando-de-carabineros","status":"publish","type":"post","link":"https:\/\/eltrabajo.cl\/portal\/a-la-carcel-sujeto-que-subio-a-techumbre-escapando-de-carabineros\/","title":{"rendered":"A la c\u00e1rcel sujeto que subi\u00f3 a techumbre escapando de Carabineros"},"content":{"rendered":"<figure id=\"attachment_62461\" aria-describedby=\"caption-attachment-62461\" style=\"width: 300px\" class=\"wp-caption alignleft\"><a href=\"https:\/\/i0.wp.com\/www.eltrabajo.cl\/portal\/wp-content\/uploads\/2015\/09\/SEBASTIAN-MELLA1.jpg\"><img data-recalc-dims=\"1\" loading=\"lazy\" decoding=\"async\" class=\"wp-image-62461 size-medium\" src=\"https:\/\/i0.wp.com\/www.eltrabajo.cl\/portal\/wp-content\/uploads\/2015\/09\/SEBASTIAN-MELLA1-300x198.jpg?resize=300%2C198\" alt=\"A Sebasti\u00e1n Mella Mu\u00f1oz, apodado \u2018El Bicho\u2019, le espera una larga estad\u00eda en la c\u00e1rcel, donde comenzar\u00e1 a ser procesado por la justicia y podr\u00eda ser condenado a penas superiores a los 10 a\u00f1os de presidio.\" width=\"300\" height=\"198\" srcset=\"https:\/\/i0.wp.com\/eltrabajo.cl\/portal\/wp-content\/uploads\/2015\/09\/SEBASTIAN-MELLA1.jpg?resize=300%2C198&amp;ssl=1 300w, https:\/\/i0.wp.com\/eltrabajo.cl\/portal\/wp-content\/uploads\/2015\/09\/SEBASTIAN-MELLA1.jpg?resize=200%2C132&amp;ssl=1 200w, https:\/\/i0.wp.com\/eltrabajo.cl\/portal\/wp-content\/uploads\/2015\/09\/SEBASTIAN-MELLA1.jpg?resize=228%2C150&amp;ssl=1 228w, https:\/\/i0.wp.com\/eltrabajo.cl\/portal\/wp-content\/uploads\/2015\/09\/SEBASTIAN-MELLA1.jpg?resize=400%2C263&amp;ssl=1 400w, https:\/\/i0.wp.com\/eltrabajo.cl\/portal\/wp-content\/uploads\/2015\/09\/SEBASTIAN-MELLA1.jpg?w=530&amp;ssl=1 530w\" sizes=\"auto, (max-width: 300px) 100vw, 300px\" \/><\/a><figcaption id=\"caption-attachment-62461\" class=\"wp-caption-text\">A Sebasti\u00e1n Mella Mu\u00f1oz, apodado \u2018El Bicho\u2019, le espera una larga estad\u00eda en la c\u00e1rcel, donde comenzar\u00e1 a ser procesado por la justicia y podr\u00eda ser condenado a penas superiores a los 10 a\u00f1os de presidio.<\/figcaption><\/figure>\n<p>Sebasti\u00e1n Mella Mu\u00f1oz, pese a ser capturado tras subir a m\u00e1s de 15 metros de altura, fue formalizado por la Fiscal\u00eda por asaltar y herir con un cuchillo a un repartidor de gas en la villa Departamental de San Felipe. Sin embargo una orden de detenci\u00f3n pendiente por porte de arma de fuego y hurto emanada del Tribunal Oral, orden\u00f3 su ingreso a Gendarmer\u00eda para ser procesado por sus delitos.<\/p>\n<p>A la c\u00e1rcel fue a parar Sebasti\u00e1n Mella Mu\u00f1oz, el delincuente que fue detenido tras intensos operativos desplegados la tarde del lunes por Carabineros, Bomberos y personal del Samu que se apostaron en el interior del Colegio Alem\u00e1n, lugar donde escal\u00f3 a 15 metros de altura hasta llegar al borde de la techumbre e impedir ser capturado, luego de asaltar a un repartidor de gas en la villa Departamental de San Felipe.<br \/>\nTal como lo informamos en nuestra edici\u00f3n de ayer martes de Diario El Trabajo, Sebasti\u00e1n Mella intercept\u00f3 a un trabajador que se encontraba en pleno proceso de repartici\u00f3n de gas licuado de la empresa Lipigas, donde junto a otro compa\u00f1ero de labores estacionaron la camioneta en calle Costanera de la villa Departamental pasadas las 15:00 horas.<br \/>\nMella Mu\u00f1oz, a punta de cuchillo intimid\u00f3 al trabajador mientras le ordenaba que hiciera entrega de su billetera, iniciando un forcejeo entre ambos donde la v\u00edctima result\u00f3 herida en el t\u00f3rax producto de una estocada propinada por el delincuente, quien al escapar no logr\u00f3 obtener los $20.000 que portaba el repartidor.<br \/>\nSin embargo este antisocial tom\u00f3 un palo y destruy\u00f3 el parabrisas de la camioneta para luego darse a la fuga. Desde ah\u00ed el afectado solicit\u00f3 el auxilio de Carabineros acusando a su agresor a quien conoce con el apodo de \u2018El Bicho\u2019.<br \/>\nLos operativos policiales se desplegaron intensamente, luego que este sujeto escapara hasta la ribera del r\u00edo Aconcagua cruzando su cauce hasta llegar a la ruta 60 CH, ingresando clandestinamente hasta el interior del Colegio Alem\u00e1n; al llegar, escal\u00f3 hasta la techumbre del gimnasio para impedir ser capturado por el gran contingente de Carabineros que concurri\u00f3 hasta ese establecimiento educacional.<br \/>\nPese a las maniobras policiales desplegadas en el lugar, fue la propia madre del antisocial quien debi\u00f3 intervenir para convencerlo de que descendiera desde las alturas, luego que \u00e9ste se autoinfiriera heridas en su cuerpo. Minutos m\u00e1s tarde fue arrestado por Carabineros para ser derivado hasta el Juzgado de Garant\u00eda de San Felipe.<br \/>\nDurante la audiencia de control de detenci\u00f3n, el Fiscal Jefe Eduardo Fajardo formaliz\u00f3 a Mella Mu\u00f1oz por el delito de robo con violencia. Adem\u00e1s se hizo presente que el imputado manten\u00eda una orden de detenci\u00f3n pendiente emitida por el Tribunal Oral en Lo Penal de San Felipe, por dos causas de hurto y porte ilegal de arma de fuego, donde se vislumbra una condena efectiva de 5 a\u00f1os de presidio.<br \/>\nEl Juez de Garant\u00eda orden\u00f3 el ingreso del imputado hasta el Centro de Cumplimiento Penitenciario de San Felipe, quedando bajo custodia de Gendarmer\u00eda para iniciar el debido proceso judicial. En tanto la Fiscal\u00eda mantiene 90 d\u00edas como plazo de investigaci\u00f3n del reciente robo con violencia, cuya condena partir\u00eda desde los cinco a\u00f1os y un d\u00eda de c\u00e1rcel.<br \/>\n<strong>Pablo Salinas Sald\u00edas<\/strong><\/p>\n","protected":false},"excerpt":{"rendered":"<p>Sebasti\u00e1n Mella Mu\u00f1oz, pese a ser capturado tras subir a m\u00e1s de 15 metros de altura, fue formalizado por la Fiscal\u00eda por asaltar y herir con un cuchillo a un repartidor de&#8230;<\/p>\n","protected":false},"author":482,"featured_media":62461,"comment_status":"open","ping_status":"open","sticky":false,"template":"","format":"standard","meta":{"advanced_seo_description":"","jetpack_seo_html_title":"","jetpack_seo_noindex":false,"_jetpack_memberships_contains_paid_content":false,"footnotes":""},"categories":[1],"tags":[],"class_list":["post-62460","post","type-post","status-publish","format-standard","has-post-thumbnail","hentry","category-cronica"],"jetpack_featured_media_url":"https:\/\/i0.wp.com\/eltrabajo.cl\/portal\/wp-content\/uploads\/2015\/09\/SEBASTIAN-MELLA1.jpg?fit=530%2C349&ssl=1","jetpack_sharing_enabled":true,"jetpack_likes_enabled":true,"jetpack-related-posts":[],"_links":{"self":[{"href":"https:\/\/eltrabajo.cl\/portal\/wp-json\/wp\/v2\/posts\/62460","targetHints":{"allow":["GET"]}}],"collection":[{"href":"https:\/\/eltrabajo.cl\/portal\/wp-json\/wp\/v2\/posts"}],"about":[{"href":"https:\/\/eltrabajo.cl\/portal\/wp-json\/wp\/v2\/types\/post"}],"author":[{"embeddable":true,"href":"https:\/\/eltrabajo.cl\/portal\/wp-json\/wp\/v2\/users\/482"}],"replies":[{"embeddable":true,"href":"https:\/\/eltrabajo.cl\/portal\/wp-json\/wp\/v2\/comments?post=62460"}],"version-history":[{"count":0,"href":"https:\/\/eltrabajo.cl\/portal\/wp-json\/wp\/v2\/posts\/62460\/revisions"}],"wp:featuredmedia":[{"embeddable":true,"href":"https:\/\/eltrabajo.cl\/portal\/wp-json\/wp\/v2\/media\/62461"}],"wp:attachment":[{"href":"https:\/\/eltrabajo.cl\/portal\/wp-json\/wp\/v2\/media?parent=62460"}],"wp:term":[{"taxonomy":"category","embeddable":true,"href":"https:\/\/eltrabajo.cl\/portal\/wp-json\/wp\/v2\/categories?post=62460"},{"taxonomy":"post_tag","embeddable":true,"href":"https:\/\/eltrabajo.cl\/portal\/wp-json\/wp\/v2\/tags?post=62460"}],"curies":[{"name":"wp","href":"https:\/\/api.w.org\/{rel}","templated":true}]}}