{"id":62463,"date":"2015-09-30T09:50:59","date_gmt":"2015-09-30T12:50:59","guid":{"rendered":"http:\/\/www.eltrabajo.cl\/portal\/?p=62463"},"modified":"2015-09-30T09:50:59","modified_gmt":"2015-09-30T12:50:59","slug":"condenan-a-retrasado-mental-que-abuso-y-violo-a-tres-ninitos-de-santa-maria","status":"publish","type":"post","link":"https:\/\/eltrabajo.cl\/portal\/condenan-a-retrasado-mental-que-abuso-y-violo-a-tres-ninitos-de-santa-maria\/","title":{"rendered":"Condenan a retrasado mental que abus\u00f3 y viol\u00f3 a tres ni\u00f1itos de Santa Mar\u00eda"},"content":{"rendered":"<figure id=\"attachment_62464\" aria-describedby=\"caption-attachment-62464\" style=\"width: 300px\" class=\"wp-caption alignleft\"><a href=\"https:\/\/i0.wp.com\/www.eltrabajo.cl\/portal\/wp-content\/uploads\/2015\/09\/jairo.jpg\"><img data-recalc-dims=\"1\" loading=\"lazy\" decoding=\"async\" class=\"wp-image-62464 size-medium\" src=\"https:\/\/i0.wp.com\/www.eltrabajo.cl\/portal\/wp-content\/uploads\/2015\/09\/jairo-300x198.jpg?resize=300%2C198\" alt=\"Jairo Varas Silva fue condenado a la pena de 12 a\u00f1os de c\u00e1rcel por los delitos de abuso sexual y violaci\u00f3n reiterada siendo v\u00edctimas tres ni\u00f1os de la comuna de Santa Mar\u00eda.\" width=\"300\" height=\"198\" srcset=\"https:\/\/i0.wp.com\/eltrabajo.cl\/portal\/wp-content\/uploads\/2015\/09\/jairo.jpg?resize=300%2C198&amp;ssl=1 300w, https:\/\/i0.wp.com\/eltrabajo.cl\/portal\/wp-content\/uploads\/2015\/09\/jairo.jpg?resize=200%2C132&amp;ssl=1 200w, https:\/\/i0.wp.com\/eltrabajo.cl\/portal\/wp-content\/uploads\/2015\/09\/jairo.jpg?resize=227%2C150&amp;ssl=1 227w, https:\/\/i0.wp.com\/eltrabajo.cl\/portal\/wp-content\/uploads\/2015\/09\/jairo.jpg?resize=400%2C264&amp;ssl=1 400w, https:\/\/i0.wp.com\/eltrabajo.cl\/portal\/wp-content\/uploads\/2015\/09\/jairo.jpg?w=530&amp;ssl=1 530w\" sizes=\"auto, (max-width: 300px) 100vw, 300px\" \/><\/a><figcaption id=\"caption-attachment-62464\" class=\"wp-caption-text\">Jairo Varas Silva fue condenado a la pena de 12 a\u00f1os de c\u00e1rcel por los delitos de abuso sexual y violaci\u00f3n reiterada siendo v\u00edctimas tres ni\u00f1os de la comuna de Santa Mar\u00eda.<\/figcaption><\/figure>\n<p>El Tribunal Oral en Lo Penal de San Felipe orden\u00f3 el cumplimiento efectivo de 12 a\u00f1os de c\u00e1rcel a Jairo Varas Silva por los delitos de abuso sexual y violaci\u00f3n reiterada a tres ni\u00f1os de 6, 8 y 11 a\u00f1os en la comuna de Santa Mar\u00eda.<br \/>\nLa terna de jueces del Tribunal Oral en Lo Penal de San Felipe fue implacable en aplicar el m\u00e1ximo rigor de la Ley al sentenciar a Jairo Andr\u00e9s Varas Silva, a la pena de 12 a\u00f1os de c\u00e1rcel efectiva por los delitos de abuso sexual y violaci\u00f3n reiterada a tres ni\u00f1itos en la comuna de Santa Mar\u00eda.<br \/>\nLos magistrados generaron convicci\u00f3n ante los relatos de los tres menores v\u00edctimas de estos hechos, dos de ellos hermanos entre s\u00ed, que revelaron en las audiencias de juicio oral las aberraciones a las que fueron sometidos desde el a\u00f1o 2013 y parte del 2014, cuando el actual condenado de 25 a\u00f1os de edad, frecuentemente los visitaba por ser vecino del barrio donde residen los menores.<\/p>\n<figure id=\"attachment_62465\" aria-describedby=\"caption-attachment-62465\" style=\"width: 300px\" class=\"wp-caption alignright\"><a href=\"https:\/\/i0.wp.com\/www.eltrabajo.cl\/portal\/wp-content\/uploads\/2015\/09\/Abogado-defensor-Nicolas-Olivares.jpg\"><img data-recalc-dims=\"1\" loading=\"lazy\" decoding=\"async\" class=\"wp-image-62465 size-medium\" src=\"https:\/\/i0.wp.com\/www.eltrabajo.cl\/portal\/wp-content\/uploads\/2015\/09\/Abogado-defensor-Nicolas-Olivares-300x198.jpg?resize=300%2C198\" alt=\"El abogado defensor Nicol\u00e1s Olivares explic\u00f3 que deber\u00e1 leer detenidamente la sentencia para recurrir eventualmente de nulidad del fallo.\" width=\"300\" height=\"198\" srcset=\"https:\/\/i0.wp.com\/eltrabajo.cl\/portal\/wp-content\/uploads\/2015\/09\/Abogado-defensor-Nicolas-Olivares.jpg?resize=300%2C198&amp;ssl=1 300w, https:\/\/i0.wp.com\/eltrabajo.cl\/portal\/wp-content\/uploads\/2015\/09\/Abogado-defensor-Nicolas-Olivares.jpg?resize=200%2C132&amp;ssl=1 200w, https:\/\/i0.wp.com\/eltrabajo.cl\/portal\/wp-content\/uploads\/2015\/09\/Abogado-defensor-Nicolas-Olivares.jpg?resize=227%2C150&amp;ssl=1 227w, https:\/\/i0.wp.com\/eltrabajo.cl\/portal\/wp-content\/uploads\/2015\/09\/Abogado-defensor-Nicolas-Olivares.jpg?resize=400%2C264&amp;ssl=1 400w, https:\/\/i0.wp.com\/eltrabajo.cl\/portal\/wp-content\/uploads\/2015\/09\/Abogado-defensor-Nicolas-Olivares.jpg?w=530&amp;ssl=1 530w\" sizes=\"auto, (max-width: 300px) 100vw, 300px\" \/><\/a><figcaption id=\"caption-attachment-62465\" class=\"wp-caption-text\">El abogado defensor Nicol\u00e1s Olivares explic\u00f3 que deber\u00e1 leer detenidamente la sentencia para recurrir eventualmente de nulidad del fallo.<\/figcaption><\/figure>\n<p>Seg\u00fan se pudo conocer, Varas Silva, quien padece un leve retraso mental, incitaba a los tres ni\u00f1os de 6, 8 y 11 a\u00f1os a salir a jugar a la calle, donde los menores inocentemente obedec\u00edan sus \u00f3rdenes al ser una persona conocida, el que en reiteradas ocasiones los invitaba a trasladarse hasta un lugar que denominaban \u2018El Castillo\u2019, donde se comet\u00edan las vejaciones.<br \/>\nEn dicho lugar, seg\u00fan recuerdan amargamente los ni\u00f1os, debido a la soledad y abandono del lugar, este sujeto realizaba los abusos sexuales y violaciones de manera reiterada, dejando serios da\u00f1os psicol\u00f3gicos a estas v\u00edctimas que durante meses debieron callar por temor y verg\u00fcenza.<\/p>\n<p><strong>PORNOGRAF\u00cdA<\/strong><br \/>\nAsimismo, los menores sostuvieron que este individuo adem\u00e1s de cometer estas atrocidades, les exhib\u00eda material pornogr\u00e1fico en distintas ocasiones, acusaciones que no pudieron ser acreditadas ante el tribunal, por lo cual los jueces absolvieron al condenado de esa parte espec\u00edfica que enfrascaba los delitos.<br \/>\nFue as\u00ed que uno de los ni\u00f1os afectados de estas bestialidades, revel\u00f3 los hechos a sus padres en el mes de abril de 2014, quienes posteriormente denunciaron ante la polic\u00eda logrando la detenci\u00f3n del acusado que fue requerido por la Fiscal\u00eda el pasado 2 de mayo de 2014, quedando sujeto a la medida cautelar de prisi\u00f3n preventiva, por representar un serio peligro para los ni\u00f1os y el resto de la sociedad.<\/p>\n<p><strong>RETRASO MENTAL<\/strong><br \/>\nPese a que se dio por acreditado a trav\u00e9s de un diagn\u00f3stico psiqui\u00e1trico, el leve retardo mental que padece el acusado de estos hechos, el Tribunal de igual forma conden\u00f3 estos delitos que acus\u00f3 la Fiscal Daniela Quevedo Henr\u00edquez por medio de las pericias profesionales que acreditaban la veracidad de los argumentos de las tres v\u00edctimas de estos hechos.<br \/>\nAunque Jairo Varas Silva permanece en prisi\u00f3n preventiva en el Centro de Cumplimiento Penitenciario, solicit\u00f3 a trav\u00e9s de Gendarmer\u00eda no presentarse a la lectura de sentencia que ordena cumplir corp\u00f3reamente en 3sta c\u00e1rcel la pena de 12 a\u00f1os.<br \/>\nConocida la sentencia el Abogado Defensor se\u00f1al\u00f3 a Diario El Trabajo que deber\u00e1 leer en detalle el pronunciamiento del Tribunal para eventualmente presentar un recurso de nulidad del fallo sin \u00e9ste lo amerita.<br \/>\n\u201cEl Tribunal entiende que respecto de la violaci\u00f3n fue a uno de los ni\u00f1os y los abusos sexuales a los tres menores varones. El imputado presenta un leve retraso mental que estuvo en discusi\u00f3n si era leve o moderado, pero manifiesta un retraso mental. Vamos a leer la sentencia y lo m\u00e1s probable es que se presente un recurso de nulidad\u201d, precis\u00f3 el profesional.<br \/>\n<strong>Pablo Salinas Sald\u00edas<\/strong><\/p>\n","protected":false},"excerpt":{"rendered":"<p>El Tribunal Oral en Lo Penal de San Felipe orden\u00f3 el cumplimiento efectivo de 12 a\u00f1os de c\u00e1rcel a Jairo Varas Silva por los delitos de abuso sexual y violaci\u00f3n reiterada a&#8230;<\/p>\n","protected":false},"author":482,"featured_media":62464,"comment_status":"open","ping_status":"open","sticky":false,"template":"","format":"standard","meta":{"advanced_seo_description":"","jetpack_seo_html_title":"","jetpack_seo_noindex":false,"_jetpack_memberships_contains_paid_content":false,"footnotes":""},"categories":[21],"tags":[],"class_list":["post-62463","post","type-post","status-publish","format-standard","has-post-thumbnail","hentry","category-policial"],"jetpack_featured_media_url":"https:\/\/i0.wp.com\/eltrabajo.cl\/portal\/wp-content\/uploads\/2015\/09\/jairo.jpg?fit=530%2C350&ssl=1","jetpack_sharing_enabled":true,"jetpack_likes_enabled":true,"jetpack-related-posts":[],"_links":{"self":[{"href":"https:\/\/eltrabajo.cl\/portal\/wp-json\/wp\/v2\/posts\/62463","targetHints":{"allow":["GET"]}}],"collection":[{"href":"https:\/\/eltrabajo.cl\/portal\/wp-json\/wp\/v2\/posts"}],"about":[{"href":"https:\/\/eltrabajo.cl\/portal\/wp-json\/wp\/v2\/types\/post"}],"author":[{"embeddable":true,"href":"https:\/\/eltrabajo.cl\/portal\/wp-json\/wp\/v2\/users\/482"}],"replies":[{"embeddable":true,"href":"https:\/\/eltrabajo.cl\/portal\/wp-json\/wp\/v2\/comments?post=62463"}],"version-history":[{"count":0,"href":"https:\/\/eltrabajo.cl\/portal\/wp-json\/wp\/v2\/posts\/62463\/revisions"}],"wp:featuredmedia":[{"embeddable":true,"href":"https:\/\/eltrabajo.cl\/portal\/wp-json\/wp\/v2\/media\/62464"}],"wp:attachment":[{"href":"https:\/\/eltrabajo.cl\/portal\/wp-json\/wp\/v2\/media?parent=62463"}],"wp:term":[{"taxonomy":"category","embeddable":true,"href":"https:\/\/eltrabajo.cl\/portal\/wp-json\/wp\/v2\/categories?post=62463"},{"taxonomy":"post_tag","embeddable":true,"href":"https:\/\/eltrabajo.cl\/portal\/wp-json\/wp\/v2\/tags?post=62463"}],"curies":[{"name":"wp","href":"https:\/\/api.w.org\/{rel}","templated":true}]}}