{"id":62473,"date":"2015-10-01T09:16:35","date_gmt":"2015-10-01T12:16:35","guid":{"rendered":"http:\/\/www.eltrabajo.cl\/portal\/?p=62473"},"modified":"2015-10-01T09:16:35","modified_gmt":"2015-10-01T12:16:35","slug":"segunda-compania-de-bomberos-de-llay-llay-celebra-aniversario-no-104","status":"publish","type":"post","link":"https:\/\/eltrabajo.cl\/portal\/segunda-compania-de-bomberos-de-llay-llay-celebra-aniversario-no-104\/","title":{"rendered":"Segunda Compa\u00f1\u00eda de Bomberos de Llay Llay celebra aniversario N\u00ba 104"},"content":{"rendered":"<figure id=\"attachment_62474\" aria-describedby=\"caption-attachment-62474\" style=\"width: 300px\" class=\"wp-caption alignleft\"><a href=\"https:\/\/i0.wp.com\/www.eltrabajo.cl\/portal\/wp-content\/uploads\/2015\/10\/AUTORIDADES.jpg\"><img data-recalc-dims=\"1\" loading=\"lazy\" decoding=\"async\" class=\"wp-image-62474 size-medium\" src=\"https:\/\/i0.wp.com\/www.eltrabajo.cl\/portal\/wp-content\/uploads\/2015\/10\/AUTORIDADES-300x198.jpg?resize=300%2C198\" alt=\"Diversas autoridades participaron de las celebraciones del aniversario N\u00ba 104 de la Segunda Compa\u00f1\u00eda de Bomberos de Llay Llay. \" width=\"300\" height=\"198\" srcset=\"https:\/\/i0.wp.com\/eltrabajo.cl\/portal\/wp-content\/uploads\/2015\/10\/AUTORIDADES.jpg?resize=300%2C198&amp;ssl=1 300w, https:\/\/i0.wp.com\/eltrabajo.cl\/portal\/wp-content\/uploads\/2015\/10\/AUTORIDADES.jpg?resize=200%2C132&amp;ssl=1 200w, https:\/\/i0.wp.com\/eltrabajo.cl\/portal\/wp-content\/uploads\/2015\/10\/AUTORIDADES.jpg?resize=228%2C150&amp;ssl=1 228w, https:\/\/i0.wp.com\/eltrabajo.cl\/portal\/wp-content\/uploads\/2015\/10\/AUTORIDADES.jpg?resize=400%2C263&amp;ssl=1 400w, https:\/\/i0.wp.com\/eltrabajo.cl\/portal\/wp-content\/uploads\/2015\/10\/AUTORIDADES.jpg?w=530&amp;ssl=1 530w\" sizes=\"auto, (max-width: 300px) 100vw, 300px\" \/><\/a><figcaption id=\"caption-attachment-62474\" class=\"wp-caption-text\">Diversas autoridades participaron de las celebraciones del aniversario N\u00ba 104 de la Segunda Compa\u00f1\u00eda de Bomberos de Llay Llay.<\/figcaption><\/figure>\n<p><strong>LLAY LLAY.<\/strong>&#8211; Bomberos de comuna celebraron su Cent\u00e9simo Cuarto aniversario. Un nuevo cumplea\u00f1os, realizado en unidad y participaci\u00f3n, donde fueron acompa\u00f1ados por camaradas de la Primera Compa\u00f1\u00eda, autoridades, vecinos y familiares.<br \/>\nEn la actividad estuvieron presentes el S\u00faper Intendente del Cuerpo de Bomberos, Nelson Valenzuela; el director del la Segunda Compa\u00f1\u00eda, Nelson Palma; Oficiales Bomberiles; voluntarios y Cadetes, el Subcomisario de Carabineros, Capit\u00e1n, Felipe Maureira. Adem\u00e1s acompa\u00f1aron en esta importante fecha el consejero regional, Iv\u00e1n Reyes; los concejales: Patricio Dur\u00e1n, Mesala Gonz\u00e1lez y Edgardo Gonz\u00e1lez.<br \/>\nEl alcalde Mario Marillanca, env\u00edo un saludo en esta importante fecha para la Segunda Compa\u00f1\u00eda, donde reiter\u00f3 su compromiso \u201ccon los hombres y mujeres, que cumplen una abnegada labor con la sociedad\u201d.<br \/>\nEn su discurso de aniversario, el director Nelson Palma, entreg\u00f3 algunas rese\u00f1as hist\u00f3ricas de la instituci\u00f3n \u201cla Segunda Compa\u00f1\u00eda de Bomberos Sargento Aldea Compa\u00f1\u00eda de Bomberos, fue en 1911. El nombre es en honor al ilustre marino, Sargento Aldea\u201d.<br \/>\nLa segunda compa\u00f1\u00eda de bomberos, est\u00e1 especializada en rescate sin dejar de lado la extinci\u00f3n de incendios.<br \/>\n<strong>Marianela Quevedo<\/strong><\/p>\n","protected":false},"excerpt":{"rendered":"<p>LLAY LLAY.&#8211; Bomberos de comuna celebraron su Cent\u00e9simo Cuarto aniversario. Un nuevo cumplea\u00f1os, realizado en unidad y participaci\u00f3n, donde fueron acompa\u00f1ados por camaradas de la Primera Compa\u00f1\u00eda, autoridades, vecinos y familiares. En&#8230;<\/p>\n","protected":false},"author":482,"featured_media":62474,"comment_status":"open","ping_status":"open","sticky":false,"template":"","format":"standard","meta":{"advanced_seo_description":"","jetpack_seo_html_title":"","jetpack_seo_noindex":false,"_jetpack_memberships_contains_paid_content":false,"footnotes":""},"categories":[15],"tags":[],"class_list":["post-62473","post","type-post","status-publish","format-standard","has-post-thumbnail","hentry","category-comunidad"],"jetpack_featured_media_url":"https:\/\/i0.wp.com\/eltrabajo.cl\/portal\/wp-content\/uploads\/2015\/10\/AUTORIDADES.jpg?fit=530%2C349&ssl=1","jetpack_sharing_enabled":true,"jetpack_likes_enabled":true,"jetpack-related-posts":[],"_links":{"self":[{"href":"https:\/\/eltrabajo.cl\/portal\/wp-json\/wp\/v2\/posts\/62473","targetHints":{"allow":["GET"]}}],"collection":[{"href":"https:\/\/eltrabajo.cl\/portal\/wp-json\/wp\/v2\/posts"}],"about":[{"href":"https:\/\/eltrabajo.cl\/portal\/wp-json\/wp\/v2\/types\/post"}],"author":[{"embeddable":true,"href":"https:\/\/eltrabajo.cl\/portal\/wp-json\/wp\/v2\/users\/482"}],"replies":[{"embeddable":true,"href":"https:\/\/eltrabajo.cl\/portal\/wp-json\/wp\/v2\/comments?post=62473"}],"version-history":[{"count":0,"href":"https:\/\/eltrabajo.cl\/portal\/wp-json\/wp\/v2\/posts\/62473\/revisions"}],"wp:featuredmedia":[{"embeddable":true,"href":"https:\/\/eltrabajo.cl\/portal\/wp-json\/wp\/v2\/media\/62474"}],"wp:attachment":[{"href":"https:\/\/eltrabajo.cl\/portal\/wp-json\/wp\/v2\/media?parent=62473"}],"wp:term":[{"taxonomy":"category","embeddable":true,"href":"https:\/\/eltrabajo.cl\/portal\/wp-json\/wp\/v2\/categories?post=62473"},{"taxonomy":"post_tag","embeddable":true,"href":"https:\/\/eltrabajo.cl\/portal\/wp-json\/wp\/v2\/tags?post=62473"}],"curies":[{"name":"wp","href":"https:\/\/api.w.org\/{rel}","templated":true}]}}