{"id":62476,"date":"2015-10-01T09:18:22","date_gmt":"2015-10-01T12:18:22","guid":{"rendered":"http:\/\/www.eltrabajo.cl\/portal\/?p=62476"},"modified":"2015-10-01T09:18:22","modified_gmt":"2015-10-01T12:18:22","slug":"realizan-encuentro-informativo-con-agrupaciones-de-personas-con-diferentes-discapacidades","status":"publish","type":"post","link":"https:\/\/eltrabajo.cl\/portal\/realizan-encuentro-informativo-con-agrupaciones-de-personas-con-diferentes-discapacidades\/","title":{"rendered":"Realizan encuentro informativo con agrupaciones de personas con diferentes discapacidades"},"content":{"rendered":"<figure id=\"attachment_62477\" aria-describedby=\"caption-attachment-62477\" style=\"width: 300px\" class=\"wp-caption alignleft\"><a href=\"https:\/\/i0.wp.com\/www.eltrabajo.cl\/portal\/wp-content\/uploads\/2015\/10\/Encuentro-informativo-Llay-Llay.jpg\"><img data-recalc-dims=\"1\" loading=\"lazy\" decoding=\"async\" class=\"wp-image-62477 size-medium\" src=\"https:\/\/i0.wp.com\/www.eltrabajo.cl\/portal\/wp-content\/uploads\/2015\/10\/Encuentro-informativo-Llay-Llay-300x198.jpg?resize=300%2C198\" alt=\"El encuentro se centr\u00f3 en entregar informaci\u00f3n a agrupaciones de personas con capacidades diferentes sobre las postulaciones a subsidios de vivienda.\" width=\"300\" height=\"198\" srcset=\"https:\/\/i0.wp.com\/eltrabajo.cl\/portal\/wp-content\/uploads\/2015\/10\/Encuentro-informativo-Llay-Llay.jpg?resize=300%2C198&amp;ssl=1 300w, https:\/\/i0.wp.com\/eltrabajo.cl\/portal\/wp-content\/uploads\/2015\/10\/Encuentro-informativo-Llay-Llay.jpg?resize=200%2C132&amp;ssl=1 200w, https:\/\/i0.wp.com\/eltrabajo.cl\/portal\/wp-content\/uploads\/2015\/10\/Encuentro-informativo-Llay-Llay.jpg?resize=227%2C150&amp;ssl=1 227w, https:\/\/i0.wp.com\/eltrabajo.cl\/portal\/wp-content\/uploads\/2015\/10\/Encuentro-informativo-Llay-Llay.jpg?resize=400%2C264&amp;ssl=1 400w, https:\/\/i0.wp.com\/eltrabajo.cl\/portal\/wp-content\/uploads\/2015\/10\/Encuentro-informativo-Llay-Llay.jpg?w=530&amp;ssl=1 530w\" sizes=\"auto, (max-width: 300px) 100vw, 300px\" \/><\/a><figcaption id=\"caption-attachment-62477\" class=\"wp-caption-text\">El encuentro se centr\u00f3 en entregar informaci\u00f3n a agrupaciones de personas con capacidades diferentes sobre las postulaciones a subsidios de vivienda.<\/figcaption><\/figure>\n<p><strong>LLAY LLAY<\/strong>.- Un convenio estrat\u00e9gico entre la Gobernaci\u00f3n San Felipe y el Serviu permiti\u00f3 realizar un encuentro informativo con agrupaciones de personas con capacidades diferentes. La actividad se realiz\u00f3 en la sede de la Universidad de Playa Ancha de San Felipe. El objetivo principal de la actividad, apunt\u00f3 a entregar informaci\u00f3n sobre postulaci\u00f3n a subsidios de vivienda para personas con habilidades diferentes.<br \/>\nEn la actividad estuvieron presentes, por parte de la Gobernaci\u00f3n San Felipe, Mar\u00eda Cristina Hauva; la encargada comunal de la Oficina de la Discapacidad de Llay Llay, Patricia Mart\u00ednez; agrupaciones de Catemu, Llay Llay, Panquehue, Putaendo y Santa Mar\u00eda.<br \/>\nLa encargada de la Oficina de la discapacidad, Patricia Mart\u00ednez, se\u00f1al\u00f3 la importancia \u201cde integrar a dichas actividades de encuentro de personas con capacidades distintas, a agrupaciones de la Provincia, entregarles informaci\u00f3n, aclarar sus inquietudes; en tem\u00e1ticas de vivienda y que les beneficiar\u00e1 directamente\u201d.<br \/>\n<strong>Marianela Quevedo<\/strong><\/p>\n","protected":false},"excerpt":{"rendered":"<p>LLAY LLAY.- Un convenio estrat\u00e9gico entre la Gobernaci\u00f3n San Felipe y el Serviu permiti\u00f3 realizar un encuentro informativo con agrupaciones de personas con capacidades diferentes. La actividad se realiz\u00f3 en la sede&#8230;<\/p>\n","protected":false},"author":482,"featured_media":62477,"comment_status":"open","ping_status":"open","sticky":false,"template":"","format":"standard","meta":{"advanced_seo_description":"","jetpack_seo_html_title":"","jetpack_seo_noindex":false,"_jetpack_memberships_contains_paid_content":false,"footnotes":""},"categories":[15],"tags":[],"class_list":["post-62476","post","type-post","status-publish","format-standard","has-post-thumbnail","hentry","category-comunidad"],"jetpack_featured_media_url":"https:\/\/i0.wp.com\/eltrabajo.cl\/portal\/wp-content\/uploads\/2015\/10\/Encuentro-informativo-Llay-Llay.jpg?fit=530%2C350&ssl=1","jetpack_sharing_enabled":true,"jetpack_likes_enabled":true,"jetpack-related-posts":[],"_links":{"self":[{"href":"https:\/\/eltrabajo.cl\/portal\/wp-json\/wp\/v2\/posts\/62476","targetHints":{"allow":["GET"]}}],"collection":[{"href":"https:\/\/eltrabajo.cl\/portal\/wp-json\/wp\/v2\/posts"}],"about":[{"href":"https:\/\/eltrabajo.cl\/portal\/wp-json\/wp\/v2\/types\/post"}],"author":[{"embeddable":true,"href":"https:\/\/eltrabajo.cl\/portal\/wp-json\/wp\/v2\/users\/482"}],"replies":[{"embeddable":true,"href":"https:\/\/eltrabajo.cl\/portal\/wp-json\/wp\/v2\/comments?post=62476"}],"version-history":[{"count":0,"href":"https:\/\/eltrabajo.cl\/portal\/wp-json\/wp\/v2\/posts\/62476\/revisions"}],"wp:featuredmedia":[{"embeddable":true,"href":"https:\/\/eltrabajo.cl\/portal\/wp-json\/wp\/v2\/media\/62477"}],"wp:attachment":[{"href":"https:\/\/eltrabajo.cl\/portal\/wp-json\/wp\/v2\/media?parent=62476"}],"wp:term":[{"taxonomy":"category","embeddable":true,"href":"https:\/\/eltrabajo.cl\/portal\/wp-json\/wp\/v2\/categories?post=62476"},{"taxonomy":"post_tag","embeddable":true,"href":"https:\/\/eltrabajo.cl\/portal\/wp-json\/wp\/v2\/tags?post=62476"}],"curies":[{"name":"wp","href":"https:\/\/api.w.org\/{rel}","templated":true}]}}