{"id":62479,"date":"2015-10-01T09:19:48","date_gmt":"2015-10-01T12:19:48","guid":{"rendered":"http:\/\/www.eltrabajo.cl\/portal\/?p=62479"},"modified":"2015-10-01T09:19:48","modified_gmt":"2015-10-01T12:19:48","slug":"benefician-a-7-familias-de-panquehue-con-subsidio-habitacional","status":"publish","type":"post","link":"https:\/\/eltrabajo.cl\/portal\/benefician-a-7-familias-de-panquehue-con-subsidio-habitacional\/","title":{"rendered":"Benefician a 7 familias de Panquehue con subsidio habitacional"},"content":{"rendered":"<figure id=\"attachment_62480\" aria-describedby=\"caption-attachment-62480\" style=\"width: 300px\" class=\"wp-caption alignleft\"><a href=\"https:\/\/i0.wp.com\/www.eltrabajo.cl\/portal\/wp-content\/uploads\/2015\/10\/Subsidio-Panquehue.jpg\"><img data-recalc-dims=\"1\" loading=\"lazy\" decoding=\"async\" class=\"wp-image-62480 size-medium\" src=\"https:\/\/i0.wp.com\/www.eltrabajo.cl\/portal\/wp-content\/uploads\/2015\/10\/Subsidio-Panquehue-300x197.jpg?resize=300%2C197\" alt=\"Un total de 7 familias de Panquehue resultaron favorecidas con subsidios habitacionales para sectores medios y de arriendo, en caso de j\u00f3venes.\" width=\"300\" height=\"197\" srcset=\"https:\/\/i0.wp.com\/eltrabajo.cl\/portal\/wp-content\/uploads\/2015\/10\/Subsidio-Panquehue.jpg?resize=300%2C197&amp;ssl=1 300w, https:\/\/i0.wp.com\/eltrabajo.cl\/portal\/wp-content\/uploads\/2015\/10\/Subsidio-Panquehue.jpg?resize=200%2C131&amp;ssl=1 200w, https:\/\/i0.wp.com\/eltrabajo.cl\/portal\/wp-content\/uploads\/2015\/10\/Subsidio-Panquehue.jpg?resize=228%2C150&amp;ssl=1 228w, https:\/\/i0.wp.com\/eltrabajo.cl\/portal\/wp-content\/uploads\/2015\/10\/Subsidio-Panquehue.jpg?resize=400%2C263&amp;ssl=1 400w, https:\/\/i0.wp.com\/eltrabajo.cl\/portal\/wp-content\/uploads\/2015\/10\/Subsidio-Panquehue.jpg?w=530&amp;ssl=1 530w\" sizes=\"auto, (max-width: 300px) 100vw, 300px\" \/><\/a><figcaption id=\"caption-attachment-62480\" class=\"wp-caption-text\">Un total de 7 familias de Panquehue resultaron favorecidas con subsidios habitacionales para sectores medios y de arriendo, en caso de j\u00f3venes.<\/figcaption><\/figure>\n<ul>\n<li><strong>Se trata de las modalidades de sector medio y de arriendo en caso de j\u00f3venes.<\/strong><\/li>\n<\/ul>\n<p><strong>PANQUEHUE.<\/strong>&#8211; Un total de 7 familias de la comuna de Panquehue resultaron favorecidas con la entrega de sus subsidios habitacionales en la modalidad sectores medio y de arriendo en caso de j\u00f3venes.<br \/>\nFueron 6 los vecinos de la comuna de Panquehue, que recibieron su subsidio para sectores medios, que les permite adquirir una vivienda nueva o usada, como tambi\u00e9n construir en sitio propio o de un familiar.<br \/>\nDentro de las caracter\u00edsticas que tiene este programa, se desprende un aumento en el financiamiento base para las personas extranjeras, adem\u00e1s de incrementar beneficios para quienes sean bomberos. Esto, sumado a la incorporaci\u00f3n de una subvenci\u00f3n al pago por oportuno al dividendo.<br \/>\nEn esta l\u00ednea, quienes usar\u00e1n su soluci\u00f3n habitacional para adquirir una vivienda ya construida tanto nueva como usada, debe tener un precio que no supere las 2 mil unidades de fomento y que est\u00e9 en el mercado inmobiliario. En tanto, para quienes optaran por construir en sitio propio, el costo tampoco debe pasar las 2 mil UF.<br \/>\nPor otra parte fue 1 vecino de Panquehue, quien recibi\u00f3 el certificado de subsidio de arriendo del 1\u00ba llamado 2015, en que los seleccionados podr\u00e1n independizarse y salir de su condici\u00f3n de allegados para iniciar una vida familiar con mayor autonom\u00eda. Los seleccionados podr\u00e1n recibir mensualmente 3 UF durante tres a\u00f1os y 2,5 UF los siguientes dos a\u00f1os, para paliar el pago del arriendo de una vivienda.<br \/>\nLa ceremonia que se realiz\u00f3 en el teatro municipal de San Felipe, cont\u00f3 con la asistencia del alcalde Luis Pradenas, adem\u00e1s de autoridades provinciales y el Director regional del MINU, Nelson Basaez.<\/p>\n","protected":false},"excerpt":{"rendered":"<p>Se trata de las modalidades de sector medio y de arriendo en caso de j\u00f3venes. PANQUEHUE.&#8211; Un total de 7 familias de la comuna de Panquehue resultaron favorecidas con la entrega de&#8230;<\/p>\n","protected":false},"author":482,"featured_media":62480,"comment_status":"open","ping_status":"open","sticky":false,"template":"","format":"standard","meta":{"advanced_seo_description":"","jetpack_seo_html_title":"","jetpack_seo_noindex":false,"_jetpack_memberships_contains_paid_content":false,"footnotes":""},"categories":[15],"tags":[],"class_list":["post-62479","post","type-post","status-publish","format-standard","has-post-thumbnail","hentry","category-comunidad"],"jetpack_featured_media_url":"https:\/\/i0.wp.com\/eltrabajo.cl\/portal\/wp-content\/uploads\/2015\/10\/Subsidio-Panquehue.jpg?fit=530%2C348&ssl=1","jetpack_sharing_enabled":true,"jetpack_likes_enabled":true,"jetpack-related-posts":[],"_links":{"self":[{"href":"https:\/\/eltrabajo.cl\/portal\/wp-json\/wp\/v2\/posts\/62479","targetHints":{"allow":["GET"]}}],"collection":[{"href":"https:\/\/eltrabajo.cl\/portal\/wp-json\/wp\/v2\/posts"}],"about":[{"href":"https:\/\/eltrabajo.cl\/portal\/wp-json\/wp\/v2\/types\/post"}],"author":[{"embeddable":true,"href":"https:\/\/eltrabajo.cl\/portal\/wp-json\/wp\/v2\/users\/482"}],"replies":[{"embeddable":true,"href":"https:\/\/eltrabajo.cl\/portal\/wp-json\/wp\/v2\/comments?post=62479"}],"version-history":[{"count":0,"href":"https:\/\/eltrabajo.cl\/portal\/wp-json\/wp\/v2\/posts\/62479\/revisions"}],"wp:featuredmedia":[{"embeddable":true,"href":"https:\/\/eltrabajo.cl\/portal\/wp-json\/wp\/v2\/media\/62480"}],"wp:attachment":[{"href":"https:\/\/eltrabajo.cl\/portal\/wp-json\/wp\/v2\/media?parent=62479"}],"wp:term":[{"taxonomy":"category","embeddable":true,"href":"https:\/\/eltrabajo.cl\/portal\/wp-json\/wp\/v2\/categories?post=62479"},{"taxonomy":"post_tag","embeddable":true,"href":"https:\/\/eltrabajo.cl\/portal\/wp-json\/wp\/v2\/tags?post=62479"}],"curies":[{"name":"wp","href":"https:\/\/api.w.org\/{rel}","templated":true}]}}