{"id":62496,"date":"2015-10-01T09:26:59","date_gmt":"2015-10-01T12:26:59","guid":{"rendered":"http:\/\/www.eltrabajo.cl\/portal\/?p=62496"},"modified":"2015-10-01T09:26:59","modified_gmt":"2015-10-01T12:26:59","slug":"en-reunion-con-el-concejo-municipal-presentan-padem-2016","status":"publish","type":"post","link":"https:\/\/eltrabajo.cl\/portal\/en-reunion-con-el-concejo-municipal-presentan-padem-2016\/","title":{"rendered":"En reuni\u00f3n con el Concejo Municipal presentan Padem 2016"},"content":{"rendered":"<figure id=\"attachment_62497\" aria-describedby=\"caption-attachment-62497\" style=\"width: 300px\" class=\"wp-caption alignleft\"><a href=\"https:\/\/i0.wp.com\/www.eltrabajo.cl\/portal\/wp-content\/uploads\/2015\/10\/Daem-Panquehue.jpg\"><img data-recalc-dims=\"1\" loading=\"lazy\" decoding=\"async\" class=\"wp-image-62497 size-medium\" src=\"https:\/\/i0.wp.com\/www.eltrabajo.cl\/portal\/wp-content\/uploads\/2015\/10\/Daem-Panquehue-300x198.jpg?resize=300%2C198\" alt=\"La reuni\u00f3n cont\u00f3 con la presencia del alcalde Luis Pradenas, el Concejo Municipal y encargados del Daem, quienes fueron los encargados de presentar el Padem 2016.\" width=\"300\" height=\"198\" srcset=\"https:\/\/i0.wp.com\/eltrabajo.cl\/portal\/wp-content\/uploads\/2015\/10\/Daem-Panquehue.jpg?resize=300%2C198&amp;ssl=1 300w, https:\/\/i0.wp.com\/eltrabajo.cl\/portal\/wp-content\/uploads\/2015\/10\/Daem-Panquehue.jpg?resize=200%2C132&amp;ssl=1 200w, https:\/\/i0.wp.com\/eltrabajo.cl\/portal\/wp-content\/uploads\/2015\/10\/Daem-Panquehue.jpg?resize=227%2C150&amp;ssl=1 227w, https:\/\/i0.wp.com\/eltrabajo.cl\/portal\/wp-content\/uploads\/2015\/10\/Daem-Panquehue.jpg?resize=400%2C264&amp;ssl=1 400w, https:\/\/i0.wp.com\/eltrabajo.cl\/portal\/wp-content\/uploads\/2015\/10\/Daem-Panquehue.jpg?w=530&amp;ssl=1 530w\" sizes=\"auto, (max-width: 300px) 100vw, 300px\" \/><\/a><figcaption id=\"caption-attachment-62497\" class=\"wp-caption-text\">La reuni\u00f3n cont\u00f3 con la presencia del alcalde Luis Pradenas, el Concejo Municipal y encargados del Daem, quienes fueron los encargados de presentar el Padem 2016.<\/figcaption><\/figure>\n<ul>\n<li><strong>En la reuni\u00f3n de concejo, que estuvo presidida por el alcalde Luis Pradenas, se tom\u00f3 conocimiento de la propuesta educacional para el a\u00f1o 2016, donde se considera el aumento de matr\u00edcula y un reajuste presupuestario del 4 %.<\/strong><\/li>\n<\/ul>\n<p><strong>PANQUEHUE<\/strong>.-Una completa y detallada presentaci\u00f3n sobre el Plan de Desarrollo de la Educaci\u00f3n Municipal 2016, realiz\u00f3 el Departamento de Administraci\u00f3n y Educaci\u00f3n Municipal (Daem) al concejo municipal y que tiene relaci\u00f3n con la aprobaci\u00f3n del presupuesto que por ley debe estar aprobado al 30 de noviembre pr\u00f3ximo.<br \/>\nCon la asistencia de la totalidad de los concejales, presididos por el alcalde Luis Pradenas, la presentaci\u00f3n del Daem se inici\u00f3 con una exposici\u00f3n del Jefe de la Unidad T\u00e9cnica Pedag\u00f3gica David Dazzarola, quien se refiri\u00f3 a la actual situaci\u00f3n educacional de la comuna, haciendo un cuadro comparativo sobre la realidad de Panquehue, los resultados del Simce y las metas propuestas en las matriculas para el 2016.<br \/>\nPosteriormente la profesional encargada del Programa de Integraci\u00f3n Educacional (PIE) Elizabeth Vergara Fern\u00e1ndez, inform\u00f3 la planificaci\u00f3n para el pr\u00f3ximo a\u00f1o, sobre el plan de integraci\u00f3n que tiene cada una de las escuelas y las metas como desaf\u00edos.<br \/>\nFue la Jefa Administrativa del Daem Silvia Aguirre quien explic\u00f3 la situaci\u00f3n financiera y sobre la propuesta de presupuesto para el 2016, que considera un aumento del 4 por ciento sobre el presupuesto actual en educaci\u00f3n.<br \/>\nLa Directora del Daem Julia Mar\u00edn, se\u00f1al\u00f3 que fue un trabajo muy detallado el presentado por su unidad y se espera la aprobaci\u00f3n para los pr\u00f3ximos d\u00edas por parte de los concejales.<br \/>\n\u201cEl nuevo presupuesto se calcul\u00f3 con un reajuste del 4 por ciento para el 2016, lo que significa que tendr\u00edamos que contar con esos recursos para poder funcionar sin mayores problemas, exceptuando todos los beneficios que vengan producto de la reforma educaci\u00f3n\u201d.<\/p>\n","protected":false},"excerpt":{"rendered":"<p>En la reuni\u00f3n de concejo, que estuvo presidida por el alcalde Luis Pradenas, se tom\u00f3 conocimiento de la propuesta educacional para el a\u00f1o 2016, donde se considera el aumento de matr\u00edcula y&#8230;<\/p>\n","protected":false},"author":482,"featured_media":62497,"comment_status":"open","ping_status":"open","sticky":false,"template":"","format":"standard","meta":{"advanced_seo_description":"","jetpack_seo_html_title":"","jetpack_seo_noindex":false,"_jetpack_memberships_contains_paid_content":false,"footnotes":""},"categories":[1],"tags":[],"class_list":["post-62496","post","type-post","status-publish","format-standard","has-post-thumbnail","hentry","category-cronica"],"jetpack_featured_media_url":"https:\/\/i0.wp.com\/eltrabajo.cl\/portal\/wp-content\/uploads\/2015\/10\/Daem-Panquehue.jpg?fit=530%2C350&ssl=1","jetpack_sharing_enabled":true,"jetpack_likes_enabled":true,"jetpack-related-posts":[],"_links":{"self":[{"href":"https:\/\/eltrabajo.cl\/portal\/wp-json\/wp\/v2\/posts\/62496","targetHints":{"allow":["GET"]}}],"collection":[{"href":"https:\/\/eltrabajo.cl\/portal\/wp-json\/wp\/v2\/posts"}],"about":[{"href":"https:\/\/eltrabajo.cl\/portal\/wp-json\/wp\/v2\/types\/post"}],"author":[{"embeddable":true,"href":"https:\/\/eltrabajo.cl\/portal\/wp-json\/wp\/v2\/users\/482"}],"replies":[{"embeddable":true,"href":"https:\/\/eltrabajo.cl\/portal\/wp-json\/wp\/v2\/comments?post=62496"}],"version-history":[{"count":0,"href":"https:\/\/eltrabajo.cl\/portal\/wp-json\/wp\/v2\/posts\/62496\/revisions"}],"wp:featuredmedia":[{"embeddable":true,"href":"https:\/\/eltrabajo.cl\/portal\/wp-json\/wp\/v2\/media\/62497"}],"wp:attachment":[{"href":"https:\/\/eltrabajo.cl\/portal\/wp-json\/wp\/v2\/media?parent=62496"}],"wp:term":[{"taxonomy":"category","embeddable":true,"href":"https:\/\/eltrabajo.cl\/portal\/wp-json\/wp\/v2\/categories?post=62496"},{"taxonomy":"post_tag","embeddable":true,"href":"https:\/\/eltrabajo.cl\/portal\/wp-json\/wp\/v2\/tags?post=62496"}],"curies":[{"name":"wp","href":"https:\/\/api.w.org\/{rel}","templated":true}]}}