{"id":62499,"date":"2015-10-01T09:28:10","date_gmt":"2015-10-01T12:28:10","guid":{"rendered":"http:\/\/www.eltrabajo.cl\/portal\/?p=62499"},"modified":"2015-10-01T09:28:10","modified_gmt":"2015-10-01T12:28:10","slug":"emprendedores-de-aconcagua-participaron-en-proyecto-de-turismo-y-cultura-organizado-por-la-corporacion-pro-aconcagua","status":"publish","type":"post","link":"https:\/\/eltrabajo.cl\/portal\/emprendedores-de-aconcagua-participaron-en-proyecto-de-turismo-y-cultura-organizado-por-la-corporacion-pro-aconcagua\/","title":{"rendered":"Emprendedores de Aconcagua participaron en proyecto de turismo y cultura organizado por la Corporaci\u00f3n Pro Aconcagua"},"content":{"rendered":"<figure id=\"attachment_62500\" aria-describedby=\"caption-attachment-62500\" style=\"width: 300px\" class=\"wp-caption alignleft\"><a href=\"https:\/\/i0.wp.com\/www.eltrabajo.cl\/portal\/wp-content\/uploads\/2015\/10\/Corporacion-Pro-Aconcagua-2.jpg\"><img data-recalc-dims=\"1\" loading=\"lazy\" decoding=\"async\" class=\"wp-image-62500 size-medium\" src=\"https:\/\/i0.wp.com\/www.eltrabajo.cl\/portal\/wp-content\/uploads\/2015\/10\/Corporacion-Pro-Aconcagua-2-300x199.jpg?resize=300%2C199\" alt=\"60 emprendedores del Valle de Aconcagua participaron del proyecto \u2018Formaci\u00f3n y Promoci\u00f3n de la Cultura y el Turismo, Fomentando el Turismo Cultural\u2019, desarrollado por Corporaci\u00f3n Pro Aconcagua.\" width=\"300\" height=\"199\" srcset=\"https:\/\/i0.wp.com\/eltrabajo.cl\/portal\/wp-content\/uploads\/2015\/10\/Corporacion-Pro-Aconcagua-2.jpg?resize=300%2C199&amp;ssl=1 300w, https:\/\/i0.wp.com\/eltrabajo.cl\/portal\/wp-content\/uploads\/2015\/10\/Corporacion-Pro-Aconcagua-2.jpg?resize=200%2C133&amp;ssl=1 200w, https:\/\/i0.wp.com\/eltrabajo.cl\/portal\/wp-content\/uploads\/2015\/10\/Corporacion-Pro-Aconcagua-2.jpg?resize=226%2C150&amp;ssl=1 226w, https:\/\/i0.wp.com\/eltrabajo.cl\/portal\/wp-content\/uploads\/2015\/10\/Corporacion-Pro-Aconcagua-2.jpg?resize=400%2C265&amp;ssl=1 400w, https:\/\/i0.wp.com\/eltrabajo.cl\/portal\/wp-content\/uploads\/2015\/10\/Corporacion-Pro-Aconcagua-2.jpg?w=528&amp;ssl=1 528w\" sizes=\"auto, (max-width: 300px) 100vw, 300px\" \/><\/a><figcaption id=\"caption-attachment-62500\" class=\"wp-caption-text\">60 emprendedores del Valle de Aconcagua participaron del proyecto \u2018Formaci\u00f3n y Promoci\u00f3n de la Cultura y el Turismo, Fomentando el Turismo Cultural\u2019, desarrollado por Corporaci\u00f3n Pro Aconcagua.<\/figcaption><\/figure>\n<ul>\n<li><strong>Iniciativa tuvo por objetivo entregar herramientas de conocimiento que aporten al desarrollo, gesti\u00f3n y promoci\u00f3n de los negocios tur\u00edsticos de la zona<\/strong><\/li>\n<\/ul>\n<p>En dependencias de la ex Estaci\u00f3n de Ferrocarriles de Los Andes, se realiz\u00f3 el cierre del proyecto \u2018Formaci\u00f3n y Promoci\u00f3n de la Cultura y el Turismo, Fomentando el Turismo Cultural\u2019, iniciativa que fue desarrollada por la Corporaci\u00f3n Pro Aconcagua y financiada por el 2% de Cultura del Gobierno Regional de Valpara\u00edso.<br \/>\nDurante esta actividad de cierre, se certific\u00f3 a los cerca de sesenta alumnos \u2013en su mayor\u00eda emprendedores del Valle de Aconcagua- quienes participaron en los talleres denominados \u2018Desarrollo de Productos Tur\u00edsticos y Marketing Tur\u00edstico\u2019, que fueron realizados en las provincias de Los Andes y San Felipe.<br \/>\nEsta iniciativa tuvo por objetivo entregar herramientas de conocimiento que aporten al desarrollo, gesti\u00f3n y promoci\u00f3n de los negocios tur\u00edsticos de la zona. En ese sentido, los participantes de este proyecto tendr\u00e1n la oportunidad de difundir sus productos y servicios, en el sitio web oficial de promoci\u00f3n tur\u00edstica del destino Valle de Aconcagua.<br \/>\nSobre esta iniciativa, Luis Molina, Encargado del \u00e1rea de Turismo en la Corporaci\u00f3n Pro Aconcagua sostuvo \u00abEstamos muy contentos por el n\u00famero de asistentes, siendo muchos de ellos nuevos emprendedores del Valle de Aconcagua. Instancia en la cual los participantes, pudieron conocer y aprender sobre la creaci\u00f3n y comercializaci\u00f3n de productos tur\u00edsticos que reflejen nuestra identidad como Territorio\u00bb.<\/p>\n","protected":false},"excerpt":{"rendered":"<p>Iniciativa tuvo por objetivo entregar herramientas de conocimiento que aporten al desarrollo, gesti\u00f3n y promoci\u00f3n de los negocios tur\u00edsticos de la zona En dependencias de la ex Estaci\u00f3n de Ferrocarriles de Los&#8230;<\/p>\n","protected":false},"author":482,"featured_media":62500,"comment_status":"open","ping_status":"open","sticky":false,"template":"","format":"standard","meta":{"advanced_seo_description":"","jetpack_seo_html_title":"","jetpack_seo_noindex":false,"_jetpack_memberships_contains_paid_content":false,"footnotes":""},"categories":[1],"tags":[],"class_list":["post-62499","post","type-post","status-publish","format-standard","has-post-thumbnail","hentry","category-cronica"],"jetpack_featured_media_url":"https:\/\/i0.wp.com\/eltrabajo.cl\/portal\/wp-content\/uploads\/2015\/10\/Corporacion-Pro-Aconcagua-2.jpg?fit=528%2C350&ssl=1","jetpack_sharing_enabled":true,"jetpack_likes_enabled":true,"jetpack-related-posts":[],"_links":{"self":[{"href":"https:\/\/eltrabajo.cl\/portal\/wp-json\/wp\/v2\/posts\/62499","targetHints":{"allow":["GET"]}}],"collection":[{"href":"https:\/\/eltrabajo.cl\/portal\/wp-json\/wp\/v2\/posts"}],"about":[{"href":"https:\/\/eltrabajo.cl\/portal\/wp-json\/wp\/v2\/types\/post"}],"author":[{"embeddable":true,"href":"https:\/\/eltrabajo.cl\/portal\/wp-json\/wp\/v2\/users\/482"}],"replies":[{"embeddable":true,"href":"https:\/\/eltrabajo.cl\/portal\/wp-json\/wp\/v2\/comments?post=62499"}],"version-history":[{"count":0,"href":"https:\/\/eltrabajo.cl\/portal\/wp-json\/wp\/v2\/posts\/62499\/revisions"}],"wp:featuredmedia":[{"embeddable":true,"href":"https:\/\/eltrabajo.cl\/portal\/wp-json\/wp\/v2\/media\/62500"}],"wp:attachment":[{"href":"https:\/\/eltrabajo.cl\/portal\/wp-json\/wp\/v2\/media?parent=62499"}],"wp:term":[{"taxonomy":"category","embeddable":true,"href":"https:\/\/eltrabajo.cl\/portal\/wp-json\/wp\/v2\/categories?post=62499"},{"taxonomy":"post_tag","embeddable":true,"href":"https:\/\/eltrabajo.cl\/portal\/wp-json\/wp\/v2\/tags?post=62499"}],"curies":[{"name":"wp","href":"https:\/\/api.w.org\/{rel}","templated":true}]}}