{"id":62502,"date":"2015-10-01T09:31:11","date_gmt":"2015-10-01T12:31:11","guid":{"rendered":"http:\/\/www.eltrabajo.cl\/portal\/?p=62502"},"modified":"2015-10-01T09:31:11","modified_gmt":"2015-10-01T12:31:11","slug":"con-importantes-mejoras-celebran-nuevo-aniversario-de-hospital-san-camilo","status":"publish","type":"post","link":"https:\/\/eltrabajo.cl\/portal\/con-importantes-mejoras-celebran-nuevo-aniversario-de-hospital-san-camilo\/","title":{"rendered":"Con importantes mejoras celebran nuevo aniversario de Hospital San Camilo"},"content":{"rendered":"<figure id=\"attachment_62503\" aria-describedby=\"caption-attachment-62503\" style=\"width: 300px\" class=\"wp-caption alignleft\"><a href=\"https:\/\/i0.wp.com\/www.eltrabajo.cl\/portal\/wp-content\/uploads\/2015\/10\/Aniversario-Hospital-San-Camilo-1.jpg\"><img data-recalc-dims=\"1\" loading=\"lazy\" decoding=\"async\" class=\"wp-image-62503 size-medium\" src=\"https:\/\/i0.wp.com\/www.eltrabajo.cl\/portal\/wp-content\/uploads\/2015\/10\/Aniversario-Hospital-San-Camilo-1-300x198.jpg?resize=300%2C198\" alt=\"En esta instancia, se entreg\u00f3 la Distinci\u00f3n Segismundo Iturra a la funcionaria Raquel Or\u00f3stegui, reconociendo su labor y entrega hacia los pacientes. \" width=\"300\" height=\"198\" srcset=\"https:\/\/i0.wp.com\/eltrabajo.cl\/portal\/wp-content\/uploads\/2015\/10\/Aniversario-Hospital-San-Camilo-1.jpg?resize=300%2C198&amp;ssl=1 300w, https:\/\/i0.wp.com\/eltrabajo.cl\/portal\/wp-content\/uploads\/2015\/10\/Aniversario-Hospital-San-Camilo-1.jpg?resize=200%2C132&amp;ssl=1 200w, https:\/\/i0.wp.com\/eltrabajo.cl\/portal\/wp-content\/uploads\/2015\/10\/Aniversario-Hospital-San-Camilo-1.jpg?resize=227%2C150&amp;ssl=1 227w, https:\/\/i0.wp.com\/eltrabajo.cl\/portal\/wp-content\/uploads\/2015\/10\/Aniversario-Hospital-San-Camilo-1.jpg?resize=400%2C264&amp;ssl=1 400w, https:\/\/i0.wp.com\/eltrabajo.cl\/portal\/wp-content\/uploads\/2015\/10\/Aniversario-Hospital-San-Camilo-1.jpg?w=530&amp;ssl=1 530w\" sizes=\"auto, (max-width: 300px) 100vw, 300px\" \/><\/a><figcaption id=\"caption-attachment-62503\" class=\"wp-caption-text\">En esta instancia, se entreg\u00f3 la Distinci\u00f3n Segismundo Iturra a la funcionaria Raquel Or\u00f3stegui, reconociendo su labor y entrega hacia los pacientes.<\/figcaption><\/figure>\n<ul>\n<li><strong>Durante este nuevo a\u00f1o el establecimiento ha recibido 12 nuevos especialistas, nueva infraestructura y m\u00e1s de 800 millones de pesos en equipamiento.<\/strong><\/li>\n<\/ul>\n<p>En el marco del aniversario 173 de la instituci\u00f3n, el Hospital San Camilo celebr\u00f3 un a\u00f1o m\u00e1s de vida elaborando su planificaci\u00f3n estrat\u00e9gica para determinar el futuro de la instituci\u00f3n, todo en el marco de un gran a\u00f1o para sus usuarios ya que durante este periodo, el recinto ha podido sumar nuevos especialistas, nueva infraestructura y nuevas inversiones en equipamiento que permiten entregar una mejor atenci\u00f3n.<\/p>\n<figure id=\"attachment_62504\" aria-describedby=\"caption-attachment-62504\" style=\"width: 300px\" class=\"wp-caption alignright\"><a href=\"https:\/\/i0.wp.com\/www.eltrabajo.cl\/portal\/wp-content\/uploads\/2015\/10\/Aniversario-Hospital-San-Camilo-2.jpg\"><img data-recalc-dims=\"1\" loading=\"lazy\" decoding=\"async\" class=\"wp-image-62504 size-medium\" src=\"https:\/\/i0.wp.com\/www.eltrabajo.cl\/portal\/wp-content\/uploads\/2015\/10\/Aniversario-Hospital-San-Camilo-2-300x198.jpg?resize=300%2C198\" alt=\"Diversas autoridades participaron de las celebraciones de un nuevo aniversario del Hospital San Camilo.\" width=\"300\" height=\"198\" srcset=\"https:\/\/i0.wp.com\/eltrabajo.cl\/portal\/wp-content\/uploads\/2015\/10\/Aniversario-Hospital-San-Camilo-2.jpg?resize=300%2C198&amp;ssl=1 300w, https:\/\/i0.wp.com\/eltrabajo.cl\/portal\/wp-content\/uploads\/2015\/10\/Aniversario-Hospital-San-Camilo-2.jpg?resize=200%2C132&amp;ssl=1 200w, https:\/\/i0.wp.com\/eltrabajo.cl\/portal\/wp-content\/uploads\/2015\/10\/Aniversario-Hospital-San-Camilo-2.jpg?resize=227%2C150&amp;ssl=1 227w, https:\/\/i0.wp.com\/eltrabajo.cl\/portal\/wp-content\/uploads\/2015\/10\/Aniversario-Hospital-San-Camilo-2.jpg?resize=400%2C264&amp;ssl=1 400w, https:\/\/i0.wp.com\/eltrabajo.cl\/portal\/wp-content\/uploads\/2015\/10\/Aniversario-Hospital-San-Camilo-2.jpg?w=530&amp;ssl=1 530w\" sizes=\"auto, (max-width: 300px) 100vw, 300px\" \/><\/a><figcaption id=\"caption-attachment-62504\" class=\"wp-caption-text\">Diversas autoridades participaron de las celebraciones de un nuevo aniversario del Hospital San Camilo.<\/figcaption><\/figure>\n<p>De esta manera, por ejemplo, la llegada de los nuevos especialistas ha permitido contar con mayor disponibilidad de horas en \u00e1reas tan sensibles como otorrino o neurocirug\u00eda. Por su parte, en materia de infraestructura, el segundo piso del Some, inaugurado durante el primer semestre, ha permitido contar con un espacio adecuado y seguro para el cuidado de las fichas cl\u00ednicas, evitando as\u00ed sus extrav\u00edos.<br \/>\n\u201cEstamos contentos de celebrar un nuevo aniversario con la comunidad ya que podemos dar cuenta de un buen a\u00f1o en el cual se ha avanzado en reducci\u00f3n de listas de espera, de renovaci\u00f3n de equipamiento y en infraestructura, todo lo cual nos permite entregar una mejor salud a toda la poblaci\u00f3n\u201d, asegur\u00f3 el Director del establecimiento, Dr. Juan de Dios Reyes Magallanes.<br \/>\nEn materia de inversiones, las cifras hablan de m\u00e1s de 800 millones invertidos en servicios como Pabell\u00f3n, Laboratorio, Oftalmolog\u00eda o Anatom\u00eda Patol\u00f3gica, entre otros, en los cuales junto con renovar el equipamiento m\u00e1s antiguo, se ha podido de dotar de nuevas m\u00e1quinas capaces de realizar nuevas prestaciones a los usuarios.<br \/>\nEn la ceremonia, tambi\u00e9n se realizaron diversos reconocimientos a los funcionarios que se acogen a retiro, as\u00ed como tambi\u00e9n se entreg\u00f3 la Distinci\u00f3n Segismundo Iturra, reconocimiento que entrega la instituci\u00f3n al funcionario que represente los valores de un verdadero servidor p\u00fablico como lo fue en vida el Dr. Iturra, obteniendo el honor la funcionaria Raquel Or\u00f3stegui del servicio de Imagenolog\u00eda, por su destacada y reconocida vocaci\u00f3n hacia la calidad t\u00e9cnica y humana en la atenci\u00f3n de los pacientes.<\/p>\n","protected":false},"excerpt":{"rendered":"<p>Durante este nuevo a\u00f1o el establecimiento ha recibido 12 nuevos especialistas, nueva infraestructura y m\u00e1s de 800 millones de pesos en equipamiento. En el marco del aniversario 173 de la instituci\u00f3n, el&#8230;<\/p>\n","protected":false},"author":482,"featured_media":62503,"comment_status":"open","ping_status":"open","sticky":false,"template":"","format":"standard","meta":{"advanced_seo_description":"","jetpack_seo_html_title":"","jetpack_seo_noindex":false,"_jetpack_memberships_contains_paid_content":false,"footnotes":""},"categories":[1],"tags":[],"class_list":["post-62502","post","type-post","status-publish","format-standard","has-post-thumbnail","hentry","category-cronica"],"jetpack_featured_media_url":"https:\/\/i0.wp.com\/eltrabajo.cl\/portal\/wp-content\/uploads\/2015\/10\/Aniversario-Hospital-San-Camilo-1.jpg?fit=530%2C350&ssl=1","jetpack_sharing_enabled":true,"jetpack_likes_enabled":true,"jetpack-related-posts":[],"_links":{"self":[{"href":"https:\/\/eltrabajo.cl\/portal\/wp-json\/wp\/v2\/posts\/62502","targetHints":{"allow":["GET"]}}],"collection":[{"href":"https:\/\/eltrabajo.cl\/portal\/wp-json\/wp\/v2\/posts"}],"about":[{"href":"https:\/\/eltrabajo.cl\/portal\/wp-json\/wp\/v2\/types\/post"}],"author":[{"embeddable":true,"href":"https:\/\/eltrabajo.cl\/portal\/wp-json\/wp\/v2\/users\/482"}],"replies":[{"embeddable":true,"href":"https:\/\/eltrabajo.cl\/portal\/wp-json\/wp\/v2\/comments?post=62502"}],"version-history":[{"count":0,"href":"https:\/\/eltrabajo.cl\/portal\/wp-json\/wp\/v2\/posts\/62502\/revisions"}],"wp:featuredmedia":[{"embeddable":true,"href":"https:\/\/eltrabajo.cl\/portal\/wp-json\/wp\/v2\/media\/62503"}],"wp:attachment":[{"href":"https:\/\/eltrabajo.cl\/portal\/wp-json\/wp\/v2\/media?parent=62502"}],"wp:term":[{"taxonomy":"category","embeddable":true,"href":"https:\/\/eltrabajo.cl\/portal\/wp-json\/wp\/v2\/categories?post=62502"},{"taxonomy":"post_tag","embeddable":true,"href":"https:\/\/eltrabajo.cl\/portal\/wp-json\/wp\/v2\/tags?post=62502"}],"curies":[{"name":"wp","href":"https:\/\/api.w.org\/{rel}","templated":true}]}}