{"id":62506,"date":"2015-10-01T09:36:57","date_gmt":"2015-10-01T12:36:57","guid":{"rendered":"http:\/\/www.eltrabajo.cl\/portal\/?p=62506"},"modified":"2015-10-01T09:36:57","modified_gmt":"2015-10-01T12:36:57","slug":"alumna-del-cordillera-tiene-10-anos-y-derrota-a-corredores-adultos","status":"publish","type":"post","link":"https:\/\/eltrabajo.cl\/portal\/alumna-del-cordillera-tiene-10-anos-y-derrota-a-corredores-adultos\/","title":{"rendered":"Alumna del Cordillera tiene 10 a\u00f1os y derrota a corredores adultos"},"content":{"rendered":"<figure id=\"attachment_62507\" aria-describedby=\"caption-attachment-62507\" style=\"width: 300px\" class=\"wp-caption alignleft\"><a href=\"https:\/\/i0.wp.com\/www.eltrabajo.cl\/portal\/wp-content\/uploads\/2015\/10\/Panchita1.jpg\"><img data-recalc-dims=\"1\" loading=\"lazy\" decoding=\"async\" class=\"wp-image-62507 size-medium\" src=\"https:\/\/i0.wp.com\/www.eltrabajo.cl\/portal\/wp-content\/uploads\/2015\/10\/Panchita1-300x198.jpg?resize=300%2C198\" alt=\"Y VIENEN M\u00c1S TRIUNFOS.- Estos son s\u00f3lo algunas de las preseas ya conquistadas por nuestra \u2018Panchita\u2019 Z\u00fa\u00f1iga en el mundo del atletismo.\" width=\"300\" height=\"198\" srcset=\"https:\/\/i0.wp.com\/eltrabajo.cl\/portal\/wp-content\/uploads\/2015\/10\/Panchita1.jpg?resize=300%2C198&amp;ssl=1 300w, https:\/\/i0.wp.com\/eltrabajo.cl\/portal\/wp-content\/uploads\/2015\/10\/Panchita1.jpg?resize=200%2C132&amp;ssl=1 200w, https:\/\/i0.wp.com\/eltrabajo.cl\/portal\/wp-content\/uploads\/2015\/10\/Panchita1.jpg?resize=227%2C150&amp;ssl=1 227w, https:\/\/i0.wp.com\/eltrabajo.cl\/portal\/wp-content\/uploads\/2015\/10\/Panchita1.jpg?resize=400%2C264&amp;ssl=1 400w, https:\/\/i0.wp.com\/eltrabajo.cl\/portal\/wp-content\/uploads\/2015\/10\/Panchita1.jpg?w=530&amp;ssl=1 530w\" sizes=\"auto, (max-width: 300px) 100vw, 300px\" \/><\/a><figcaption id=\"caption-attachment-62507\" class=\"wp-caption-text\">Y VIENEN M\u00c1S TRIUNFOS.- Estos son s\u00f3lo algunas de las preseas ya conquistadas por nuestra \u2018Panchita\u2019 Z\u00fa\u00f1iga en el mundo del atletismo.<\/figcaption><\/figure>\n<p>La ma\u00f1ana de este mi\u00e9rcoles en las dependencias del Colegio Bicentenario Cordillera de San Felipe y en un ambiente de mucho entusiasmo entre los presentes, fue presentada de manera exclusiva ante Diario El Trabajo, la prometedora exponente del atletismo m\u00e1s joven de todo el Valle Aconcagua.<br \/>\nSer\u00eda la primera vez que autoridades y expertos en la materia se jueguen el nombre para dar as\u00ed un espaldarazo tan contundente a una ni\u00f1a de apenas diez a\u00f1os, pero que desde hace dos a\u00f1os viene derrotando en carreras oficiales a deportistas mayores en edad y estatura que ella.<br \/>\nSe trata de Francisca \u2018Panchita\u2019 Z\u00fa\u00f1iga Contreras, estudiante de 3\u00ba b\u00e1sico jugadora de voleibol y fondista, siendo como atleta que fue presentada oficialmente ante la prensa.<\/p>\n<p><strong>GRAN ESPALDARAZO<\/strong><br \/>\nDanilo Pe\u00f1a C\u00e1rcamo, coordinador del Dpto. de Deportes y Actividad f\u00edsica de la Municipalidad de San Felipe, fue quien present\u00f3 de manera oficial a la peque\u00f1a deportista.<br \/>\n\u00abAqu\u00ed se conjugan varias situaciones, desde el Municipio realizamos varias corridas en la comuna, de las cuales salieron varios talentos deportivos, en el caso de Francisca ella tiene el biotipo necesario y las ganas para correr como lo hace, por eso la invitamos a un taller que tenemos con ni\u00f1os sordos. El Colegio Bicentenario Cordillera se ha convertido en una esponja para captar inquietudes y talentos infantiles en el deporte, tambi\u00e9n doy las gracias a Savine Peperman del Colegio Alem\u00e1n, quien nos ha facilitado las instalaciones para usar las pistas de entrenamiento\u00bb, explic\u00f3 Pe\u00f1a.<br \/>\nEn la parte t\u00e9cnica quien se refiri\u00f3 a las cualidades f\u00edsicas de la ni\u00f1a, fue Eduardo Ch\u00e1vez, profesor de Educaci\u00f3n F\u00edsica que da formaci\u00f3n Francisca.<br \/>\n\u00abLa caracter\u00edstica fundamental de esta ni\u00f1ita es su alto nivel de coordinaci\u00f3n, es muy inhabitual, ella tiene gran control en su respiraci\u00f3n y coordinaci\u00f3n motora tan alto, cuando detectamos su grado de excelencia simplemente decidimos ponerle mucha atenci\u00f3n, pues es una ni\u00f1a chica con un coraz\u00f3n potente y genes de atletismo heredados de su abuelo y padre, o sea, tenemos a un crack en potencia frente a nosotros (\u2026) es importante comprender que cuando llegue el momento es ella, \u2018Panchita\u2019, quien tome sus decisiones, no la podemos apurar a que se decida, ella sabr\u00e1 si opta por el atletismo o voleibol\u00bb.<\/p>\n<p><strong>PANCHITA IMPARABLE<\/strong><br \/>\nDiario El Trabajo habl\u00f3 con la ni\u00f1a, quien de manera tranquila coment\u00f3 en pocas palabras sus anhelos.<br \/>\n\u00abMis pasatiempos son correr y jugar voleibol, s\u00e9 que me tengo que esforzarme por un deporte, quiero hacer las dos cosas hasta que me deba decidir, doy gracias a mis padres y a los profesores, quienes me apoyan en cada uno de mis entrenamientos y me motivan mucho\u00bb, dijo \u2018Panchita\u2019 Z\u00fa\u00f1iga.<br \/>\nEl padre de la ni\u00f1a, Boris Z\u00fa\u00f1iga, tambi\u00e9n tuvo palabras para nuestros lectores durante el acto de presentaci\u00f3n, \u00abhace dos a\u00f1os ella se peg\u00f3 a mis entrenamientos, pues yo practico atletismo desde hace muchos a\u00f1os, as\u00ed, ella me sigui\u00f3 el paso y hasta la fecha ya se ha consolidado como una atleta infantil de alto rendimiento, en cada carrera hace morder el polvo a sus rivales\u00bb, dijo Boris.<br \/>\nLa pr\u00f3xima semana en Diario El Trabajo estaremos compartiendo con nuestros lectores las ra\u00edces de esta familia sanfelipe\u00f1a de atletas, cuando entrevistemos al abuelo de \u2018Panchita\u2019, don V\u00edctor Z\u00fa\u00f1iga. De momento s\u00f3lo resta desearle la mejor de las suertes a esta joven promesa del deporte, y esperar a que ella conquiste sus temores y conquiste la gloria.<br \/>\n<strong>Roberto Gonz\u00e1lez Short<\/strong><br \/>\n<strong>rgonzalez@eltrabajo.cl<\/strong><\/p>\n<div class=\"tiled-gallery type-rectangular tiled-gallery-unresized\" data-original-width=\"640\" data-carousel-extra='null' itemscope itemtype=\"http:\/\/schema.org\/ImageGallery\" > <div class=\"gallery-row\" style=\"width: 640px; height: 283px;\" data-original-width=\"640\" data-original-height=\"283\" > <div class=\"gallery-group images-1\" style=\"width: 428px; height: 283px;\" data-original-width=\"428\" data-original-height=\"283\" > <div class=\"tiled-gallery-item tiled-gallery-item-large\" itemprop=\"associatedMedia\" itemscope itemtype=\"http:\/\/schema.org\/ImageObject\"> <a href=\"https:\/\/eltrabajo.cl\/portal\/alumna-del-cordillera-tiene-10-anos-y-derrota-a-corredores-adultos\/panchita2\/\" border=\"0\" itemprop=\"url\"> <meta itemprop=\"width\" content=\"424\"> <meta itemprop=\"height\" content=\"279\"> <img decoding=\"async\" class=\"\" data-attachment-id=\"62511\" data-orig-file=\"https:\/\/eltrabajo.cl\/portal\/wp-content\/uploads\/2015\/10\/Panchita2.jpg\" data-orig-size=\"530,348\" data-comments-opened=\"1\" data-image-meta=\"{&quot;aperture&quot;:&quot;0&quot;,&quot;credit&quot;:&quot;&quot;,&quot;camera&quot;:&quot;&quot;,&quot;caption&quot;:&quot;&quot;,&quot;created_timestamp&quot;:&quot;0&quot;,&quot;copyright&quot;:&quot;&quot;,&quot;focal_length&quot;:&quot;0&quot;,&quot;iso&quot;:&quot;0&quot;,&quot;shutter_speed&quot;:&quot;0&quot;,&quot;title&quot;:&quot;&quot;,&quot;orientation&quot;:&quot;0&quot;}\" data-image-title=\"Panchita2\" data-image-description=\"&lt;p&gt;GRANDE PANCHITA.- Tal como lo muestra esta gr\u00e1fica, \u2018Panchita\u2019 hizo morder el polvo inclusive a los adultos que la han enfrentado en carreras de gran kilometraje.&lt;\/p&gt; \" data-medium-file=\"https:\/\/i0.wp.com\/eltrabajo.cl\/portal\/wp-content\/uploads\/2015\/10\/Panchita2.jpg?fit=300%2C197&#038;ssl=1\" data-large-file=\"https:\/\/i0.wp.com\/eltrabajo.cl\/portal\/wp-content\/uploads\/2015\/10\/Panchita2.jpg?fit=530%2C348&#038;ssl=1\" src=\"https:\/\/i0.wp.com\/eltrabajo.cl\/portal\/wp-content\/uploads\/2015\/10\/Panchita2.jpg?w=424&#038;h=279&#038;ssl=1\" srcset=\"https:\/\/i0.wp.com\/eltrabajo.cl\/portal\/wp-content\/uploads\/2015\/10\/Panchita2.jpg?w=530&amp;ssl=1 530w, https:\/\/i0.wp.com\/eltrabajo.cl\/portal\/wp-content\/uploads\/2015\/10\/Panchita2.jpg?resize=200%2C131&amp;ssl=1 200w, https:\/\/i0.wp.com\/eltrabajo.cl\/portal\/wp-content\/uploads\/2015\/10\/Panchita2.jpg?resize=300%2C197&amp;ssl=1 300w, https:\/\/i0.wp.com\/eltrabajo.cl\/portal\/wp-content\/uploads\/2015\/10\/Panchita2.jpg?resize=228%2C150&amp;ssl=1 228w, https:\/\/i0.wp.com\/eltrabajo.cl\/portal\/wp-content\/uploads\/2015\/10\/Panchita2.jpg?resize=400%2C263&amp;ssl=1 400w\" width=\"424\" height=\"279\" loading=\"lazy\" data-original-width=\"424\" data-original-height=\"279\" itemprop=\"http:\/\/schema.org\/image\" title=\"Panchita2\" alt=\"GRANDE PANCHITA.- Tal como lo muestra esta gr\u00e1fica, \u2018Panchita\u2019 hizo morder el polvo inclusive a los adultos que la han enfrentado en carreras de gran kilometraje.\" style=\"width: 424px; height: 279px;\" \/> <\/a> <div class=\"tiled-gallery-caption\" itemprop=\"caption description\"> GRANDE PANCHITA.- Tal como lo muestra esta gr\u00e1fica, \u2018Panchita\u2019 hizo morder el polvo inclusive a los adultos que la han enfrentado en carreras de gran kilometraje. <\/div> <\/div> <\/div> <!-- close group --> <div class=\"gallery-group images-2\" style=\"width: 212px; height: 283px;\" data-original-width=\"212\" data-original-height=\"283\" > <div class=\"tiled-gallery-item tiled-gallery-item-small\" itemprop=\"associatedMedia\" itemscope itemtype=\"http:\/\/schema.org\/ImageObject\"> <a href=\"https:\/\/eltrabajo.cl\/portal\/alumna-del-cordillera-tiene-10-anos-y-derrota-a-corredores-adultos\/presentada33\/\" border=\"0\" itemprop=\"url\"> <meta itemprop=\"width\" content=\"208\"> <meta itemprop=\"height\" content=\"138\"> <img decoding=\"async\" class=\"\" data-attachment-id=\"62512\" data-orig-file=\"https:\/\/eltrabajo.cl\/portal\/wp-content\/uploads\/2015\/10\/Presentada33.jpg\" data-orig-size=\"528,350\" data-comments-opened=\"1\" data-image-meta=\"{&quot;aperture&quot;:&quot;0&quot;,&quot;credit&quot;:&quot;&quot;,&quot;camera&quot;:&quot;&quot;,&quot;caption&quot;:&quot;&quot;,&quot;created_timestamp&quot;:&quot;0&quot;,&quot;copyright&quot;:&quot;&quot;,&quot;focal_length&quot;:&quot;0&quot;,&quot;iso&quot;:&quot;0&quot;,&quot;shutter_speed&quot;:&quot;0&quot;,&quot;title&quot;:&quot;&quot;,&quot;orientation&quot;:&quot;0&quot;}\" data-image-title=\"Presentada33\" data-image-description=\"&lt;p&gt;CUANDO EL R\u00cdO SUENA.- Autoridades de Educaci\u00f3n y Municipales de la comuna, as\u00ed como familiares de esta deportista, posan en Exclusiva para Diario El Trabajo.&lt;\/p&gt; \" data-medium-file=\"https:\/\/i0.wp.com\/eltrabajo.cl\/portal\/wp-content\/uploads\/2015\/10\/Presentada33.jpg?fit=300%2C199&#038;ssl=1\" data-large-file=\"https:\/\/i0.wp.com\/eltrabajo.cl\/portal\/wp-content\/uploads\/2015\/10\/Presentada33.jpg?fit=528%2C350&#038;ssl=1\" src=\"https:\/\/i0.wp.com\/eltrabajo.cl\/portal\/wp-content\/uploads\/2015\/10\/Presentada33.jpg?w=208&#038;h=138&#038;ssl=1\" srcset=\"https:\/\/i0.wp.com\/eltrabajo.cl\/portal\/wp-content\/uploads\/2015\/10\/Presentada33.jpg?w=528&amp;ssl=1 528w, https:\/\/i0.wp.com\/eltrabajo.cl\/portal\/wp-content\/uploads\/2015\/10\/Presentada33.jpg?resize=200%2C133&amp;ssl=1 200w, https:\/\/i0.wp.com\/eltrabajo.cl\/portal\/wp-content\/uploads\/2015\/10\/Presentada33.jpg?resize=300%2C199&amp;ssl=1 300w, https:\/\/i0.wp.com\/eltrabajo.cl\/portal\/wp-content\/uploads\/2015\/10\/Presentada33.jpg?resize=226%2C150&amp;ssl=1 226w, https:\/\/i0.wp.com\/eltrabajo.cl\/portal\/wp-content\/uploads\/2015\/10\/Presentada33.jpg?resize=400%2C265&amp;ssl=1 400w\" width=\"208\" height=\"138\" loading=\"lazy\" data-original-width=\"208\" data-original-height=\"138\" itemprop=\"http:\/\/schema.org\/image\" title=\"Presentada33\" alt=\"CUANDO EL R\u00cdO SUENA.- Autoridades de Educaci\u00f3n y Municipales de la comuna, as\u00ed como familiares de esta deportista, posan en Exclusiva para Diario El Trabajo.\" style=\"width: 208px; height: 138px;\" \/> <\/a> <div class=\"tiled-gallery-caption\" itemprop=\"caption description\"> CUANDO EL R\u00cdO SUENA.- Autoridades de Educaci\u00f3n y Municipales de la comuna, as\u00ed como familiares de esta deportista, posan en Exclusiva para Diario El Trabajo. <\/div> <\/div> <div class=\"tiled-gallery-item tiled-gallery-item-small\" itemprop=\"associatedMedia\" itemscope itemtype=\"http:\/\/schema.org\/ImageObject\"> <a href=\"https:\/\/eltrabajo.cl\/portal\/alumna-del-cordillera-tiene-10-anos-y-derrota-a-corredores-adultos\/danilo-pena-4\/\" border=\"0\" itemprop=\"url\"> <meta itemprop=\"width\" content=\"208\"> <meta itemprop=\"height\" content=\"137\"> <img decoding=\"async\" class=\"\" data-attachment-id=\"62509\" data-orig-file=\"https:\/\/eltrabajo.cl\/portal\/wp-content\/uploads\/2015\/10\/Danilo-Pena.jpg\" data-orig-size=\"530,350\" data-comments-opened=\"1\" data-image-meta=\"{&quot;aperture&quot;:&quot;0&quot;,&quot;credit&quot;:&quot;&quot;,&quot;camera&quot;:&quot;&quot;,&quot;caption&quot;:&quot;&quot;,&quot;created_timestamp&quot;:&quot;0&quot;,&quot;copyright&quot;:&quot;&quot;,&quot;focal_length&quot;:&quot;0&quot;,&quot;iso&quot;:&quot;0&quot;,&quot;shutter_speed&quot;:&quot;0&quot;,&quot;title&quot;:&quot;&quot;,&quot;orientation&quot;:&quot;0&quot;}\" data-image-title=\"Danilo Pena\" data-image-description=\"&lt;p&gt;Danilo Pe\u00f1a C\u00e1rcamo, coordinador del Dpto. de Deportes y Actividad f\u00edsica de la Municipalidad de San Felipe.&lt;\/p&gt; \" data-medium-file=\"https:\/\/i0.wp.com\/eltrabajo.cl\/portal\/wp-content\/uploads\/2015\/10\/Danilo-Pena.jpg?fit=300%2C198&#038;ssl=1\" data-large-file=\"https:\/\/i0.wp.com\/eltrabajo.cl\/portal\/wp-content\/uploads\/2015\/10\/Danilo-Pena.jpg?fit=530%2C350&#038;ssl=1\" src=\"https:\/\/i0.wp.com\/eltrabajo.cl\/portal\/wp-content\/uploads\/2015\/10\/Danilo-Pena.jpg?w=208&#038;h=137&#038;ssl=1\" srcset=\"https:\/\/i0.wp.com\/eltrabajo.cl\/portal\/wp-content\/uploads\/2015\/10\/Danilo-Pena.jpg?w=530&amp;ssl=1 530w, https:\/\/i0.wp.com\/eltrabajo.cl\/portal\/wp-content\/uploads\/2015\/10\/Danilo-Pena.jpg?resize=200%2C132&amp;ssl=1 200w, https:\/\/i0.wp.com\/eltrabajo.cl\/portal\/wp-content\/uploads\/2015\/10\/Danilo-Pena.jpg?resize=300%2C198&amp;ssl=1 300w, https:\/\/i0.wp.com\/eltrabajo.cl\/portal\/wp-content\/uploads\/2015\/10\/Danilo-Pena.jpg?resize=227%2C150&amp;ssl=1 227w, https:\/\/i0.wp.com\/eltrabajo.cl\/portal\/wp-content\/uploads\/2015\/10\/Danilo-Pena.jpg?resize=400%2C264&amp;ssl=1 400w\" width=\"208\" height=\"137\" loading=\"lazy\" data-original-width=\"208\" data-original-height=\"137\" itemprop=\"http:\/\/schema.org\/image\" title=\"Danilo Pena\" alt=\"Danilo Pe\u00f1a C\u00e1rcamo, coordinador del Dpto. de Deportes y Actividad f\u00edsica de la Municipalidad de San Felipe.\" style=\"width: 208px; height: 137px;\" \/> <\/a> <div class=\"tiled-gallery-caption\" itemprop=\"caption description\"> Danilo Pe\u00f1a C\u00e1rcamo, coordinador del Dpto. de Deportes y Actividad f\u00edsica de la Municipalidad de San Felipe. <\/div> <\/div> <\/div> <!-- close group --> <\/div> <!-- close row --> <div class=\"gallery-row\" style=\"width: 640px; height: 212px;\" data-original-width=\"640\" data-original-height=\"212\" > <div class=\"gallery-group images-1\" style=\"width: 320px; height: 212px;\" data-original-width=\"320\" data-original-height=\"212\" > <div class=\"tiled-gallery-item tiled-gallery-item-large\" itemprop=\"associatedMedia\" itemscope itemtype=\"http:\/\/schema.org\/ImageObject\"> <a href=\"https:\/\/eltrabajo.cl\/portal\/alumna-del-cordillera-tiene-10-anos-y-derrota-a-corredores-adultos\/eduardo-chavez-5\/\" border=\"0\" itemprop=\"url\"> <meta itemprop=\"width\" content=\"316\"> <meta itemprop=\"height\" content=\"208\"> <img decoding=\"async\" class=\"\" data-attachment-id=\"62510\" data-orig-file=\"https:\/\/eltrabajo.cl\/portal\/wp-content\/uploads\/2015\/10\/Eduardo-Chavez.jpg\" data-orig-size=\"530,349\" data-comments-opened=\"1\" data-image-meta=\"{&quot;aperture&quot;:&quot;0&quot;,&quot;credit&quot;:&quot;&quot;,&quot;camera&quot;:&quot;&quot;,&quot;caption&quot;:&quot;&quot;,&quot;created_timestamp&quot;:&quot;0&quot;,&quot;copyright&quot;:&quot;&quot;,&quot;focal_length&quot;:&quot;0&quot;,&quot;iso&quot;:&quot;0&quot;,&quot;shutter_speed&quot;:&quot;0&quot;,&quot;title&quot;:&quot;&quot;,&quot;orientation&quot;:&quot;0&quot;}\" data-image-title=\"Eduardo Chavez\" data-image-description=\"&lt;p&gt;Eduardo Ch\u00e1vez, profesor de Educaci\u00f3n F\u00edsica que da formaci\u00f3n Francisca.&lt;\/p&gt; \" data-medium-file=\"https:\/\/i0.wp.com\/eltrabajo.cl\/portal\/wp-content\/uploads\/2015\/10\/Eduardo-Chavez.jpg?fit=300%2C198&#038;ssl=1\" data-large-file=\"https:\/\/i0.wp.com\/eltrabajo.cl\/portal\/wp-content\/uploads\/2015\/10\/Eduardo-Chavez.jpg?fit=530%2C349&#038;ssl=1\" src=\"https:\/\/i0.wp.com\/eltrabajo.cl\/portal\/wp-content\/uploads\/2015\/10\/Eduardo-Chavez.jpg?w=316&#038;h=208&#038;ssl=1\" srcset=\"https:\/\/i0.wp.com\/eltrabajo.cl\/portal\/wp-content\/uploads\/2015\/10\/Eduardo-Chavez.jpg?w=530&amp;ssl=1 530w, https:\/\/i0.wp.com\/eltrabajo.cl\/portal\/wp-content\/uploads\/2015\/10\/Eduardo-Chavez.jpg?resize=200%2C132&amp;ssl=1 200w, https:\/\/i0.wp.com\/eltrabajo.cl\/portal\/wp-content\/uploads\/2015\/10\/Eduardo-Chavez.jpg?resize=300%2C198&amp;ssl=1 300w, https:\/\/i0.wp.com\/eltrabajo.cl\/portal\/wp-content\/uploads\/2015\/10\/Eduardo-Chavez.jpg?resize=228%2C150&amp;ssl=1 228w, https:\/\/i0.wp.com\/eltrabajo.cl\/portal\/wp-content\/uploads\/2015\/10\/Eduardo-Chavez.jpg?resize=400%2C263&amp;ssl=1 400w\" width=\"316\" height=\"208\" loading=\"lazy\" data-original-width=\"316\" data-original-height=\"208\" itemprop=\"http:\/\/schema.org\/image\" title=\"Eduardo Chavez\" alt=\"Eduardo Ch\u00e1vez, profesor de Educaci\u00f3n F\u00edsica que da formaci\u00f3n Francisca.\" style=\"width: 316px; height: 208px;\" \/> <\/a> <div class=\"tiled-gallery-caption\" itemprop=\"caption description\"> Eduardo Ch\u00e1vez, profesor de Educaci\u00f3n F\u00edsica que da formaci\u00f3n Francisca. <\/div> <\/div> <\/div> <!-- close group --> <div class=\"gallery-group images-1\" style=\"width: 320px; height: 212px;\" data-original-width=\"320\" data-original-height=\"212\" > <div class=\"tiled-gallery-item tiled-gallery-item-large\" itemprop=\"associatedMedia\" itemscope itemtype=\"http:\/\/schema.org\/ImageObject\"> <a href=\"https:\/\/eltrabajo.cl\/portal\/alumna-del-cordillera-tiene-10-anos-y-derrota-a-corredores-adultos\/boris-zuniga\/\" border=\"0\" itemprop=\"url\"> <meta itemprop=\"width\" content=\"316\"> <meta itemprop=\"height\" content=\"208\"> <img decoding=\"async\" class=\"\" data-attachment-id=\"62508\" data-orig-file=\"https:\/\/eltrabajo.cl\/portal\/wp-content\/uploads\/2015\/10\/Boris-Zuniga.jpg\" data-orig-size=\"530,348\" data-comments-opened=\"1\" data-image-meta=\"{&quot;aperture&quot;:&quot;0&quot;,&quot;credit&quot;:&quot;&quot;,&quot;camera&quot;:&quot;&quot;,&quot;caption&quot;:&quot;&quot;,&quot;created_timestamp&quot;:&quot;0&quot;,&quot;copyright&quot;:&quot;&quot;,&quot;focal_length&quot;:&quot;0&quot;,&quot;iso&quot;:&quot;0&quot;,&quot;shutter_speed&quot;:&quot;0&quot;,&quot;title&quot;:&quot;&quot;,&quot;orientation&quot;:&quot;0&quot;}\" data-image-title=\"Boris Zuniga\" data-image-description=\"&lt;p&gt;Padre de la ni\u00f1a y tambi\u00e9n deportista del atletismo, Boris Z\u00fa\u00f1iga.&lt;\/p&gt; \" data-medium-file=\"https:\/\/i0.wp.com\/eltrabajo.cl\/portal\/wp-content\/uploads\/2015\/10\/Boris-Zuniga.jpg?fit=300%2C197&#038;ssl=1\" data-large-file=\"https:\/\/i0.wp.com\/eltrabajo.cl\/portal\/wp-content\/uploads\/2015\/10\/Boris-Zuniga.jpg?fit=530%2C348&#038;ssl=1\" src=\"https:\/\/i0.wp.com\/eltrabajo.cl\/portal\/wp-content\/uploads\/2015\/10\/Boris-Zuniga.jpg?w=316&#038;h=208&#038;ssl=1\" srcset=\"https:\/\/i0.wp.com\/eltrabajo.cl\/portal\/wp-content\/uploads\/2015\/10\/Boris-Zuniga.jpg?w=530&amp;ssl=1 530w, https:\/\/i0.wp.com\/eltrabajo.cl\/portal\/wp-content\/uploads\/2015\/10\/Boris-Zuniga.jpg?resize=200%2C131&amp;ssl=1 200w, https:\/\/i0.wp.com\/eltrabajo.cl\/portal\/wp-content\/uploads\/2015\/10\/Boris-Zuniga.jpg?resize=300%2C197&amp;ssl=1 300w, https:\/\/i0.wp.com\/eltrabajo.cl\/portal\/wp-content\/uploads\/2015\/10\/Boris-Zuniga.jpg?resize=228%2C150&amp;ssl=1 228w, https:\/\/i0.wp.com\/eltrabajo.cl\/portal\/wp-content\/uploads\/2015\/10\/Boris-Zuniga.jpg?resize=400%2C263&amp;ssl=1 400w\" width=\"316\" height=\"208\" loading=\"lazy\" data-original-width=\"316\" data-original-height=\"208\" itemprop=\"http:\/\/schema.org\/image\" title=\"Boris Zuniga\" alt=\"Padre de la ni\u00f1a y tambi\u00e9n deportista del atletismo, Boris Z\u00fa\u00f1iga.\" style=\"width: 316px; height: 208px;\" \/> <\/a> <div class=\"tiled-gallery-caption\" itemprop=\"caption description\"> Padre de la ni\u00f1a y tambi\u00e9n deportista del atletismo, Boris Z\u00fa\u00f1iga. <\/div> <\/div> <\/div> <!-- close group --> <\/div> <!-- close row --> <\/div>\n","protected":false},"excerpt":{"rendered":"<p>La ma\u00f1ana de este mi\u00e9rcoles en las dependencias del Colegio Bicentenario Cordillera de San Felipe y en un ambiente de mucho entusiasmo entre los presentes, fue presentada de manera exclusiva ante Diario&#8230;<\/p>\n","protected":false},"author":482,"featured_media":62507,"comment_status":"open","ping_status":"open","sticky":false,"template":"","format":"standard","meta":{"advanced_seo_description":"","jetpack_seo_html_title":"","jetpack_seo_noindex":false,"_jetpack_memberships_contains_paid_content":false,"footnotes":""},"categories":[15],"tags":[],"class_list":["post-62506","post","type-post","status-publish","format-standard","has-post-thumbnail","hentry","category-comunidad"],"jetpack_featured_media_url":"https:\/\/i0.wp.com\/eltrabajo.cl\/portal\/wp-content\/uploads\/2015\/10\/Panchita1.jpg?fit=530%2C350&ssl=1","jetpack_sharing_enabled":true,"jetpack_likes_enabled":true,"jetpack-related-posts":[],"_links":{"self":[{"href":"https:\/\/eltrabajo.cl\/portal\/wp-json\/wp\/v2\/posts\/62506","targetHints":{"allow":["GET"]}}],"collection":[{"href":"https:\/\/eltrabajo.cl\/portal\/wp-json\/wp\/v2\/posts"}],"about":[{"href":"https:\/\/eltrabajo.cl\/portal\/wp-json\/wp\/v2\/types\/post"}],"author":[{"embeddable":true,"href":"https:\/\/eltrabajo.cl\/portal\/wp-json\/wp\/v2\/users\/482"}],"replies":[{"embeddable":true,"href":"https:\/\/eltrabajo.cl\/portal\/wp-json\/wp\/v2\/comments?post=62506"}],"version-history":[{"count":0,"href":"https:\/\/eltrabajo.cl\/portal\/wp-json\/wp\/v2\/posts\/62506\/revisions"}],"wp:featuredmedia":[{"embeddable":true,"href":"https:\/\/eltrabajo.cl\/portal\/wp-json\/wp\/v2\/media\/62507"}],"wp:attachment":[{"href":"https:\/\/eltrabajo.cl\/portal\/wp-json\/wp\/v2\/media?parent=62506"}],"wp:term":[{"taxonomy":"category","embeddable":true,"href":"https:\/\/eltrabajo.cl\/portal\/wp-json\/wp\/v2\/categories?post=62506"},{"taxonomy":"post_tag","embeddable":true,"href":"https:\/\/eltrabajo.cl\/portal\/wp-json\/wp\/v2\/tags?post=62506"}],"curies":[{"name":"wp","href":"https:\/\/api.w.org\/{rel}","templated":true}]}}