{"id":62514,"date":"2015-10-01T09:47:41","date_gmt":"2015-10-01T12:47:41","guid":{"rendered":"http:\/\/www.eltrabajo.cl\/portal\/?p=62514"},"modified":"2015-10-01T09:47:41","modified_gmt":"2015-10-01T12:47:41","slug":"madre-estrangula-a-su-pequeno-hijo-e-intenta-suicidarse-con-farmacos","status":"publish","type":"post","link":"https:\/\/eltrabajo.cl\/portal\/madre-estrangula-a-su-pequeno-hijo-e-intenta-suicidarse-con-farmacos\/","title":{"rendered":"Madre estrangula a su peque\u00f1o hijo e intenta suicidarse con f\u00e1rmacos"},"content":{"rendered":"<figure id=\"attachment_62515\" aria-describedby=\"caption-attachment-62515\" style=\"width: 300px\" class=\"wp-caption alignleft\"><a href=\"https:\/\/i0.wp.com\/www.eltrabajo.cl\/portal\/wp-content\/uploads\/2015\/10\/JUAN-PABLO-AHUMADA-CHACON.jpg\"><img data-recalc-dims=\"1\" loading=\"lazy\" decoding=\"async\" class=\"wp-image-62515 size-medium\" src=\"https:\/\/i0.wp.com\/www.eltrabajo.cl\/portal\/wp-content\/uploads\/2015\/10\/JUAN-PABLO-AHUMADA-CHACON-300x198.jpg?resize=300%2C198\" alt=\"El peque\u00f1o Juan Pablo Ahumada Chac\u00f3n ten\u00eda 5 a\u00f1os y cursaba Kinder en Liceo Dario Salas de Santa Mar\u00eda, quien falleci\u00f3 v\u00edctima de aparente estrangulamiento propinado por su propia madre.\" width=\"300\" height=\"198\" srcset=\"https:\/\/i0.wp.com\/eltrabajo.cl\/portal\/wp-content\/uploads\/2015\/10\/JUAN-PABLO-AHUMADA-CHACON.jpg?resize=300%2C198&amp;ssl=1 300w, https:\/\/i0.wp.com\/eltrabajo.cl\/portal\/wp-content\/uploads\/2015\/10\/JUAN-PABLO-AHUMADA-CHACON.jpg?resize=200%2C132&amp;ssl=1 200w, https:\/\/i0.wp.com\/eltrabajo.cl\/portal\/wp-content\/uploads\/2015\/10\/JUAN-PABLO-AHUMADA-CHACON.jpg?resize=228%2C150&amp;ssl=1 228w, https:\/\/i0.wp.com\/eltrabajo.cl\/portal\/wp-content\/uploads\/2015\/10\/JUAN-PABLO-AHUMADA-CHACON.jpg?resize=400%2C263&amp;ssl=1 400w, https:\/\/i0.wp.com\/eltrabajo.cl\/portal\/wp-content\/uploads\/2015\/10\/JUAN-PABLO-AHUMADA-CHACON.jpg?w=530&amp;ssl=1 530w\" sizes=\"auto, (max-width: 300px) 100vw, 300px\" \/><\/a><figcaption id=\"caption-attachment-62515\" class=\"wp-caption-text\">El peque\u00f1o Juan Pablo Ahumada Chac\u00f3n ten\u00eda 5 a\u00f1os y cursaba Kinder en Liceo Dario Salas de Santa Mar\u00eda, quien falleci\u00f3 v\u00edctima de aparente estrangulamiento propinado por su propia madre.<\/figcaption><\/figure>\n<ul>\n<li><strong>PDI investiga muerte de ni\u00f1o de 5 a\u00f1os de edad, aparentemente por estrangulamiento aunque no se descarta ingesta medicamentosa. En tanto la parricida Miriam Chac\u00f3n Hasler, habr\u00eda ingerido f\u00e1rmacos para autoeliminarse, sin embargo permanece estable dentro de su gravedad en Hospital San Camilo.<\/strong><\/li>\n<\/ul>\n<p>Un horrendo y escalofriante parricidio qued\u00f3 al descubierto al mediod\u00eda de ayer mi\u00e9rcoles. Se trata de la muerte de un menor de tan s\u00f3lo cinco a\u00f1os en la comuna de Santa Mar\u00eda, quien preliminarmente habr\u00eda sido estrangulado por su madre Miriam Chac\u00f3n Hasler, la que luego decidiera atentar contra su vida ingiriendo una gran dosis de medicamentos que la mantienen en estado grave pero estable en la UCI del Hospital San Camilo de San Felipe, en calidad de detenida.<br \/>\nEl triste episodio fue descubierto por una sobrina de Miriam, quien indic\u00f3 a Carabineros que a eso del mediod\u00eda concurri\u00f3 hasta la vivienda de su t\u00eda en el pasaje Los Jazmines N\u00ba 107 de la poblaci\u00f3n Santa Mar\u00eda, luego de haber sostenido una discusi\u00f3n con ella la noche anterior. La mujer encontr\u00f3 las puertas de acceso con llave, lo que le caus\u00f3 extra\u00f1eza, dirigi\u00e9ndose hasta un acceso trasero por el patio, comprobando que \u00e9sta se encontraba trabada con un cilindro de gas, debiendo acceder por una ventana.<br \/>\nSu sorpresa y espanto fue tal cuando observ\u00f3 al peque\u00f1o Juan Pablo Ahumada Chac\u00f3n tendido sobre la cama sin vida, mientras que Miriam estaba inconsciente en el suelo del dormitorio, situaci\u00f3n que la llev\u00f3 a pedir auxilio a los vecinos para que solicitaran la presencia del Samu que se constituy\u00f3 en el lugar, trasladando de inmediato a la madre del menor hasta el servicio de urgencias debido a que a\u00fan manten\u00eda signos vitales tras una aparente ingesta medicamentosa.<br \/>\nAnte las graves consecuencias, personal de Carabineros concurri\u00f3 al sitio del suceso donde se activaron las primeras diligencias del caso, informando al fiscal de turno quien dispuso las pericias de la Brigada de Homicidios de la Polic\u00eda de Investigaciones de Los Andes, quienes confirmaron el deceso del peque\u00f1o Juan Pablo.<br \/>\nLos primeros reportes policiales, tras las minuciosas pericias al cuerpo del menor, se\u00f1alar\u00edan indicios de estrangulamiento manual sin descartar adem\u00e1s ingesta de medicamentos, debido a la presencia de una sustancia espumosa en la nariz del ni\u00f1o. Indicativos que deber\u00e1n ser ratificados tras los ex\u00e1menes toxicol\u00f3gicos que confirmen o descarten las hip\u00f3tesis.<\/p>\n<p><strong>CRIMINAL\u00cdSTICA<\/strong><br \/>\nEn la vivienda completamente aislada, se requirieron labores policiales adicionales del Laboratorio de Criminal\u00edstica de la Polic\u00eda de Investigaciones para la elaboraci\u00f3n de las cuantiosas pericias que se deber\u00e1n exponer ante el macabro hallazgo. En tanto Gino Guti\u00e9rrez, Jefe de la Brigada de Homicidios de la PDI Los Andes, confirm\u00f3 que en la escena del crimen se estableci\u00f3 el hallazgo de un menor de cinco a\u00f1os sin vida, agregando que \u201cla madre se encuentra internada en el Hospital San Camilo con diagn\u00f3stico reservado. Estamos ya investigando las motivaciones que supuestamente la madre habr\u00eda tenido para atentar contra la vida propia y la de su hijo. La mujer queda detenida por Carabineros por disposici\u00f3n del Ministerio P\u00fablico hasta su formalizaci\u00f3n. En el lugar no hay signos de violencia en la casa\u00bb.<\/p>\n<p><strong>HABLA LA FISCAL<\/strong><br \/>\nAl lugar concurri\u00f3 la Fiscal del Ministerio P\u00fablico de San Felipe, Daniela Quevedo, quien asegur\u00f3 que existen dos posibles causas de muertes: el estrangulamiento y envenenamiento por ingesta de medicamentos.<br \/>\n\u00abEl hallazgo del crimen fue realizado al mediod\u00eda de este mi\u00e9rcoles, cuando una de las sobrinas de la ahora imputada ingres\u00f3 a la vivienda, encontrando al ni\u00f1o fallecido y a la madre en el suelo agonizando. Sobre la muerte del ni\u00f1o estamos investigando dos posibles causas, una es la de una eventual asfixia por estrangulamiento, y la segunda es un envenenamiento por medicamentos, pues el menor ten\u00eda espuma en la zona de su nariz. La madre se encuentra con riesgo vital en el Hospital San Camilo y en calidad de detenida. Seguiremos investigando si existe alguna enfermedad que afecte a la supuesta agresora, que la certifique como inimputable, por el momento ella seguir\u00e1 detenida por el cargo de Parricidio\u00bb, asegur\u00f3 la fiscal Quevedo.<\/p>\n<p><strong>PROFUNDA DEPRESI\u00d3N<\/strong><br \/>\nMuchos cuestionamientos comenzaron a circular en el entorno familiar, de vecinos y amigos de Miriam Chac\u00f3n, ante las desgarradoras motivaciones que la llevaron a atentar contra su vida y la de su peque\u00f1o hijo actualmente fallecido.<br \/>\nEsta mujer de 42 a\u00f1os de edad, hija de un Suboficial de Carabineros en retiro y hermana de un Sargento de la misma instituci\u00f3n en servicio activo, atravesaba una profunda depresi\u00f3n por diversas circunstancias.<br \/>\nUna de ellas que evidenci\u00f3 en su cuenta personal de Facebook, la p\u00e9rdida de su madre, quien falleci\u00f3 hace aproximadamente un mes, publicando una fotograf\u00eda de ella y de la sepultura, donde descansan sus restos en el cementerio. La mujer escribi\u00f3 el pasado martes: \u201cHay se\u00f1or, hoy es un d\u00eda de los dos extremos. Hoy mi madre cumple un mes de su partida y la Domic cumpli\u00f3 un mes 8 meses, la alegr\u00eda de tenerla con nosotros no s\u00e9 si llorar o estar alegre y con tantos problemas, por qu\u00e9 mami tuviste que irte, cada vez es peor ya no doy mas\u201d.<br \/>\nProblemas econ\u00f3micos y demandas contra el padre de su hijo por pensi\u00f3n alimenticia, habr\u00edan ido aumentando su calvario, las que se sumar\u00edan a problemas de autoestima seg\u00fan se\u00f1alaron los cercanos a Miriam.<br \/>\nActualmente esta mujer se encontraba realizando labores de su profesi\u00f3n en peluquer\u00eda, arrendando un local en el centro de la comuna de Santa Mar\u00eda, donde seg\u00fan trascendidos el negocio \u00faltimamente no estaba siendo rentable.<\/p>\n<p><strong>VECINOS IMPACTADOS<\/strong><br \/>\nOlivia Gald\u00e1mez, vecina y mejor amiga de Miriam Chac\u00f3n, asegur\u00f3 que estos episodios depresivos terminaron afectando la estabilidad emocional de esta mujer para tomar estas graves decisiones: \u00abElla amaba mucho a su hijo, yo vivo frente a su casa, siempre yo le sub\u00eda el \u00e1nimo cuando la encontraba triste, ella estaba sufriendo mucho, su abuela muri\u00f3; luego su t\u00eda; luego su madre, enterraban a uno y segu\u00eda otro de sus seres queridos, ella estaba pasando m\u00e1s problemas hace un par de d\u00edas, pero en esta oportunidad no me inform\u00f3\u00bb.<br \/>\nLa horrible muerte del peque\u00f1o Juan Pablo conmocion\u00f3 a toda la comunidad de Santa Mar\u00eda, quienes no daban cr\u00e9dito a lo sucedido. En este sentido la profesora de Kinder del Liceo Dar\u00edo Salas, Elizabeth Pizarro, a\u00fan consternada con el asesinato de su alumno, se\u00f1al\u00f3 a Diario El Trabajo el impacto que ha causado la horrible noticia.<br \/>\n\u00abLo \u00fanico que yo puedo decir a todos los padres de familia, es que cuiden a sus hijos, los ni\u00f1os no tienen que asumir los problemas de nosotros los padres, Juan Pablo Ahumada Chac\u00f3n era un ni\u00f1o muy cari\u00f1oso, quer\u00eda ser polic\u00eda; quer\u00eda ser superh\u00e9roe y muchas cosas, a\u00fan no puedo salir del asombro, yo no not\u00e9 anomal\u00edas en su comportamiento, pero s\u00ed s\u00e9 que la familia ten\u00eda algunos conflictos\u00bb.<br \/>\nLa tarde de ayer, pasadas las 18:00 horas, el cuerpo del peque\u00f1o Juan Pablo Ahumada fue levantado por efectivos de la Polic\u00eda de Investigaciones para ser trasladado hasta el Servicio M\u00e9dico Legal para la pr\u00e1ctica de la correspondiente autopsia de rigor.<br \/>\nEn tanto hasta el cierre de esta edici\u00f3n, Miriam Chac\u00f3n Hasler permanec\u00eda internada en la Unidad de Cuidados Intensivos del Hospital San Camilo, en estado de gravedad pero sin riesgo vital, custodiada por Carabineros, tras la imputabilidad de los cargos de parricidio.<br \/>\nDe acuerdo a la evoluci\u00f3n de su salud y el diagn\u00f3stico que remitan los m\u00e9dicos tratantes, Miriam Chac\u00f3n podr\u00eda ser formalizada en las pr\u00f3ximas horas por la Fiscal\u00eda por este brutal homicidio a su peque\u00f1o hijo.<br \/>\n<strong>Pablo Salinas Sald\u00edas<\/strong><\/p>\n<div class=\"tiled-gallery type-rectangular tiled-gallery-unresized\" data-original-width=\"640\" data-carousel-extra='null' itemscope itemtype=\"http:\/\/schema.org\/ImageGallery\" > <div class=\"gallery-row\" style=\"width: 640px; height: 282px;\" data-original-width=\"640\" data-original-height=\"282\" > <div class=\"gallery-group images-1\" style=\"width: 428px; height: 282px;\" data-original-width=\"428\" data-original-height=\"282\" > <div class=\"tiled-gallery-item tiled-gallery-item-large\" itemprop=\"associatedMedia\" itemscope itemtype=\"http:\/\/schema.org\/ImageObject\"> <a href=\"https:\/\/eltrabajo.cl\/portal\/madre-estrangula-a-su-pequeno-hijo-e-intenta-suicidarse-con-farmacos\/miriam-chacon\/\" border=\"0\" itemprop=\"url\"> <meta itemprop=\"width\" content=\"424\"> <meta itemprop=\"height\" content=\"278\"> <img decoding=\"async\" class=\"\" data-attachment-id=\"62520\" data-orig-file=\"https:\/\/eltrabajo.cl\/portal\/wp-content\/uploads\/2015\/10\/MIRIAM-CHACON.jpg\" data-orig-size=\"530,348\" data-comments-opened=\"1\" data-image-meta=\"{&quot;aperture&quot;:&quot;0&quot;,&quot;credit&quot;:&quot;&quot;,&quot;camera&quot;:&quot;&quot;,&quot;caption&quot;:&quot;&quot;,&quot;created_timestamp&quot;:&quot;0&quot;,&quot;copyright&quot;:&quot;&quot;,&quot;focal_length&quot;:&quot;0&quot;,&quot;iso&quot;:&quot;0&quot;,&quot;shutter_speed&quot;:&quot;0&quot;,&quot;title&quot;:&quot;&quot;,&quot;orientation&quot;:&quot;0&quot;}\" data-image-title=\"MIRIAM CHACON\" data-image-description=\"&lt;p&gt;Miriam Chac\u00f3n Hasler acab\u00f3 con la vida de su propio hijo la ma\u00f1ana de ayer mi\u00e9rcoles, en su domicilio de la poblaci\u00f3n Santa Mar\u00eda en la hom\u00f3nima comuna.&lt;\/p&gt; \" data-medium-file=\"https:\/\/i0.wp.com\/eltrabajo.cl\/portal\/wp-content\/uploads\/2015\/10\/MIRIAM-CHACON.jpg?fit=300%2C197&#038;ssl=1\" data-large-file=\"https:\/\/i0.wp.com\/eltrabajo.cl\/portal\/wp-content\/uploads\/2015\/10\/MIRIAM-CHACON.jpg?fit=530%2C348&#038;ssl=1\" src=\"https:\/\/i0.wp.com\/eltrabajo.cl\/portal\/wp-content\/uploads\/2015\/10\/MIRIAM-CHACON.jpg?w=424&#038;h=278&#038;ssl=1\" srcset=\"https:\/\/i0.wp.com\/eltrabajo.cl\/portal\/wp-content\/uploads\/2015\/10\/MIRIAM-CHACON.jpg?w=530&amp;ssl=1 530w, https:\/\/i0.wp.com\/eltrabajo.cl\/portal\/wp-content\/uploads\/2015\/10\/MIRIAM-CHACON.jpg?resize=200%2C131&amp;ssl=1 200w, https:\/\/i0.wp.com\/eltrabajo.cl\/portal\/wp-content\/uploads\/2015\/10\/MIRIAM-CHACON.jpg?resize=300%2C197&amp;ssl=1 300w, https:\/\/i0.wp.com\/eltrabajo.cl\/portal\/wp-content\/uploads\/2015\/10\/MIRIAM-CHACON.jpg?resize=228%2C150&amp;ssl=1 228w, https:\/\/i0.wp.com\/eltrabajo.cl\/portal\/wp-content\/uploads\/2015\/10\/MIRIAM-CHACON.jpg?resize=400%2C263&amp;ssl=1 400w\" width=\"424\" height=\"278\" loading=\"lazy\" data-original-width=\"424\" data-original-height=\"278\" itemprop=\"http:\/\/schema.org\/image\" title=\"MIRIAM CHACON\" alt=\"Miriam Chac\u00f3n Hasler acab\u00f3 con la vida de su propio hijo la ma\u00f1ana de ayer mi\u00e9rcoles, en su domicilio de la poblaci\u00f3n Santa Mar\u00eda en la hom\u00f3nima comuna.\" style=\"width: 424px; height: 278px;\" \/> <\/a> <div class=\"tiled-gallery-caption\" itemprop=\"caption description\"> Miriam Chac\u00f3n Hasler acab\u00f3 con la vida de su propio hijo la ma\u00f1ana de ayer mi\u00e9rcoles, en su domicilio de la poblaci\u00f3n Santa Mar\u00eda en la hom\u00f3nima comuna. <\/div> <\/div> <\/div> <!-- close group --> <div class=\"gallery-group images-2\" style=\"width: 212px; height: 282px;\" data-original-width=\"212\" data-original-height=\"282\" > <div class=\"tiled-gallery-item tiled-gallery-item-small\" itemprop=\"associatedMedia\" itemscope itemtype=\"http:\/\/schema.org\/ImageObject\"> <a href=\"https:\/\/eltrabajo.cl\/portal\/madre-estrangula-a-su-pequeno-hijo-e-intenta-suicidarse-con-farmacos\/madre-e-hijo\/\" border=\"0\" itemprop=\"url\"> <meta itemprop=\"width\" content=\"208\"> <meta itemprop=\"height\" content=\"137\"> <img decoding=\"async\" class=\"\" data-attachment-id=\"62519\" data-orig-file=\"https:\/\/eltrabajo.cl\/portal\/wp-content\/uploads\/2015\/10\/MADRE-E-HIJO.jpg\" data-orig-size=\"530,348\" data-comments-opened=\"1\" data-image-meta=\"{&quot;aperture&quot;:&quot;0&quot;,&quot;credit&quot;:&quot;&quot;,&quot;camera&quot;:&quot;&quot;,&quot;caption&quot;:&quot;&quot;,&quot;created_timestamp&quot;:&quot;0&quot;,&quot;copyright&quot;:&quot;&quot;,&quot;focal_length&quot;:&quot;0&quot;,&quot;iso&quot;:&quot;0&quot;,&quot;shutter_speed&quot;:&quot;0&quot;,&quot;title&quot;:&quot;&quot;,&quot;orientation&quot;:&quot;0&quot;}\" data-image-title=\"MADRE E HIJO\" data-image-description=\"&lt;p&gt;Miriam Chac\u00f3n junto a su hijo Juan Pablo.&lt;\/p&gt; \" data-medium-file=\"https:\/\/i0.wp.com\/eltrabajo.cl\/portal\/wp-content\/uploads\/2015\/10\/MADRE-E-HIJO.jpg?fit=300%2C197&#038;ssl=1\" data-large-file=\"https:\/\/i0.wp.com\/eltrabajo.cl\/portal\/wp-content\/uploads\/2015\/10\/MADRE-E-HIJO.jpg?fit=530%2C348&#038;ssl=1\" src=\"https:\/\/i0.wp.com\/eltrabajo.cl\/portal\/wp-content\/uploads\/2015\/10\/MADRE-E-HIJO.jpg?w=208&#038;h=137&#038;ssl=1\" srcset=\"https:\/\/i0.wp.com\/eltrabajo.cl\/portal\/wp-content\/uploads\/2015\/10\/MADRE-E-HIJO.jpg?w=530&amp;ssl=1 530w, https:\/\/i0.wp.com\/eltrabajo.cl\/portal\/wp-content\/uploads\/2015\/10\/MADRE-E-HIJO.jpg?resize=200%2C131&amp;ssl=1 200w, https:\/\/i0.wp.com\/eltrabajo.cl\/portal\/wp-content\/uploads\/2015\/10\/MADRE-E-HIJO.jpg?resize=300%2C197&amp;ssl=1 300w, https:\/\/i0.wp.com\/eltrabajo.cl\/portal\/wp-content\/uploads\/2015\/10\/MADRE-E-HIJO.jpg?resize=228%2C150&amp;ssl=1 228w, https:\/\/i0.wp.com\/eltrabajo.cl\/portal\/wp-content\/uploads\/2015\/10\/MADRE-E-HIJO.jpg?resize=400%2C263&amp;ssl=1 400w\" width=\"208\" height=\"137\" loading=\"lazy\" data-original-width=\"208\" data-original-height=\"137\" itemprop=\"http:\/\/schema.org\/image\" title=\"MADRE E HIJO\" alt=\"Miriam Chac\u00f3n junto a su hijo Juan Pablo.\" style=\"width: 208px; height: 137px;\" \/> <\/a> <div class=\"tiled-gallery-caption\" itemprop=\"caption description\"> Miriam Chac\u00f3n junto a su hijo Juan Pablo. <\/div> <\/div> <div class=\"tiled-gallery-item tiled-gallery-item-small\" itemprop=\"associatedMedia\" itemscope itemtype=\"http:\/\/schema.org\/ImageObject\"> <a href=\"https:\/\/eltrabajo.cl\/portal\/madre-estrangula-a-su-pequeno-hijo-e-intenta-suicidarse-con-farmacos\/dolor1-6\/\" border=\"0\" itemprop=\"url\"> <meta itemprop=\"width\" content=\"208\"> <meta itemprop=\"height\" content=\"137\"> <img decoding=\"async\" class=\"\" data-attachment-id=\"62525\" data-orig-file=\"https:\/\/eltrabajo.cl\/portal\/wp-content\/uploads\/2015\/10\/Dolor1.jpg\" data-orig-size=\"530,350\" data-comments-opened=\"1\" data-image-meta=\"{&quot;aperture&quot;:&quot;0&quot;,&quot;credit&quot;:&quot;&quot;,&quot;camera&quot;:&quot;&quot;,&quot;caption&quot;:&quot;&quot;,&quot;created_timestamp&quot;:&quot;0&quot;,&quot;copyright&quot;:&quot;&quot;,&quot;focal_length&quot;:&quot;0&quot;,&quot;iso&quot;:&quot;0&quot;,&quot;shutter_speed&quot;:&quot;0&quot;,&quot;title&quot;:&quot;&quot;,&quot;orientation&quot;:&quot;0&quot;}\" data-image-title=\"Dolor1\" data-image-description=\"&lt;p&gt;Consternaci\u00f3n y enorme dolor entre familiares y cercanos a Miriam tras la muerte del peque\u00f1o Juan Pablo.&lt;\/p&gt; \" data-medium-file=\"https:\/\/i0.wp.com\/eltrabajo.cl\/portal\/wp-content\/uploads\/2015\/10\/Dolor1.jpg?fit=300%2C198&#038;ssl=1\" data-large-file=\"https:\/\/i0.wp.com\/eltrabajo.cl\/portal\/wp-content\/uploads\/2015\/10\/Dolor1.jpg?fit=530%2C350&#038;ssl=1\" src=\"https:\/\/i0.wp.com\/eltrabajo.cl\/portal\/wp-content\/uploads\/2015\/10\/Dolor1.jpg?w=208&#038;h=137&#038;ssl=1\" srcset=\"https:\/\/i0.wp.com\/eltrabajo.cl\/portal\/wp-content\/uploads\/2015\/10\/Dolor1.jpg?w=530&amp;ssl=1 530w, https:\/\/i0.wp.com\/eltrabajo.cl\/portal\/wp-content\/uploads\/2015\/10\/Dolor1.jpg?resize=200%2C132&amp;ssl=1 200w, https:\/\/i0.wp.com\/eltrabajo.cl\/portal\/wp-content\/uploads\/2015\/10\/Dolor1.jpg?resize=300%2C198&amp;ssl=1 300w, https:\/\/i0.wp.com\/eltrabajo.cl\/portal\/wp-content\/uploads\/2015\/10\/Dolor1.jpg?resize=227%2C150&amp;ssl=1 227w, https:\/\/i0.wp.com\/eltrabajo.cl\/portal\/wp-content\/uploads\/2015\/10\/Dolor1.jpg?resize=400%2C264&amp;ssl=1 400w\" width=\"208\" height=\"137\" loading=\"lazy\" data-original-width=\"208\" data-original-height=\"137\" itemprop=\"http:\/\/schema.org\/image\" title=\"Dolor1\" alt=\"Consternaci\u00f3n y enorme dolor entre familiares y cercanos a Miriam tras la muerte del peque\u00f1o Juan Pablo.\" style=\"width: 208px; height: 137px;\" \/> <\/a> <div class=\"tiled-gallery-caption\" itemprop=\"caption description\"> Consternaci\u00f3n y enorme dolor entre familiares y cercanos a Miriam tras la muerte del peque\u00f1o Juan Pablo. <\/div> <\/div> <\/div> <!-- close group --> <\/div> <!-- close row --> <div class=\"gallery-row\" style=\"width: 640px; height: 282px;\" data-original-width=\"640\" data-original-height=\"282\" > <div class=\"gallery-group images-2\" style=\"width: 212px; height: 282px;\" data-original-width=\"212\" data-original-height=\"282\" > <div class=\"tiled-gallery-item tiled-gallery-item-small\" itemprop=\"associatedMedia\" itemscope itemtype=\"http:\/\/schema.org\/ImageObject\"> <a href=\"https:\/\/eltrabajo.cl\/portal\/madre-estrangula-a-su-pequeno-hijo-e-intenta-suicidarse-con-farmacos\/porta-familia-parricio\/\" border=\"0\" itemprop=\"url\"> <meta itemprop=\"width\" content=\"208\"> <meta itemprop=\"height\" content=\"137\"> <img decoding=\"async\" class=\"\" data-attachment-id=\"62524\" data-orig-file=\"https:\/\/eltrabajo.cl\/portal\/wp-content\/uploads\/2015\/10\/porta-familia-parricio.jpg\" data-orig-size=\"530,349\" data-comments-opened=\"1\" data-image-meta=\"{&quot;aperture&quot;:&quot;0&quot;,&quot;credit&quot;:&quot;&quot;,&quot;camera&quot;:&quot;&quot;,&quot;caption&quot;:&quot;&quot;,&quot;created_timestamp&quot;:&quot;0&quot;,&quot;copyright&quot;:&quot;&quot;,&quot;focal_length&quot;:&quot;0&quot;,&quot;iso&quot;:&quot;0&quot;,&quot;shutter_speed&quot;:&quot;0&quot;,&quot;title&quot;:&quot;&quot;,&quot;orientation&quot;:&quot;0&quot;}\" data-image-title=\"porta familia parricio\" data-image-description=\"&lt;p&gt;Familiares y vecinos de Miriam se apostaron frente a la casa donde se desat\u00f3 la tragedia, mientras la polic\u00eda adoptaba el procedimiento de rigor. (Fotograf\u00eda Roberto Gonz\u00e1lez Short) &lt;\/p&gt; \" data-medium-file=\"https:\/\/i0.wp.com\/eltrabajo.cl\/portal\/wp-content\/uploads\/2015\/10\/porta-familia-parricio.jpg?fit=300%2C198&#038;ssl=1\" data-large-file=\"https:\/\/i0.wp.com\/eltrabajo.cl\/portal\/wp-content\/uploads\/2015\/10\/porta-familia-parricio.jpg?fit=530%2C349&#038;ssl=1\" src=\"https:\/\/i0.wp.com\/eltrabajo.cl\/portal\/wp-content\/uploads\/2015\/10\/porta-familia-parricio.jpg?w=208&#038;h=137&#038;ssl=1\" srcset=\"https:\/\/i0.wp.com\/eltrabajo.cl\/portal\/wp-content\/uploads\/2015\/10\/porta-familia-parricio.jpg?w=530&amp;ssl=1 530w, https:\/\/i0.wp.com\/eltrabajo.cl\/portal\/wp-content\/uploads\/2015\/10\/porta-familia-parricio.jpg?resize=200%2C132&amp;ssl=1 200w, https:\/\/i0.wp.com\/eltrabajo.cl\/portal\/wp-content\/uploads\/2015\/10\/porta-familia-parricio.jpg?resize=300%2C198&amp;ssl=1 300w, https:\/\/i0.wp.com\/eltrabajo.cl\/portal\/wp-content\/uploads\/2015\/10\/porta-familia-parricio.jpg?resize=228%2C150&amp;ssl=1 228w, https:\/\/i0.wp.com\/eltrabajo.cl\/portal\/wp-content\/uploads\/2015\/10\/porta-familia-parricio.jpg?resize=400%2C263&amp;ssl=1 400w\" width=\"208\" height=\"137\" loading=\"lazy\" data-original-width=\"208\" data-original-height=\"137\" itemprop=\"http:\/\/schema.org\/image\" title=\"porta familia parricio\" alt=\"Familiares y vecinos de Miriam se apostaron frente a la casa donde se desat\u00f3 la tragedia, mientras la polic\u00eda adoptaba el procedimiento de rigor. (Fotograf\u00eda Roberto Gonz\u00e1lez Short)\" style=\"width: 208px; height: 137px;\" \/> <\/a> <div class=\"tiled-gallery-caption\" itemprop=\"caption description\"> Familiares y vecinos de Miriam se apostaron frente a la casa donde se desat\u00f3 la tragedia, mientras la polic\u00eda adoptaba el procedimiento de rigor. (Fotograf\u00eda Roberto Gonz\u00e1lez Short) <\/div> <\/div> <div class=\"tiled-gallery-item tiled-gallery-item-small\" itemprop=\"associatedMedia\" itemscope itemtype=\"http:\/\/schema.org\/ImageObject\"> <a href=\"https:\/\/eltrabajo.cl\/portal\/madre-estrangula-a-su-pequeno-hijo-e-intenta-suicidarse-con-farmacos\/policias\/\" border=\"0\" itemprop=\"url\"> <meta itemprop=\"width\" content=\"208\"> <meta itemprop=\"height\" content=\"137\"> <img decoding=\"async\" class=\"\" data-attachment-id=\"62523\" data-orig-file=\"https:\/\/eltrabajo.cl\/portal\/wp-content\/uploads\/2015\/10\/POLICIAS.jpg\" data-orig-size=\"530,350\" data-comments-opened=\"1\" data-image-meta=\"{&quot;aperture&quot;:&quot;0&quot;,&quot;credit&quot;:&quot;&quot;,&quot;camera&quot;:&quot;&quot;,&quot;caption&quot;:&quot;&quot;,&quot;created_timestamp&quot;:&quot;0&quot;,&quot;copyright&quot;:&quot;&quot;,&quot;focal_length&quot;:&quot;0&quot;,&quot;iso&quot;:&quot;0&quot;,&quot;shutter_speed&quot;:&quot;0&quot;,&quot;title&quot;:&quot;&quot;,&quot;orientation&quot;:&quot;0&quot;}\" data-image-title=\"POLICIAS\" data-image-description=\"&lt;p&gt;Un amplio operativo policial se despleg\u00f3 en la vivienda ubicada en el pasaje Los Jazmines de poblaci\u00f3n Santa Mar\u00eda tras el hallazgo del asesinato de un ni\u00f1o de 5 a\u00f1os. (Fotograf\u00eda Roberto Gonz\u00e1lez Short).&lt;\/p&gt; \" data-medium-file=\"https:\/\/i0.wp.com\/eltrabajo.cl\/portal\/wp-content\/uploads\/2015\/10\/POLICIAS.jpg?fit=300%2C198&#038;ssl=1\" data-large-file=\"https:\/\/i0.wp.com\/eltrabajo.cl\/portal\/wp-content\/uploads\/2015\/10\/POLICIAS.jpg?fit=530%2C350&#038;ssl=1\" src=\"https:\/\/i0.wp.com\/eltrabajo.cl\/portal\/wp-content\/uploads\/2015\/10\/POLICIAS.jpg?w=208&#038;h=137&#038;ssl=1\" srcset=\"https:\/\/i0.wp.com\/eltrabajo.cl\/portal\/wp-content\/uploads\/2015\/10\/POLICIAS.jpg?w=530&amp;ssl=1 530w, https:\/\/i0.wp.com\/eltrabajo.cl\/portal\/wp-content\/uploads\/2015\/10\/POLICIAS.jpg?resize=200%2C132&amp;ssl=1 200w, https:\/\/i0.wp.com\/eltrabajo.cl\/portal\/wp-content\/uploads\/2015\/10\/POLICIAS.jpg?resize=300%2C198&amp;ssl=1 300w, https:\/\/i0.wp.com\/eltrabajo.cl\/portal\/wp-content\/uploads\/2015\/10\/POLICIAS.jpg?resize=227%2C150&amp;ssl=1 227w, https:\/\/i0.wp.com\/eltrabajo.cl\/portal\/wp-content\/uploads\/2015\/10\/POLICIAS.jpg?resize=400%2C264&amp;ssl=1 400w\" width=\"208\" height=\"137\" loading=\"lazy\" data-original-width=\"208\" data-original-height=\"137\" itemprop=\"http:\/\/schema.org\/image\" title=\"POLICIAS\" alt=\"Un amplio operativo policial se despleg\u00f3 en la vivienda ubicada en el pasaje Los Jazmines de poblaci\u00f3n Santa Mar\u00eda tras el hallazgo del asesinato de un ni\u00f1o de 5 a\u00f1os. (Fotograf\u00eda Roberto Gonz\u00e1lez Short).\" style=\"width: 208px; height: 137px;\" \/> <\/a> <div class=\"tiled-gallery-caption\" itemprop=\"caption description\"> Un amplio operativo policial se despleg\u00f3 en la vivienda ubicada en el pasaje Los Jazmines de poblaci\u00f3n Santa Mar\u00eda tras el hallazgo del asesinato de un ni\u00f1o de 5 a\u00f1os. (Fotograf\u00eda Roberto Gonz\u00e1lez Short). <\/div> <\/div> <\/div> <!-- close group --> <div class=\"gallery-group images-1\" style=\"width: 428px; height: 282px;\" data-original-width=\"428\" data-original-height=\"282\" > <div class=\"tiled-gallery-item tiled-gallery-item-large\" itemprop=\"associatedMedia\" itemscope itemtype=\"http:\/\/schema.org\/ImageObject\"> <a href=\"https:\/\/eltrabajo.cl\/portal\/madre-estrangula-a-su-pequeno-hijo-e-intenta-suicidarse-con-farmacos\/nino-muerto-2\/\" border=\"0\" itemprop=\"url\"> <meta itemprop=\"width\" content=\"424\"> <meta itemprop=\"height\" content=\"278\"> <img decoding=\"async\" class=\"\" data-attachment-id=\"62521\" data-orig-file=\"https:\/\/eltrabajo.cl\/portal\/wp-content\/uploads\/2015\/10\/NI\u00d1O-MUERTO.jpg\" data-orig-size=\"530,348\" data-comments-opened=\"1\" data-image-meta=\"{&quot;aperture&quot;:&quot;0&quot;,&quot;credit&quot;:&quot;&quot;,&quot;camera&quot;:&quot;&quot;,&quot;caption&quot;:&quot;&quot;,&quot;created_timestamp&quot;:&quot;0&quot;,&quot;copyright&quot;:&quot;&quot;,&quot;focal_length&quot;:&quot;0&quot;,&quot;iso&quot;:&quot;0&quot;,&quot;shutter_speed&quot;:&quot;0&quot;,&quot;title&quot;:&quot;&quot;,&quot;orientation&quot;:&quot;0&quot;}\" data-image-title=\"NI\u00d1O MUERTO\" data-image-description=\"&lt;p&gt;Tras las pericias policiales, el cuerpo del menor de 5 a\u00f1os fue trasladado hasta el Servicio M\u00e9dico Legal para la correspondiente autopsia de rigor.&lt;\/p&gt; \" data-medium-file=\"https:\/\/i0.wp.com\/eltrabajo.cl\/portal\/wp-content\/uploads\/2015\/10\/NI%C3%91O-MUERTO.jpg?fit=300%2C197&#038;ssl=1\" data-large-file=\"https:\/\/i0.wp.com\/eltrabajo.cl\/portal\/wp-content\/uploads\/2015\/10\/NI%C3%91O-MUERTO.jpg?fit=530%2C348&#038;ssl=1\" src=\"https:\/\/i0.wp.com\/eltrabajo.cl\/portal\/wp-content\/uploads\/2015\/10\/NI%C3%91O-MUERTO.jpg?w=424&#038;h=278&#038;ssl=1\" width=\"424\" height=\"278\" loading=\"lazy\" data-original-width=\"424\" data-original-height=\"278\" itemprop=\"http:\/\/schema.org\/image\" title=\"NI\u00d1O MUERTO\" alt=\"Tras las pericias policiales, el cuerpo del menor de 5 a\u00f1os fue trasladado hasta el Servicio M\u00e9dico Legal para la correspondiente autopsia de rigor.\" style=\"width: 424px; height: 278px;\" \/> <\/a> <div class=\"tiled-gallery-caption\" itemprop=\"caption description\"> Tras las pericias policiales, el cuerpo del menor de 5 a\u00f1os fue trasladado hasta el Servicio M\u00e9dico Legal para la correspondiente autopsia de rigor. <\/div> <\/div> <\/div> <!-- close group --> <\/div> <!-- close row --> <div class=\"gallery-row\" style=\"width: 640px; height: 107px;\" data-original-width=\"640\" data-original-height=\"107\" > <div class=\"gallery-group images-1\" style=\"width: 160px; height: 107px;\" data-original-width=\"160\" data-original-height=\"107\" > <div class=\"tiled-gallery-item tiled-gallery-item-small\" itemprop=\"associatedMedia\" itemscope itemtype=\"http:\/\/schema.org\/ImageObject\"> <a href=\"https:\/\/eltrabajo.cl\/portal\/madre-estrangula-a-su-pequeno-hijo-e-intenta-suicidarse-con-farmacos\/gino-gutierrez\/\" border=\"0\" itemprop=\"url\"> <meta itemprop=\"width\" content=\"156\"> <meta itemprop=\"height\" content=\"103\"> <img decoding=\"async\" class=\"\" data-attachment-id=\"62518\" data-orig-file=\"https:\/\/eltrabajo.cl\/portal\/wp-content\/uploads\/2015\/10\/Gino-Gutierrez.jpg\" data-orig-size=\"530,348\" data-comments-opened=\"1\" data-image-meta=\"{&quot;aperture&quot;:&quot;0&quot;,&quot;credit&quot;:&quot;&quot;,&quot;camera&quot;:&quot;&quot;,&quot;caption&quot;:&quot;&quot;,&quot;created_timestamp&quot;:&quot;0&quot;,&quot;copyright&quot;:&quot;&quot;,&quot;focal_length&quot;:&quot;0&quot;,&quot;iso&quot;:&quot;0&quot;,&quot;shutter_speed&quot;:&quot;0&quot;,&quot;title&quot;:&quot;&quot;,&quot;orientation&quot;:&quot;0&quot;}\" data-image-title=\"Gino Gutierrez\" data-image-description=\"&lt;p&gt;El Jefe de la Brigada de Homicidios de la PDI, Gino Guti\u00e9rrez.&lt;\/p&gt; \" data-medium-file=\"https:\/\/i0.wp.com\/eltrabajo.cl\/portal\/wp-content\/uploads\/2015\/10\/Gino-Gutierrez.jpg?fit=300%2C197&#038;ssl=1\" data-large-file=\"https:\/\/i0.wp.com\/eltrabajo.cl\/portal\/wp-content\/uploads\/2015\/10\/Gino-Gutierrez.jpg?fit=530%2C348&#038;ssl=1\" src=\"https:\/\/i0.wp.com\/eltrabajo.cl\/portal\/wp-content\/uploads\/2015\/10\/Gino-Gutierrez.jpg?w=156&#038;h=103&#038;ssl=1\" srcset=\"https:\/\/i0.wp.com\/eltrabajo.cl\/portal\/wp-content\/uploads\/2015\/10\/Gino-Gutierrez.jpg?w=530&amp;ssl=1 530w, https:\/\/i0.wp.com\/eltrabajo.cl\/portal\/wp-content\/uploads\/2015\/10\/Gino-Gutierrez.jpg?resize=200%2C131&amp;ssl=1 200w, https:\/\/i0.wp.com\/eltrabajo.cl\/portal\/wp-content\/uploads\/2015\/10\/Gino-Gutierrez.jpg?resize=300%2C197&amp;ssl=1 300w, https:\/\/i0.wp.com\/eltrabajo.cl\/portal\/wp-content\/uploads\/2015\/10\/Gino-Gutierrez.jpg?resize=228%2C150&amp;ssl=1 228w, https:\/\/i0.wp.com\/eltrabajo.cl\/portal\/wp-content\/uploads\/2015\/10\/Gino-Gutierrez.jpg?resize=400%2C263&amp;ssl=1 400w\" width=\"156\" height=\"103\" loading=\"lazy\" data-original-width=\"156\" data-original-height=\"103\" itemprop=\"http:\/\/schema.org\/image\" title=\"Gino Gutierrez\" alt=\"El Jefe de la Brigada de Homicidios de la PDI, Gino Guti\u00e9rrez.\" style=\"width: 156px; height: 103px;\" \/> <\/a> <div class=\"tiled-gallery-caption\" itemprop=\"caption description\"> El Jefe de la Brigada de Homicidios de la PDI, Gino Guti\u00e9rrez. <\/div> <\/div> <\/div> <!-- close group --> <div class=\"gallery-group images-1\" style=\"width: 160px; height: 107px;\" data-original-width=\"160\" data-original-height=\"107\" > <div class=\"tiled-gallery-item tiled-gallery-item-small\" itemprop=\"associatedMedia\" itemscope itemtype=\"http:\/\/schema.org\/ImageObject\"> <a href=\"https:\/\/eltrabajo.cl\/portal\/madre-estrangula-a-su-pequeno-hijo-e-intenta-suicidarse-con-farmacos\/daniela-quevedo-5\/\" border=\"0\" itemprop=\"url\"> <meta itemprop=\"width\" content=\"156\"> <meta itemprop=\"height\" content=\"103\"> <img decoding=\"async\" class=\"\" data-attachment-id=\"62516\" data-orig-file=\"https:\/\/eltrabajo.cl\/portal\/wp-content\/uploads\/2015\/10\/Daniela-Quevedo.jpg\" data-orig-size=\"530,350\" data-comments-opened=\"1\" data-image-meta=\"{&quot;aperture&quot;:&quot;0&quot;,&quot;credit&quot;:&quot;&quot;,&quot;camera&quot;:&quot;&quot;,&quot;caption&quot;:&quot;&quot;,&quot;created_timestamp&quot;:&quot;0&quot;,&quot;copyright&quot;:&quot;&quot;,&quot;focal_length&quot;:&quot;0&quot;,&quot;iso&quot;:&quot;0&quot;,&quot;shutter_speed&quot;:&quot;0&quot;,&quot;title&quot;:&quot;&quot;,&quot;orientation&quot;:&quot;0&quot;}\" data-image-title=\"Daniela Quevedo\" data-image-description=\"&lt;p&gt;La Fiscal del Ministerio P\u00fablico de San Felipe, Daniela Quevedo Henr\u00edquez.&lt;\/p&gt; \" data-medium-file=\"https:\/\/i0.wp.com\/eltrabajo.cl\/portal\/wp-content\/uploads\/2015\/10\/Daniela-Quevedo.jpg?fit=300%2C198&#038;ssl=1\" data-large-file=\"https:\/\/i0.wp.com\/eltrabajo.cl\/portal\/wp-content\/uploads\/2015\/10\/Daniela-Quevedo.jpg?fit=530%2C350&#038;ssl=1\" src=\"https:\/\/i0.wp.com\/eltrabajo.cl\/portal\/wp-content\/uploads\/2015\/10\/Daniela-Quevedo.jpg?w=156&#038;h=103&#038;ssl=1\" srcset=\"https:\/\/i0.wp.com\/eltrabajo.cl\/portal\/wp-content\/uploads\/2015\/10\/Daniela-Quevedo.jpg?w=530&amp;ssl=1 530w, https:\/\/i0.wp.com\/eltrabajo.cl\/portal\/wp-content\/uploads\/2015\/10\/Daniela-Quevedo.jpg?resize=200%2C132&amp;ssl=1 200w, https:\/\/i0.wp.com\/eltrabajo.cl\/portal\/wp-content\/uploads\/2015\/10\/Daniela-Quevedo.jpg?resize=300%2C198&amp;ssl=1 300w, https:\/\/i0.wp.com\/eltrabajo.cl\/portal\/wp-content\/uploads\/2015\/10\/Daniela-Quevedo.jpg?resize=227%2C150&amp;ssl=1 227w, https:\/\/i0.wp.com\/eltrabajo.cl\/portal\/wp-content\/uploads\/2015\/10\/Daniela-Quevedo.jpg?resize=400%2C264&amp;ssl=1 400w\" width=\"156\" height=\"103\" loading=\"lazy\" data-original-width=\"156\" data-original-height=\"103\" itemprop=\"http:\/\/schema.org\/image\" title=\"Daniela Quevedo\" alt=\"La Fiscal del Ministerio P\u00fablico de San Felipe, Daniela Quevedo Henr\u00edquez.\" style=\"width: 156px; height: 103px;\" \/> <\/a> <div class=\"tiled-gallery-caption\" itemprop=\"caption description\"> La Fiscal del Ministerio P\u00fablico de San Felipe, Daniela Quevedo Henr\u00edquez. <\/div> <\/div> <\/div> <!-- close group --> <div class=\"gallery-group images-1\" style=\"width: 160px; height: 107px;\" data-original-width=\"160\" data-original-height=\"107\" > <div class=\"tiled-gallery-item tiled-gallery-item-small\" itemprop=\"associatedMedia\" itemscope itemtype=\"http:\/\/schema.org\/ImageObject\"> <a href=\"https:\/\/eltrabajo.cl\/portal\/madre-estrangula-a-su-pequeno-hijo-e-intenta-suicidarse-con-farmacos\/elisabeth-pizarro\/\" border=\"0\" itemprop=\"url\"> <meta itemprop=\"width\" content=\"156\"> <meta itemprop=\"height\" content=\"103\"> <img decoding=\"async\" class=\"\" data-attachment-id=\"62517\" data-orig-file=\"https:\/\/eltrabajo.cl\/portal\/wp-content\/uploads\/2015\/10\/Elisabeth-Pizarro.jpg\" data-orig-size=\"530,350\" data-comments-opened=\"1\" data-image-meta=\"{&quot;aperture&quot;:&quot;0&quot;,&quot;credit&quot;:&quot;&quot;,&quot;camera&quot;:&quot;&quot;,&quot;caption&quot;:&quot;&quot;,&quot;created_timestamp&quot;:&quot;0&quot;,&quot;copyright&quot;:&quot;&quot;,&quot;focal_length&quot;:&quot;0&quot;,&quot;iso&quot;:&quot;0&quot;,&quot;shutter_speed&quot;:&quot;0&quot;,&quot;title&quot;:&quot;&quot;,&quot;orientation&quot;:&quot;0&quot;}\" data-image-title=\"Elisabeth Pizarro\" data-image-description=\"&lt;p&gt;Elizabeth Pizarro, educadora de Kinder del ni\u00f1o asesinado.&lt;\/p&gt; \" data-medium-file=\"https:\/\/i0.wp.com\/eltrabajo.cl\/portal\/wp-content\/uploads\/2015\/10\/Elisabeth-Pizarro.jpg?fit=300%2C198&#038;ssl=1\" data-large-file=\"https:\/\/i0.wp.com\/eltrabajo.cl\/portal\/wp-content\/uploads\/2015\/10\/Elisabeth-Pizarro.jpg?fit=530%2C350&#038;ssl=1\" src=\"https:\/\/i0.wp.com\/eltrabajo.cl\/portal\/wp-content\/uploads\/2015\/10\/Elisabeth-Pizarro.jpg?w=156&#038;h=103&#038;ssl=1\" srcset=\"https:\/\/i0.wp.com\/eltrabajo.cl\/portal\/wp-content\/uploads\/2015\/10\/Elisabeth-Pizarro.jpg?w=530&amp;ssl=1 530w, https:\/\/i0.wp.com\/eltrabajo.cl\/portal\/wp-content\/uploads\/2015\/10\/Elisabeth-Pizarro.jpg?resize=200%2C132&amp;ssl=1 200w, https:\/\/i0.wp.com\/eltrabajo.cl\/portal\/wp-content\/uploads\/2015\/10\/Elisabeth-Pizarro.jpg?resize=300%2C198&amp;ssl=1 300w, https:\/\/i0.wp.com\/eltrabajo.cl\/portal\/wp-content\/uploads\/2015\/10\/Elisabeth-Pizarro.jpg?resize=227%2C150&amp;ssl=1 227w, https:\/\/i0.wp.com\/eltrabajo.cl\/portal\/wp-content\/uploads\/2015\/10\/Elisabeth-Pizarro.jpg?resize=400%2C264&amp;ssl=1 400w\" width=\"156\" height=\"103\" loading=\"lazy\" data-original-width=\"156\" data-original-height=\"103\" itemprop=\"http:\/\/schema.org\/image\" title=\"Elisabeth Pizarro\" alt=\"Elizabeth Pizarro, educadora de Kinder del ni\u00f1o asesinado.\" style=\"width: 156px; height: 103px;\" \/> <\/a> <div class=\"tiled-gallery-caption\" itemprop=\"caption description\"> Elizabeth Pizarro, educadora de Kinder del ni\u00f1o asesinado. <\/div> <\/div> <\/div> <!-- close group --> <div class=\"gallery-group images-1\" style=\"width: 160px; height: 107px;\" data-original-width=\"160\" data-original-height=\"107\" > <div class=\"tiled-gallery-item tiled-gallery-item-small\" itemprop=\"associatedMedia\" itemscope itemtype=\"http:\/\/schema.org\/ImageObject\"> <a href=\"https:\/\/eltrabajo.cl\/portal\/madre-estrangula-a-su-pequeno-hijo-e-intenta-suicidarse-con-farmacos\/olivia-galdamez\/\" border=\"0\" itemprop=\"url\"> <meta itemprop=\"width\" content=\"156\"> <meta itemprop=\"height\" content=\"103\"> <img decoding=\"async\" class=\"\" data-attachment-id=\"62522\" data-orig-file=\"https:\/\/eltrabajo.cl\/portal\/wp-content\/uploads\/2015\/10\/Olivia-Galdamez.jpg\" data-orig-size=\"530,348\" data-comments-opened=\"1\" data-image-meta=\"{&quot;aperture&quot;:&quot;0&quot;,&quot;credit&quot;:&quot;&quot;,&quot;camera&quot;:&quot;&quot;,&quot;caption&quot;:&quot;&quot;,&quot;created_timestamp&quot;:&quot;0&quot;,&quot;copyright&quot;:&quot;&quot;,&quot;focal_length&quot;:&quot;0&quot;,&quot;iso&quot;:&quot;0&quot;,&quot;shutter_speed&quot;:&quot;0&quot;,&quot;title&quot;:&quot;&quot;,&quot;orientation&quot;:&quot;0&quot;}\" data-image-title=\"Olivia Galdamez\" data-image-description=\"&lt;p&gt;Olivia Gald\u00e1mez, vecina y mejor amiga de Miriam Chac\u00f3n.&lt;\/p&gt; \" data-medium-file=\"https:\/\/i0.wp.com\/eltrabajo.cl\/portal\/wp-content\/uploads\/2015\/10\/Olivia-Galdamez.jpg?fit=300%2C197&#038;ssl=1\" data-large-file=\"https:\/\/i0.wp.com\/eltrabajo.cl\/portal\/wp-content\/uploads\/2015\/10\/Olivia-Galdamez.jpg?fit=530%2C348&#038;ssl=1\" src=\"https:\/\/i0.wp.com\/eltrabajo.cl\/portal\/wp-content\/uploads\/2015\/10\/Olivia-Galdamez.jpg?w=156&#038;h=103&#038;ssl=1\" srcset=\"https:\/\/i0.wp.com\/eltrabajo.cl\/portal\/wp-content\/uploads\/2015\/10\/Olivia-Galdamez.jpg?w=530&amp;ssl=1 530w, https:\/\/i0.wp.com\/eltrabajo.cl\/portal\/wp-content\/uploads\/2015\/10\/Olivia-Galdamez.jpg?resize=200%2C131&amp;ssl=1 200w, https:\/\/i0.wp.com\/eltrabajo.cl\/portal\/wp-content\/uploads\/2015\/10\/Olivia-Galdamez.jpg?resize=300%2C197&amp;ssl=1 300w, https:\/\/i0.wp.com\/eltrabajo.cl\/portal\/wp-content\/uploads\/2015\/10\/Olivia-Galdamez.jpg?resize=228%2C150&amp;ssl=1 228w, https:\/\/i0.wp.com\/eltrabajo.cl\/portal\/wp-content\/uploads\/2015\/10\/Olivia-Galdamez.jpg?resize=400%2C263&amp;ssl=1 400w\" width=\"156\" height=\"103\" loading=\"lazy\" data-original-width=\"156\" data-original-height=\"103\" itemprop=\"http:\/\/schema.org\/image\" title=\"Olivia Galdamez\" alt=\"Olivia Gald\u00e1mez, vecina y mejor amiga de Miriam Chac\u00f3n.\" style=\"width: 156px; height: 103px;\" \/> <\/a> <div class=\"tiled-gallery-caption\" itemprop=\"caption description\"> Olivia Gald\u00e1mez, vecina y mejor amiga de Miriam Chac\u00f3n. <\/div> <\/div> <\/div> <!-- close group --> <\/div> <!-- close row --> <\/div>\n","protected":false},"excerpt":{"rendered":"<p>PDI investiga muerte de ni\u00f1o de 5 a\u00f1os de edad, aparentemente por estrangulamiento aunque no se descarta ingesta medicamentosa. En tanto la parricida Miriam Chac\u00f3n Hasler, habr\u00eda ingerido f\u00e1rmacos para autoeliminarse, sin&#8230;<\/p>\n","protected":false},"author":482,"featured_media":62515,"comment_status":"open","ping_status":"open","sticky":false,"template":"","format":"standard","meta":{"advanced_seo_description":"","jetpack_seo_html_title":"","jetpack_seo_noindex":false,"_jetpack_memberships_contains_paid_content":false,"footnotes":""},"categories":[21],"tags":[],"class_list":["post-62514","post","type-post","status-publish","format-standard","has-post-thumbnail","hentry","category-policial"],"jetpack_featured_media_url":"https:\/\/i0.wp.com\/eltrabajo.cl\/portal\/wp-content\/uploads\/2015\/10\/JUAN-PABLO-AHUMADA-CHACON.jpg?fit=530%2C349&ssl=1","jetpack_sharing_enabled":true,"jetpack_likes_enabled":true,"jetpack-related-posts":[],"_links":{"self":[{"href":"https:\/\/eltrabajo.cl\/portal\/wp-json\/wp\/v2\/posts\/62514","targetHints":{"allow":["GET"]}}],"collection":[{"href":"https:\/\/eltrabajo.cl\/portal\/wp-json\/wp\/v2\/posts"}],"about":[{"href":"https:\/\/eltrabajo.cl\/portal\/wp-json\/wp\/v2\/types\/post"}],"author":[{"embeddable":true,"href":"https:\/\/eltrabajo.cl\/portal\/wp-json\/wp\/v2\/users\/482"}],"replies":[{"embeddable":true,"href":"https:\/\/eltrabajo.cl\/portal\/wp-json\/wp\/v2\/comments?post=62514"}],"version-history":[{"count":0,"href":"https:\/\/eltrabajo.cl\/portal\/wp-json\/wp\/v2\/posts\/62514\/revisions"}],"wp:featuredmedia":[{"embeddable":true,"href":"https:\/\/eltrabajo.cl\/portal\/wp-json\/wp\/v2\/media\/62515"}],"wp:attachment":[{"href":"https:\/\/eltrabajo.cl\/portal\/wp-json\/wp\/v2\/media?parent=62514"}],"wp:term":[{"taxonomy":"category","embeddable":true,"href":"https:\/\/eltrabajo.cl\/portal\/wp-json\/wp\/v2\/categories?post=62514"},{"taxonomy":"post_tag","embeddable":true,"href":"https:\/\/eltrabajo.cl\/portal\/wp-json\/wp\/v2\/tags?post=62514"}],"curies":[{"name":"wp","href":"https:\/\/api.w.org\/{rel}","templated":true}]}}