{"id":62541,"date":"2015-10-02T09:29:59","date_gmt":"2015-10-02T12:29:59","guid":{"rendered":"http:\/\/www.eltrabajo.cl\/portal\/?p=62541"},"modified":"2015-10-02T09:29:59","modified_gmt":"2015-10-02T12:29:59","slug":"gobernador-se-reune-con-representantes-de-catemu-y-san-felipe-para-tratar-tema-de-extraccion-de-aridos","status":"publish","type":"post","link":"https:\/\/eltrabajo.cl\/portal\/gobernador-se-reune-con-representantes-de-catemu-y-san-felipe-para-tratar-tema-de-extraccion-de-aridos\/","title":{"rendered":"Gobernador se re\u00fane con representantes de Catemu y San Felipe para tratar tema de extracci\u00f3n de \u00e1ridos"},"content":{"rendered":"<figure id=\"attachment_62542\" aria-describedby=\"caption-attachment-62542\" style=\"width: 300px\" class=\"wp-caption alignleft\"><a href=\"https:\/\/i0.wp.com\/www.eltrabajo.cl\/portal\/wp-content\/uploads\/2015\/10\/reunion-gobernacion-fiscalizacion-aridos.jpg\"><img data-recalc-dims=\"1\" loading=\"lazy\" decoding=\"async\" class=\"wp-image-62542 size-medium\" src=\"https:\/\/i0.wp.com\/www.eltrabajo.cl\/portal\/wp-content\/uploads\/2015\/10\/reunion-gobernacion-fiscalizacion-aridos-300x197.jpg?resize=300%2C197\" alt=\"En la gobernaci\u00f3n realizaron dos importantes reuniones junto al Seremi de Obras P\u00fablicas y con ediles de Catemu y San Felipe.\" width=\"300\" height=\"197\" srcset=\"https:\/\/i0.wp.com\/eltrabajo.cl\/portal\/wp-content\/uploads\/2015\/10\/reunion-gobernacion-fiscalizacion-aridos.jpg?resize=300%2C197&amp;ssl=1 300w, https:\/\/i0.wp.com\/eltrabajo.cl\/portal\/wp-content\/uploads\/2015\/10\/reunion-gobernacion-fiscalizacion-aridos.jpg?resize=200%2C131&amp;ssl=1 200w, https:\/\/i0.wp.com\/eltrabajo.cl\/portal\/wp-content\/uploads\/2015\/10\/reunion-gobernacion-fiscalizacion-aridos.jpg?resize=228%2C150&amp;ssl=1 228w, https:\/\/i0.wp.com\/eltrabajo.cl\/portal\/wp-content\/uploads\/2015\/10\/reunion-gobernacion-fiscalizacion-aridos.jpg?resize=400%2C263&amp;ssl=1 400w, https:\/\/i0.wp.com\/eltrabajo.cl\/portal\/wp-content\/uploads\/2015\/10\/reunion-gobernacion-fiscalizacion-aridos.jpg?w=530&amp;ssl=1 530w\" sizes=\"auto, (max-width: 300px) 100vw, 300px\" \/><\/a><figcaption id=\"caption-attachment-62542\" class=\"wp-caption-text\">En la gobernaci\u00f3n realizaron dos importantes reuniones junto al Seremi de Obras P\u00fablicas y con ediles de Catemu y San Felipe.<\/figcaption><\/figure>\n<ul>\n<li><strong>En la instancia, tambi\u00e9n se abord\u00f3 los avances en la construcci\u00f3n de la ruta 60 CH, que seg\u00fan el Seremi de MOP, llegan a un 7%.<\/strong><\/li>\n<\/ul>\n<p>Dos importantes reuniones mantuvieron el Gobernador Eduardo Le\u00f3n y el Seremi de Obras P\u00fablicas, Miguel Saavedra, con distintas autoridades de la Provincia de San Felipe para abordar la fiscalizaci\u00f3n a la extracci\u00f3n de \u00e1ridos desde el R\u00edo Aconcagua y el avance de las construcciones de la ruta 60 CH.<br \/>\nEn primer t\u00e9rmino, fueron recibidos por el Alcalde de Catemu, Boris Luksic, donde los puntos tratados guardaban relaci\u00f3n con la preocupaci\u00f3n de los regantes y la comunidad por los trabajos que se llevan a cabo a la vega de la Parras\u00eda, lo que fue clarificado por el Secretario de la cartera de Obras P\u00fablicas quien explic\u00f3 que se tratan de los trabajos de la construcci\u00f3n del Puente Las Tinajas. En ese sentido, el jefe comunal manifest\u00f3 que \u201chemos concordado con las autoridades de hacer un estudio integral para saber d\u00f3nde se puede extraer \u00e1ridos, en qu\u00e9 cantidad y en qu\u00e9 condiciones. Los municipios muchas veces otorgamos estamos concesiones, pero no tenemos el personal para fiscalizar, por lo que el trabajo con la Serem\u00eda y la Gobernaci\u00f3n\u201d, manifest\u00f3.<br \/>\nPosteriormente, bajo los mismos requerimientos, ambas autoridades se reunieron con el alcalde Patricio Freire y concejales de la comuna de San Felipe, el Director Regional de la DGA, Gonzalo Pe\u00f1a y profesionales de OHL. En la ocasi\u00f3n, el Seremi de Obras P\u00fablicas destac\u00f3 que \u201cnosotros acordamos una visita a terreno para constatar el nivel de intervenci\u00f3n que se realiza en virtud de los trabajos. Ac\u00e1 hay una intervenci\u00f3n importante debido a la construcci\u00f3n del puente las tinajas y por eso que se puede ver una gran actividad de maquinaria trabajando en el r\u00edo\u201d.<br \/>\nEn tanto, el Gobernador Eduardo Le\u00f3n, destac\u00f3 que \u201cya hemos iniciado un proceso de fiscalizaci\u00f3n de \u00e1ridos en Llay Llay, estuvimos con el Alcalde de Catemu y ahora estamos con el Alcalde Freire, pero los temas de fondo son una correcta fiscalizaci\u00f3n de la extracci\u00f3n. Por lo que acordamos una visita t\u00e9cnica y, a la vez, hacer un trabajo con los abogados de las instituciones para fiscalizar a quienes no realizan las obras de forma correcta\u201d, puntualiz\u00f3 la m\u00e1xima autoridad provincial.<\/p>\n","protected":false},"excerpt":{"rendered":"<p>En la instancia, tambi\u00e9n se abord\u00f3 los avances en la construcci\u00f3n de la ruta 60 CH, que seg\u00fan el Seremi de MOP, llegan a un 7%. Dos importantes reuniones mantuvieron el Gobernador&#8230;<\/p>\n","protected":false},"author":482,"featured_media":62542,"comment_status":"open","ping_status":"open","sticky":false,"template":"","format":"standard","meta":{"advanced_seo_description":"","jetpack_seo_html_title":"","jetpack_seo_noindex":false,"_jetpack_memberships_contains_paid_content":false,"footnotes":""},"categories":[1],"tags":[],"class_list":["post-62541","post","type-post","status-publish","format-standard","has-post-thumbnail","hentry","category-cronica"],"jetpack_featured_media_url":"https:\/\/i0.wp.com\/eltrabajo.cl\/portal\/wp-content\/uploads\/2015\/10\/reunion-gobernacion-fiscalizacion-aridos.jpg?fit=530%2C348&ssl=1","jetpack_sharing_enabled":true,"jetpack_likes_enabled":true,"jetpack-related-posts":[],"_links":{"self":[{"href":"https:\/\/eltrabajo.cl\/portal\/wp-json\/wp\/v2\/posts\/62541","targetHints":{"allow":["GET"]}}],"collection":[{"href":"https:\/\/eltrabajo.cl\/portal\/wp-json\/wp\/v2\/posts"}],"about":[{"href":"https:\/\/eltrabajo.cl\/portal\/wp-json\/wp\/v2\/types\/post"}],"author":[{"embeddable":true,"href":"https:\/\/eltrabajo.cl\/portal\/wp-json\/wp\/v2\/users\/482"}],"replies":[{"embeddable":true,"href":"https:\/\/eltrabajo.cl\/portal\/wp-json\/wp\/v2\/comments?post=62541"}],"version-history":[{"count":0,"href":"https:\/\/eltrabajo.cl\/portal\/wp-json\/wp\/v2\/posts\/62541\/revisions"}],"wp:featuredmedia":[{"embeddable":true,"href":"https:\/\/eltrabajo.cl\/portal\/wp-json\/wp\/v2\/media\/62542"}],"wp:attachment":[{"href":"https:\/\/eltrabajo.cl\/portal\/wp-json\/wp\/v2\/media?parent=62541"}],"wp:term":[{"taxonomy":"category","embeddable":true,"href":"https:\/\/eltrabajo.cl\/portal\/wp-json\/wp\/v2\/categories?post=62541"},{"taxonomy":"post_tag","embeddable":true,"href":"https:\/\/eltrabajo.cl\/portal\/wp-json\/wp\/v2\/tags?post=62541"}],"curies":[{"name":"wp","href":"https:\/\/api.w.org\/{rel}","templated":true}]}}