{"id":62549,"date":"2015-10-02T09:33:58","date_gmt":"2015-10-02T12:33:58","guid":{"rendered":"http:\/\/www.eltrabajo.cl\/portal\/?p=62549"},"modified":"2015-10-02T09:33:58","modified_gmt":"2015-10-02T12:33:58","slug":"implementaran-plataforma-para-agendamiento-de-horas-de-atencion-medica-en-red-atencion-primaria","status":"publish","type":"post","link":"https:\/\/eltrabajo.cl\/portal\/implementaran-plataforma-para-agendamiento-de-horas-de-atencion-medica-en-red-atencion-primaria\/","title":{"rendered":"Implementar\u00e1n plataforma para agendamiento de horas de atenci\u00f3n m\u00e9dica en red atenci\u00f3n primaria"},"content":{"rendered":"<figure id=\"attachment_62550\" aria-describedby=\"caption-attachment-62550\" style=\"width: 300px\" class=\"wp-caption alignleft\"><a href=\"https:\/\/i0.wp.com\/www.eltrabajo.cl\/portal\/wp-content\/uploads\/2015\/10\/plataforma-para-agendamiento-3.jpg\"><img data-recalc-dims=\"1\" loading=\"lazy\" decoding=\"async\" class=\"wp-image-62550 size-medium\" src=\"https:\/\/i0.wp.com\/www.eltrabajo.cl\/portal\/wp-content\/uploads\/2015\/10\/plataforma-para-agendamiento-3-300x198.jpg?resize=300%2C198\" alt=\"Junto a los alcaldes de las comunas del Valle de Aconcagua, Gobernadores y autoridades, la Directora del SSA, Dra. Vilma Olave inici\u00f3 la firma del convenio para implementar el Sistema de Gesti\u00f3n de la Demanda Asistencial.\" width=\"300\" height=\"198\" srcset=\"https:\/\/i0.wp.com\/eltrabajo.cl\/portal\/wp-content\/uploads\/2015\/10\/plataforma-para-agendamiento-3.jpg?resize=300%2C198&amp;ssl=1 300w, https:\/\/i0.wp.com\/eltrabajo.cl\/portal\/wp-content\/uploads\/2015\/10\/plataforma-para-agendamiento-3.jpg?resize=200%2C132&amp;ssl=1 200w, https:\/\/i0.wp.com\/eltrabajo.cl\/portal\/wp-content\/uploads\/2015\/10\/plataforma-para-agendamiento-3.jpg?resize=228%2C150&amp;ssl=1 228w, https:\/\/i0.wp.com\/eltrabajo.cl\/portal\/wp-content\/uploads\/2015\/10\/plataforma-para-agendamiento-3.jpg?resize=400%2C263&amp;ssl=1 400w, https:\/\/i0.wp.com\/eltrabajo.cl\/portal\/wp-content\/uploads\/2015\/10\/plataforma-para-agendamiento-3.jpg?w=530&amp;ssl=1 530w\" sizes=\"auto, (max-width: 300px) 100vw, 300px\" \/><\/a><figcaption id=\"caption-attachment-62550\" class=\"wp-caption-text\">Junto a los alcaldes de las comunas del Valle de Aconcagua, Gobernadores y autoridades, la Directora del SSA, Dra. Vilma Olave inici\u00f3 la firma del convenio para implementar el Sistema de Gesti\u00f3n de la Demanda Asistencial.<\/figcaption><\/figure>\n<ul>\n<li><strong>\u201cCon la Implementaci\u00f3n de esta plataforma de Gesti\u00f3n de la Demanda Asistencial gana la gente, gana salud\u201d, fueron las palabras de la Directora del Servicio de Salud Aconcagua<\/strong>.<\/li>\n<\/ul>\n<p>Con la asistencia de los 10 Alcaldes de las comunas del Valle, Gobernadores de ambas provincias, Directores de establecimientos y l\u00edderes comunitarios, el Servicio de Salud Aconcagua dio inicio a la firma de convenio para la implementaci\u00f3n en todos los Cesfam de las comunas del Sistema de Gesti\u00f3n de la Demanda Asistencial, el cual corresponde a una plataforma que permite agendar las horas m\u00e9dicas a trav\u00e9s de llamados telef\u00f3nicos, confirm\u00e1ndolas por mensaje de texto.<br \/>\nCon esta firma el Servicio de Salud Aconcagua pone a disposici\u00f3n de todas las comunas el financiamiento del componente de agendamiento de horas m\u00e9dicas con una inversi\u00f3n cercana a los 160 millones de pesos durante 1 a\u00f1o. Por su parte, los municipios deber\u00e1n velar por la disposici\u00f3n de horas m\u00e9dicas para el \u00f3ptimo funcionamiento del sistema y realizar evaluaciones permanentes de satisfacci\u00f3n usuaria.<br \/>\n\u201cEs nuestra responsabilidad como Servicio de Salud impulsar iniciativas que ayuden a disminuir las filas de pacientes en horas tempranas y propender a la satisfacci\u00f3n de las usuarios, mediante el mejoramiento de la accesibilidad, oportunidad y calidad de las prestaciones de salud, en los establecimientos de Atenci\u00f3n Primaria de la red. De esta forma, el Servicio de Salud Aconcagua se convierte en el primer Servicio de Salud del pa\u00eds que implementa esta herramienta en toda la Red de Atenci\u00f3n Primaria de su jurisdicci\u00f3n\u201d. Manifest\u00f3 la Directora del Servicio de Salud Aconcagua, Dra. Vilma Olave.<br \/>\nEste sistema implica la disminuci\u00f3n de los tiempos de espera de los pacientes, incertidumbres, gastos de traslados y se mejoran las formas de comunicaci\u00f3n. Estas son las ventajas m\u00e1s importantes que la gente y la comunidad tendr\u00e1n con la incorporaci\u00f3n del sistema de Gesti\u00f3n de la Demanda, GDA, que con la firma de este Convenio se implementar\u00e1 en todos los establecimientos de atenci\u00f3n primaria municipalizados y dependientes del Servicio de Salud Aconcagua. Beneficio que hasta ahora s\u00f3lo dispon\u00edan los 3 establecimientos dependientes del Servicio y las comunas de Calle Larga y San Felipe, gesti\u00f3n que los alcaldes Nelson Venegas y Patricio Freire anticipadamente hab\u00edan determinado su financiamiento e incorporaci\u00f3n.<\/p>\n","protected":false},"excerpt":{"rendered":"<p>\u201cCon la Implementaci\u00f3n de esta plataforma de Gesti\u00f3n de la Demanda Asistencial gana la gente, gana salud\u201d, fueron las palabras de la Directora del Servicio de Salud Aconcagua. Con la asistencia de&#8230;<\/p>\n","protected":false},"author":482,"featured_media":62550,"comment_status":"open","ping_status":"open","sticky":false,"template":"","format":"standard","meta":{"advanced_seo_description":"","jetpack_seo_html_title":"","jetpack_seo_noindex":false,"_jetpack_memberships_contains_paid_content":false,"footnotes":""},"categories":[1],"tags":[],"class_list":["post-62549","post","type-post","status-publish","format-standard","has-post-thumbnail","hentry","category-cronica"],"jetpack_featured_media_url":"https:\/\/i0.wp.com\/eltrabajo.cl\/portal\/wp-content\/uploads\/2015\/10\/plataforma-para-agendamiento-3.jpg?fit=530%2C349&ssl=1","jetpack_sharing_enabled":true,"jetpack_likes_enabled":true,"jetpack-related-posts":[],"_links":{"self":[{"href":"https:\/\/eltrabajo.cl\/portal\/wp-json\/wp\/v2\/posts\/62549","targetHints":{"allow":["GET"]}}],"collection":[{"href":"https:\/\/eltrabajo.cl\/portal\/wp-json\/wp\/v2\/posts"}],"about":[{"href":"https:\/\/eltrabajo.cl\/portal\/wp-json\/wp\/v2\/types\/post"}],"author":[{"embeddable":true,"href":"https:\/\/eltrabajo.cl\/portal\/wp-json\/wp\/v2\/users\/482"}],"replies":[{"embeddable":true,"href":"https:\/\/eltrabajo.cl\/portal\/wp-json\/wp\/v2\/comments?post=62549"}],"version-history":[{"count":0,"href":"https:\/\/eltrabajo.cl\/portal\/wp-json\/wp\/v2\/posts\/62549\/revisions"}],"wp:featuredmedia":[{"embeddable":true,"href":"https:\/\/eltrabajo.cl\/portal\/wp-json\/wp\/v2\/media\/62550"}],"wp:attachment":[{"href":"https:\/\/eltrabajo.cl\/portal\/wp-json\/wp\/v2\/media?parent=62549"}],"wp:term":[{"taxonomy":"category","embeddable":true,"href":"https:\/\/eltrabajo.cl\/portal\/wp-json\/wp\/v2\/categories?post=62549"},{"taxonomy":"post_tag","embeddable":true,"href":"https:\/\/eltrabajo.cl\/portal\/wp-json\/wp\/v2\/tags?post=62549"}],"curies":[{"name":"wp","href":"https:\/\/api.w.org\/{rel}","templated":true}]}}