{"id":62552,"date":"2015-10-02T09:36:44","date_gmt":"2015-10-02T12:36:44","guid":{"rendered":"http:\/\/www.eltrabajo.cl\/portal\/?p=62552"},"modified":"2015-10-02T09:36:44","modified_gmt":"2015-10-02T12:36:44","slug":"te-presentamos-a-la-primera-candidata-a-reina-de-la-primavera-2015","status":"publish","type":"post","link":"https:\/\/eltrabajo.cl\/portal\/te-presentamos-a-la-primera-candidata-a-reina-de-la-primavera-2015\/","title":{"rendered":"Te presentamos a la primera candidata a Reina de la Primavera 2015"},"content":{"rendered":"<figure id=\"attachment_62553\" aria-describedby=\"caption-attachment-62553\" style=\"width: 300px\" class=\"wp-caption alignleft\"><a href=\"https:\/\/i0.wp.com\/www.eltrabajo.cl\/portal\/wp-content\/uploads\/2015\/10\/Paulina-Esquella.jpg\"><img data-recalc-dims=\"1\" loading=\"lazy\" decoding=\"async\" class=\"wp-image-62553 size-medium\" src=\"https:\/\/i0.wp.com\/www.eltrabajo.cl\/portal\/wp-content\/uploads\/2015\/10\/Paulina-Esquella-300x197.jpg?resize=300%2C197\" alt=\"BELLA CANDIDATA.- Paulina Andrea Squella Villarreal visit\u00f3 este jueves nuestra Sala de Redacci\u00f3n, ella es la primera candidata a Reina de la Fiesta de la Primavera 2015.\" width=\"300\" height=\"197\" srcset=\"https:\/\/i0.wp.com\/eltrabajo.cl\/portal\/wp-content\/uploads\/2015\/10\/Paulina-Esquella.jpg?resize=300%2C197&amp;ssl=1 300w, https:\/\/i0.wp.com\/eltrabajo.cl\/portal\/wp-content\/uploads\/2015\/10\/Paulina-Esquella.jpg?resize=200%2C131&amp;ssl=1 200w, https:\/\/i0.wp.com\/eltrabajo.cl\/portal\/wp-content\/uploads\/2015\/10\/Paulina-Esquella.jpg?resize=228%2C150&amp;ssl=1 228w, https:\/\/i0.wp.com\/eltrabajo.cl\/portal\/wp-content\/uploads\/2015\/10\/Paulina-Esquella.jpg?resize=400%2C263&amp;ssl=1 400w, https:\/\/i0.wp.com\/eltrabajo.cl\/portal\/wp-content\/uploads\/2015\/10\/Paulina-Esquella.jpg?w=530&amp;ssl=1 530w\" sizes=\"auto, (max-width: 300px) 100vw, 300px\" \/><\/a><figcaption id=\"caption-attachment-62553\" class=\"wp-caption-text\">BELLA CANDIDATA.- Paulina Andrea Squella Villarreal visit\u00f3 este jueves nuestra Sala de Redacci\u00f3n, ella es la primera candidata a Reina de la Fiesta de la Primavera 2015.<\/figcaption><\/figure>\n<p>La Fiesta de la Primavera 2015 en nuestra comuna se realizar\u00e1 muy pronto, es por ello y luego que Alicia Nicloux, Jefa del Departamento de Organizaciones Comunitarias de la Municipalidad de San Felipe anunciara que estaba abierto el proceso de inscripci\u00f3n, que nos visit\u00f3 la candidata N\u00ba1 del certamen.<br \/>\nSe trata de la bella sanfelipe\u00f1a Paulina Andrea Squella Villarreal, de 31 a\u00f1os, vecina de calle Chorrillos y Madrina del Grupo Funcional Avanzando con Alegr\u00eda, enfocado al desarrollo integral de personas con discapacidades.<br \/>\n\u00abSoy la madrina de este grupo, compuesto por 26 usuarios y muy comprometida con ellos, pues cada vez que trabajo en sus reuniones simplemente me conquistan con su positivismo y excelente disposici\u00f3n al trabajo en grupo\u00bb, coment\u00f3 Esquella a Diario El Trabajo.<\/p>\n<figure id=\"attachment_62554\" aria-describedby=\"caption-attachment-62554\" style=\"width: 300px\" class=\"wp-caption alignright\"><a href=\"https:\/\/i0.wp.com\/www.eltrabajo.cl\/portal\/wp-content\/uploads\/2015\/10\/Guagua33.jpg\"><img data-recalc-dims=\"1\" loading=\"lazy\" decoding=\"async\" class=\"wp-image-62554 size-medium\" src=\"https:\/\/i0.wp.com\/www.eltrabajo.cl\/portal\/wp-content\/uploads\/2015\/10\/Guagua33-300x198.jpg?resize=300%2C198\" alt=\"\u00bfQUI\u00c9N LO DIR\u00cdA? .- As\u00ed de regalona luc\u00eda nuestra candidata cuando apenas era una guag\u00fcita.\" width=\"300\" height=\"198\" srcset=\"https:\/\/i0.wp.com\/eltrabajo.cl\/portal\/wp-content\/uploads\/2015\/10\/Guagua33.jpg?resize=300%2C198&amp;ssl=1 300w, https:\/\/i0.wp.com\/eltrabajo.cl\/portal\/wp-content\/uploads\/2015\/10\/Guagua33.jpg?resize=200%2C132&amp;ssl=1 200w, https:\/\/i0.wp.com\/eltrabajo.cl\/portal\/wp-content\/uploads\/2015\/10\/Guagua33.jpg?resize=227%2C150&amp;ssl=1 227w, https:\/\/i0.wp.com\/eltrabajo.cl\/portal\/wp-content\/uploads\/2015\/10\/Guagua33.jpg?resize=400%2C264&amp;ssl=1 400w, https:\/\/i0.wp.com\/eltrabajo.cl\/portal\/wp-content\/uploads\/2015\/10\/Guagua33.jpg?w=530&amp;ssl=1 530w\" sizes=\"auto, (max-width: 300px) 100vw, 300px\" \/><\/a><figcaption id=\"caption-attachment-62554\" class=\"wp-caption-text\">\u00bfQUI\u00c9N LO DIR\u00cdA? .- As\u00ed de regalona luc\u00eda nuestra candidata cuando apenas era una guag\u00fcita.<\/figcaption><\/figure>\n<p>Este grupo ya est\u00e1 trabajando en la creaci\u00f3n de su propio carro aleg\u00f3rico, propuesta que implica la recreaci\u00f3n de la firma del documento sobre la fundaci\u00f3n de San Felipe El Real.<br \/>\nEsta bella candidata naci\u00f3 el viernes 22 de junio de 1984, estudi\u00f3 su B\u00e1sica en la Escuela Jos\u00e9 Agust\u00edn G\u00f3mez; su educaci\u00f3n Media la realiz\u00f3 a trav\u00e9s de ex\u00e1menes libres. Signo c\u00e1ncer; color azul su favorito y asegura que hace muchas cosas para divertirse.<br \/>\n<strong>Roberto Gonz\u00e1lez Short<\/strong><br \/>\n<strong>rgonzalez@eltrabajo.cl<\/strong><\/p>\n","protected":false},"excerpt":{"rendered":"<p>La Fiesta de la Primavera 2015 en nuestra comuna se realizar\u00e1 muy pronto, es por ello y luego que Alicia Nicloux, Jefa del Departamento de Organizaciones Comunitarias de la Municipalidad de San&#8230;<\/p>\n","protected":false},"author":482,"featured_media":62553,"comment_status":"open","ping_status":"open","sticky":false,"template":"","format":"standard","meta":{"advanced_seo_description":"","jetpack_seo_html_title":"","jetpack_seo_noindex":false,"_jetpack_memberships_contains_paid_content":false,"footnotes":""},"categories":[15],"tags":[],"class_list":["post-62552","post","type-post","status-publish","format-standard","has-post-thumbnail","hentry","category-comunidad"],"jetpack_featured_media_url":"https:\/\/i0.wp.com\/eltrabajo.cl\/portal\/wp-content\/uploads\/2015\/10\/Paulina-Esquella.jpg?fit=530%2C348&ssl=1","jetpack_sharing_enabled":true,"jetpack_likes_enabled":true,"jetpack-related-posts":[],"_links":{"self":[{"href":"https:\/\/eltrabajo.cl\/portal\/wp-json\/wp\/v2\/posts\/62552","targetHints":{"allow":["GET"]}}],"collection":[{"href":"https:\/\/eltrabajo.cl\/portal\/wp-json\/wp\/v2\/posts"}],"about":[{"href":"https:\/\/eltrabajo.cl\/portal\/wp-json\/wp\/v2\/types\/post"}],"author":[{"embeddable":true,"href":"https:\/\/eltrabajo.cl\/portal\/wp-json\/wp\/v2\/users\/482"}],"replies":[{"embeddable":true,"href":"https:\/\/eltrabajo.cl\/portal\/wp-json\/wp\/v2\/comments?post=62552"}],"version-history":[{"count":0,"href":"https:\/\/eltrabajo.cl\/portal\/wp-json\/wp\/v2\/posts\/62552\/revisions"}],"wp:featuredmedia":[{"embeddable":true,"href":"https:\/\/eltrabajo.cl\/portal\/wp-json\/wp\/v2\/media\/62553"}],"wp:attachment":[{"href":"https:\/\/eltrabajo.cl\/portal\/wp-json\/wp\/v2\/media?parent=62552"}],"wp:term":[{"taxonomy":"category","embeddable":true,"href":"https:\/\/eltrabajo.cl\/portal\/wp-json\/wp\/v2\/categories?post=62552"},{"taxonomy":"post_tag","embeddable":true,"href":"https:\/\/eltrabajo.cl\/portal\/wp-json\/wp\/v2\/tags?post=62552"}],"curies":[{"name":"wp","href":"https:\/\/api.w.org\/{rel}","templated":true}]}}