{"id":62556,"date":"2015-10-02T09:38:54","date_gmt":"2015-10-02T12:38:54","guid":{"rendered":"http:\/\/www.eltrabajo.cl\/portal\/?p=62556"},"modified":"2015-10-02T09:38:54","modified_gmt":"2015-10-02T12:38:54","slug":"promoviendo-la-integracion-municipio-lanza-programa-san-felipe-inclusivo","status":"publish","type":"post","link":"https:\/\/eltrabajo.cl\/portal\/promoviendo-la-integracion-municipio-lanza-programa-san-felipe-inclusivo\/","title":{"rendered":"Promoviendo la integraci\u00f3n, municipio lanza programa \u2018San Felipe Inclusivo\u2019"},"content":{"rendered":"<figure id=\"attachment_62557\" aria-describedby=\"caption-attachment-62557\" style=\"width: 300px\" class=\"wp-caption alignleft\"><a href=\"https:\/\/i0.wp.com\/www.eltrabajo.cl\/portal\/wp-content\/uploads\/2015\/10\/sanfelipe-inclusivo.jpg\"><img data-recalc-dims=\"1\" loading=\"lazy\" decoding=\"async\" class=\"wp-image-62557 size-medium\" src=\"https:\/\/i0.wp.com\/www.eltrabajo.cl\/portal\/wp-content\/uploads\/2015\/10\/sanfelipe-inclusivo-300x198.jpg?resize=300%2C198\" alt=\"El alcalde Patricio Freire lanz\u00f3 el programa \u2018San Felipe Inclusivo\u2019 el que busca hacer m\u00e1s amable y accesible la ciudad para las personas con capacidades diferentes. \" width=\"300\" height=\"198\" srcset=\"https:\/\/i0.wp.com\/eltrabajo.cl\/portal\/wp-content\/uploads\/2015\/10\/sanfelipe-inclusivo.jpg?resize=300%2C198&amp;ssl=1 300w, https:\/\/i0.wp.com\/eltrabajo.cl\/portal\/wp-content\/uploads\/2015\/10\/sanfelipe-inclusivo.jpg?resize=200%2C132&amp;ssl=1 200w, https:\/\/i0.wp.com\/eltrabajo.cl\/portal\/wp-content\/uploads\/2015\/10\/sanfelipe-inclusivo.jpg?resize=228%2C150&amp;ssl=1 228w, https:\/\/i0.wp.com\/eltrabajo.cl\/portal\/wp-content\/uploads\/2015\/10\/sanfelipe-inclusivo.jpg?resize=400%2C263&amp;ssl=1 400w, https:\/\/i0.wp.com\/eltrabajo.cl\/portal\/wp-content\/uploads\/2015\/10\/sanfelipe-inclusivo.jpg?w=530&amp;ssl=1 530w\" sizes=\"auto, (max-width: 300px) 100vw, 300px\" \/><\/a><figcaption id=\"caption-attachment-62557\" class=\"wp-caption-text\">El alcalde Patricio Freire lanz\u00f3 el programa \u2018San Felipe Inclusivo\u2019 el que busca hacer m\u00e1s amable y accesible la ciudad para las personas con capacidades diferentes.<\/figcaption><\/figure>\n<ul>\n<li><strong>Favorecer la vinculaci\u00f3n de las personas con capacidades diferentes en todos los \u00e1mbitos de desarrollo, es lo que busca este programa mediante el cual se pretende llevar a la pr\u00e1ctica la consigna \u2018San Felipe, la Comuna de Todas y de Todos\u2019.<\/strong><\/li>\n<\/ul>\n<p>San Felipe inclusivo se denomina el programa que en la ma\u00f1ana de este jueves lanz\u00f3 la municipalidad, enmarcado en la pol\u00edtica impulsada por el alcalde Patricio Freire, con la finalidad de hacer una realidad, con hechos concretos, el slogan \u2018La Comuna de Todas y de Todos\u2019.<br \/>\nLa iniciativa, pretende convertirse en una verdadera pol\u00edtica comunal que sea transversal a todas las \u00e1reas de desarrollo municipal, con una mirada inclusiva, que respete e integre a todos los sanfelipe\u00f1os que presentan capacidades diferentes.<br \/>\nSeg\u00fan explic\u00f3 el alcalde Patricio Freire, la municipalidad busca mediante esta iniciativa la generaci\u00f3n de estrategias que permitan a las personas con discapacidad, integrarse plenamente a la sociedad, en una comuna que le otorgue el espacio y accesibilidad, articulando de esta manera los procesos y poniendo a disposici\u00f3n productos y servicios.<br \/>\n\u201cSan Felipe inclusivo es la iniciativa primera que tuvimos cuando iniciamos nuestra gesti\u00f3n, al se\u00f1alar que esta es la comuna de todas y de todos. Nuestro objetivo es que las personas con capacidades tengan la oportunidad de desplazarse y desarrollar su vida en un espacio sin trabas. La idea es que la gesti\u00f3n de proyectos vaya en la misma direcci\u00f3n, con iniciativas que apunten y atiendan las necesidades de personas no videntes o con otro tipo de discapacidad\u201d, precis\u00f3 el jefe comunal.<br \/>\nEl programa est\u00e1 a cargo del profesional no vidente Claudio Gregoire, quien manifest\u00f3 que una de las primeras acciones enmarcadas en esta pol\u00edtica comunal, dice relaci\u00f3n con la generaci\u00f3n del primer punto inclusivo con accesibilidad universal, lo que significa que el principal ingreso de San Felipe, el Terminal Rodoviario, cuente con accesos en sus calles y veredas que permitan el desplazamiento de las personas con movilidad reducida, sin barreras para disfrutar de nuestra ciudad.<br \/>\nEl profesional recalc\u00f3 que son muchas las iniciativas que en adelante se comenzar\u00e1n a trabajar, no solo desde el punto de vista de la infraestructura, sino tambi\u00e9n en materia de tecnolog\u00eda, inserci\u00f3n laboral, entre otras.<br \/>\n\u201cTenemos iniciativas viales, como los sem\u00e1foros parlante, el mejoramiento de veredas y calles que atiendan las necesidades de desplazamiento para personas con movilidad reducida; en materia tecnol\u00f3gica, la idea es preparar para el futuro a aquellas personas con capacidades diferentes adecuando la tecnolog\u00eda a sus necesidades en liceos y escuelas municipalizadas. Queremos tambi\u00e9n desarrollar alianzas con las empresas, para que las personas con discapacidad puedan insertarse en el mundo laboral\u201d, explic\u00f3.<br \/>\nEl gobernador provincial de San Felipe, Eduardo Le\u00f3n, particip\u00f3 en la ceremonia de lanzamiento del programa, oportunidad en la que felicit\u00f3 la iniciativa del alcalde Patricio Freire, resaltando el hecho que la pol\u00edtica comunal que est\u00e1 impulsado, se ajusta y comulga con las estrategias de inclusi\u00f3n que promueve el gobierno de la Presidenta Michelle Bachelet.<br \/>\nEn la ceremonia de lanzamiento del programa, participaron representantes de la Uni\u00f3n Comunal de la Discapacidad y de organismos e instituciones que trabajan con personas que presentan capacidades diferentes, destacando las autoridades en este sentido que si bien San Felipe ha dado pasos importantes en esta materia, a trav\u00e9s de la generaci\u00f3n de una Oficina de la Discapacidad, es necesario seguir avanzando y por lo tanto, resulta absolutamente pertinente la creaci\u00f3n de este programa.<\/p>\n","protected":false},"excerpt":{"rendered":"<p>Favorecer la vinculaci\u00f3n de las personas con capacidades diferentes en todos los \u00e1mbitos de desarrollo, es lo que busca este programa mediante el cual se pretende llevar a la pr\u00e1ctica la consigna&#8230;<\/p>\n","protected":false},"author":482,"featured_media":62557,"comment_status":"open","ping_status":"open","sticky":false,"template":"","format":"standard","meta":{"advanced_seo_description":"","jetpack_seo_html_title":"","jetpack_seo_noindex":false,"_jetpack_memberships_contains_paid_content":false,"footnotes":""},"categories":[1],"tags":[],"class_list":["post-62556","post","type-post","status-publish","format-standard","has-post-thumbnail","hentry","category-cronica"],"jetpack_featured_media_url":"https:\/\/i0.wp.com\/eltrabajo.cl\/portal\/wp-content\/uploads\/2015\/10\/sanfelipe-inclusivo.jpg?fit=530%2C349&ssl=1","jetpack_sharing_enabled":true,"jetpack_likes_enabled":true,"jetpack-related-posts":[],"_links":{"self":[{"href":"https:\/\/eltrabajo.cl\/portal\/wp-json\/wp\/v2\/posts\/62556","targetHints":{"allow":["GET"]}}],"collection":[{"href":"https:\/\/eltrabajo.cl\/portal\/wp-json\/wp\/v2\/posts"}],"about":[{"href":"https:\/\/eltrabajo.cl\/portal\/wp-json\/wp\/v2\/types\/post"}],"author":[{"embeddable":true,"href":"https:\/\/eltrabajo.cl\/portal\/wp-json\/wp\/v2\/users\/482"}],"replies":[{"embeddable":true,"href":"https:\/\/eltrabajo.cl\/portal\/wp-json\/wp\/v2\/comments?post=62556"}],"version-history":[{"count":0,"href":"https:\/\/eltrabajo.cl\/portal\/wp-json\/wp\/v2\/posts\/62556\/revisions"}],"wp:featuredmedia":[{"embeddable":true,"href":"https:\/\/eltrabajo.cl\/portal\/wp-json\/wp\/v2\/media\/62557"}],"wp:attachment":[{"href":"https:\/\/eltrabajo.cl\/portal\/wp-json\/wp\/v2\/media?parent=62556"}],"wp:term":[{"taxonomy":"category","embeddable":true,"href":"https:\/\/eltrabajo.cl\/portal\/wp-json\/wp\/v2\/categories?post=62556"},{"taxonomy":"post_tag","embeddable":true,"href":"https:\/\/eltrabajo.cl\/portal\/wp-json\/wp\/v2\/tags?post=62556"}],"curies":[{"name":"wp","href":"https:\/\/api.w.org\/{rel}","templated":true}]}}