{"id":62559,"date":"2015-10-02T09:40:09","date_gmt":"2015-10-02T12:40:09","guid":{"rendered":"http:\/\/www.eltrabajo.cl\/portal\/?p=62559"},"modified":"2015-10-02T09:40:09","modified_gmt":"2015-10-02T12:40:09","slug":"inician-licitacion-de-proyecto-de-apertura-de-calle-san-martin","status":"publish","type":"post","link":"https:\/\/eltrabajo.cl\/portal\/inician-licitacion-de-proyecto-de-apertura-de-calle-san-martin\/","title":{"rendered":"Inician licitaci\u00f3n de proyecto de apertura de calle San Mart\u00edn"},"content":{"rendered":"<figure id=\"attachment_62560\" aria-describedby=\"caption-attachment-62560\" style=\"width: 300px\" class=\"wp-caption alignleft\"><a href=\"https:\/\/i0.wp.com\/www.eltrabajo.cl\/portal\/wp-content\/uploads\/2015\/10\/freire-paredes-sanmartin.jpg\"><img data-recalc-dims=\"1\" loading=\"lazy\" decoding=\"async\" class=\"wp-image-62560 size-medium\" src=\"https:\/\/i0.wp.com\/www.eltrabajo.cl\/portal\/wp-content\/uploads\/2015\/10\/freire-paredes-sanmartin-300x198.jpg?resize=300%2C198\" alt=\"El alcalde Patricio Freire junto al Secpla Claudio Paredes realizaron una visita a terreno para explicar el avance de la iniciativa por muchos a\u00f1os esperada por los vecinos. \" width=\"300\" height=\"198\" srcset=\"https:\/\/i0.wp.com\/eltrabajo.cl\/portal\/wp-content\/uploads\/2015\/10\/freire-paredes-sanmartin.jpg?resize=300%2C198&amp;ssl=1 300w, https:\/\/i0.wp.com\/eltrabajo.cl\/portal\/wp-content\/uploads\/2015\/10\/freire-paredes-sanmartin.jpg?resize=200%2C132&amp;ssl=1 200w, https:\/\/i0.wp.com\/eltrabajo.cl\/portal\/wp-content\/uploads\/2015\/10\/freire-paredes-sanmartin.jpg?resize=227%2C150&amp;ssl=1 227w, https:\/\/i0.wp.com\/eltrabajo.cl\/portal\/wp-content\/uploads\/2015\/10\/freire-paredes-sanmartin.jpg?resize=400%2C264&amp;ssl=1 400w, https:\/\/i0.wp.com\/eltrabajo.cl\/portal\/wp-content\/uploads\/2015\/10\/freire-paredes-sanmartin.jpg?w=530&amp;ssl=1 530w\" sizes=\"auto, (max-width: 300px) 100vw, 300px\" \/><\/a><figcaption id=\"caption-attachment-62560\" class=\"wp-caption-text\">El alcalde Patricio Freire junto al Secpla Claudio Paredes realizaron una visita a terreno para explicar el avance de la iniciativa por muchos a\u00f1os esperada por los vecinos.<\/figcaption><\/figure>\n<p>En proceso de licitaci\u00f3n se encuentra el proyecto de apertura de la calle San Mart\u00edn, una iniciativa que lleva adelante la Municipalidad de San Felipe y que permitir\u00e1 dar continuidad vial al sector oriente de la comuna.<br \/>\nAs\u00ed lo dio a conocer el alcalde Patricio Freire, quien acompa\u00f1ado del Secretario de Planificaci\u00f3n realiz\u00f3 una visita a terreno al lugar, destacando que el proyecto significa una inversi\u00f3n, del Fondo Nacional de Inversi\u00f3n Local, cercana a los mil millones de pesos y que en esta parte del proceso de licitaci\u00f3n se presentaron siete empresas.<br \/>\n\u201cContinuamos dando conectividad vial a la comuna de San Felipe, con proyectos que estamos ejecutando en distintos sectores. Estamos muy contentos porque vamos avanzando en este proyecto que pas\u00f3 por tres Intendentes y que hoy se est\u00e1 materializando. Esta es una iniciativa muy esperada por todos los vecinos, ya la estamos licitando con la participaci\u00f3n de siete empresas\u201d, dijo el alcalde Patricio Freire.<br \/>\nEl proyecto contempla no s\u00f3lo la obra de construcci\u00f3n de la calle, sino tambi\u00e9n la expropiaci\u00f3n de los terrenos que se ubican en el sector y que permitir\u00e1n materializar la calzada, adem\u00e1s de las aceras que se construir\u00e1n en hormig\u00f3n y un tramo que corresponde a la calle Hermanos Carrera en el sector de El Se\u00f1orial.<br \/>\n\u201cEn el tramo correspondiente a Hermanos Carrera se construir\u00e1 en doble calzada, mientras que en este tramo de San Mart\u00edn se va a construir en una calzada manteniendo la orientaci\u00f3n de tr\u00e1nsito que actualmente tiene la calle\u201d, se\u00f1al\u00f3 Claudio Paredes y explic\u00f3 que el proyecto contempla la construcci\u00f3n de 492 metros lineales de calle, los que se dividen en 374 de la calle San Mart\u00edn, desde El Molino a proyecci\u00f3n de Hermanos Carrera Oriente y 118 metros de Hermanos Carrera, entre los pasajes Saa Cueto y Ren\u00e9 Flores.<br \/>\nEl proceso de licitaci\u00f3n cierra el pr\u00f3ximo 25 de octubre y posteriormente se realizar\u00e1n los tr\u00e1mites de contrato para iniciar la obra. Respecto del proceso de expropiaci\u00f3n, el Secretario de Planificaci\u00f3n se\u00f1al\u00f3 que unos 300 millones de pesos est\u00e1n disponibles para ejecutarlo y el municipio ya estableci\u00f3 el protocolo de trabajo y la forma administrativa para hacerse cargo del terreno una vez que el proceso termine, lo que se realiza de manera paralela a la licitaci\u00f3n.<\/p>\n","protected":false},"excerpt":{"rendered":"<p>En proceso de licitaci\u00f3n se encuentra el proyecto de apertura de la calle San Mart\u00edn, una iniciativa que lleva adelante la Municipalidad de San Felipe y que permitir\u00e1 dar continuidad vial al&#8230;<\/p>\n","protected":false},"author":482,"featured_media":62560,"comment_status":"open","ping_status":"open","sticky":false,"template":"","format":"standard","meta":{"advanced_seo_description":"","jetpack_seo_html_title":"","jetpack_seo_noindex":false,"_jetpack_memberships_contains_paid_content":false,"footnotes":""},"categories":[1],"tags":[],"class_list":["post-62559","post","type-post","status-publish","format-standard","has-post-thumbnail","hentry","category-cronica"],"jetpack_featured_media_url":"https:\/\/i0.wp.com\/eltrabajo.cl\/portal\/wp-content\/uploads\/2015\/10\/freire-paredes-sanmartin.jpg?fit=530%2C350&ssl=1","jetpack_sharing_enabled":true,"jetpack_likes_enabled":true,"jetpack-related-posts":[],"_links":{"self":[{"href":"https:\/\/eltrabajo.cl\/portal\/wp-json\/wp\/v2\/posts\/62559","targetHints":{"allow":["GET"]}}],"collection":[{"href":"https:\/\/eltrabajo.cl\/portal\/wp-json\/wp\/v2\/posts"}],"about":[{"href":"https:\/\/eltrabajo.cl\/portal\/wp-json\/wp\/v2\/types\/post"}],"author":[{"embeddable":true,"href":"https:\/\/eltrabajo.cl\/portal\/wp-json\/wp\/v2\/users\/482"}],"replies":[{"embeddable":true,"href":"https:\/\/eltrabajo.cl\/portal\/wp-json\/wp\/v2\/comments?post=62559"}],"version-history":[{"count":0,"href":"https:\/\/eltrabajo.cl\/portal\/wp-json\/wp\/v2\/posts\/62559\/revisions"}],"wp:featuredmedia":[{"embeddable":true,"href":"https:\/\/eltrabajo.cl\/portal\/wp-json\/wp\/v2\/media\/62560"}],"wp:attachment":[{"href":"https:\/\/eltrabajo.cl\/portal\/wp-json\/wp\/v2\/media?parent=62559"}],"wp:term":[{"taxonomy":"category","embeddable":true,"href":"https:\/\/eltrabajo.cl\/portal\/wp-json\/wp\/v2\/categories?post=62559"},{"taxonomy":"post_tag","embeddable":true,"href":"https:\/\/eltrabajo.cl\/portal\/wp-json\/wp\/v2\/tags?post=62559"}],"curies":[{"name":"wp","href":"https:\/\/api.w.org\/{rel}","templated":true}]}}