{"id":62562,"date":"2015-10-02T09:42:40","date_gmt":"2015-10-02T12:42:40","guid":{"rendered":"http:\/\/www.eltrabajo.cl\/portal\/?p=62562"},"modified":"2015-10-02T09:42:40","modified_gmt":"2015-10-02T12:42:40","slug":"antisociales-perpetran-violento-robo-a-mano-armada-a-centrica-panaderia","status":"publish","type":"post","link":"https:\/\/eltrabajo.cl\/portal\/antisociales-perpetran-violento-robo-a-mano-armada-a-centrica-panaderia\/","title":{"rendered":"Antisociales perpetran violento robo a mano armada a c\u00e9ntrica panader\u00eda"},"content":{"rendered":"<figure id=\"attachment_62563\" aria-describedby=\"caption-attachment-62563\" style=\"width: 300px\" class=\"wp-caption alignleft\"><a href=\"https:\/\/i0.wp.com\/www.eltrabajo.cl\/portal\/wp-content\/uploads\/2015\/10\/asturias2.jpg\"><img data-recalc-dims=\"1\" loading=\"lazy\" decoding=\"async\" class=\"wp-image-62563 size-medium\" src=\"https:\/\/i0.wp.com\/www.eltrabajo.cl\/portal\/wp-content\/uploads\/2015\/10\/asturias2-300x197.jpg?resize=300%2C197\" alt=\"Si bien nadie result\u00f3 lesionado en el asalto, a\u00fan no se ha logrado identificar a los antisociales que robaron un mill\u00f3n de pesos en especies.\" width=\"300\" height=\"197\" srcset=\"https:\/\/i0.wp.com\/eltrabajo.cl\/portal\/wp-content\/uploads\/2015\/10\/asturias2.jpg?resize=300%2C197&amp;ssl=1 300w, https:\/\/i0.wp.com\/eltrabajo.cl\/portal\/wp-content\/uploads\/2015\/10\/asturias2.jpg?resize=200%2C131&amp;ssl=1 200w, https:\/\/i0.wp.com\/eltrabajo.cl\/portal\/wp-content\/uploads\/2015\/10\/asturias2.jpg?resize=228%2C150&amp;ssl=1 228w, https:\/\/i0.wp.com\/eltrabajo.cl\/portal\/wp-content\/uploads\/2015\/10\/asturias2.jpg?resize=400%2C263&amp;ssl=1 400w, https:\/\/i0.wp.com\/eltrabajo.cl\/portal\/wp-content\/uploads\/2015\/10\/asturias2.jpg?w=530&amp;ssl=1 530w\" sizes=\"auto, (max-width: 300px) 100vw, 300px\" \/><\/a><figcaption id=\"caption-attachment-62563\" class=\"wp-caption-text\">Si bien nadie result\u00f3 lesionado en el asalto, a\u00fan no se ha logrado identificar a los antisociales que robaron un mill\u00f3n de pesos en especies.<\/figcaption><\/figure>\n<ul>\n<li><strong>Local ya estaba cerrado cuando tocaron la puerta e intimidaron a la due\u00f1a y dos panaderos a quienes maniataron.<\/strong><\/li>\n<\/ul>\n<p><strong>LOS ANDES.<\/strong>-Un violento asalto a mano armada afect\u00f3 la noche del lunes a la tradicional panader\u00eda y minimarket \u2018Asturias\u2019 ubicada en calle Rancagua N\u00ba 652, evidenciando con ello que la delincuencia ha sobrepasado todos l\u00edmites en el centro de la ciudad.<br \/>\nLos sujetos, quienes actuaron a rostro cubierto con gorros y bufandas, llegaron pasadas las 22 horas al establecimiento comercial cuando este ya se encontraba cerrado y al golpear la puerta lateral sorprendieron a uno de los panaderos que sali\u00f3 a abrir, intimid\u00e1ndolo con armas de fuego cortas.<br \/>\nActo seguido ingresaron al recinto e intimidaron a otro trabajador y a la due\u00f1a, exigi\u00e9ndole la entrega del dinero de la recaudaci\u00f3n del d\u00eda.<br \/>\nComo la propietaria ya hab\u00eda hecho el dep\u00f3sito del dinero, la obligaron a subir hasta el segundo piso donde registraron las dependencias logrando apoderarse de un mill\u00f3n de pesos en dinero y joyas.<br \/>\nPosteriormente, los antisociales amordazaron y maniataron a las v\u00edctimas, d\u00e1ndose a la fuga r\u00e1pidamente del local, desconoci\u00e9ndose si lo hicieron a pie o en alg\u00fan veh\u00edculo que dejaron estacionado en las inmediaciones.<br \/>\nUna vez que la due\u00f1a y los trabajadores lograron zafarse hicieron la denuncia correspondiente tanto en Carabineros como en la PDI, concurriendo personal de ambas polic\u00edas quienes realizaron algunas pericias.<br \/>\nAfortunadamente y pese a la violencia con la que actuaron los asaltantes los afectados no resultaron con lesiones.<br \/>\nSe cree que debido a los problemas de alumbrado p\u00fablico que hay en esa cuadra de calle Rancagua la acci\u00f3n de los antisociales se vio facilitada al existir peligrosos bolsones de oscuridad.<br \/>\nPese a las diligencias efectuadas por las polic\u00edas no se ha logrado dar con la identidad y el paradero de los maleantes.<br \/>\nNuestro medio intent\u00f3 conversar con la due\u00f1a de la panader\u00eda, pero amablemente se excus\u00f3 debido a la conmoci\u00f3n que le caus\u00f3 ser v\u00edctima de un atraco tan violento.<\/p>\n","protected":false},"excerpt":{"rendered":"<p>Local ya estaba cerrado cuando tocaron la puerta e intimidaron a la due\u00f1a y dos panaderos a quienes maniataron. LOS ANDES.-Un violento asalto a mano armada afect\u00f3 la noche del lunes a&#8230;<\/p>\n","protected":false},"author":482,"featured_media":62563,"comment_status":"open","ping_status":"open","sticky":false,"template":"","format":"standard","meta":{"advanced_seo_description":"","jetpack_seo_html_title":"","jetpack_seo_noindex":false,"_jetpack_memberships_contains_paid_content":false,"footnotes":""},"categories":[21],"tags":[],"class_list":["post-62562","post","type-post","status-publish","format-standard","has-post-thumbnail","hentry","category-policial"],"jetpack_featured_media_url":"https:\/\/i0.wp.com\/eltrabajo.cl\/portal\/wp-content\/uploads\/2015\/10\/asturias2.jpg?fit=530%2C348&ssl=1","jetpack_sharing_enabled":true,"jetpack_likes_enabled":true,"jetpack-related-posts":[],"_links":{"self":[{"href":"https:\/\/eltrabajo.cl\/portal\/wp-json\/wp\/v2\/posts\/62562","targetHints":{"allow":["GET"]}}],"collection":[{"href":"https:\/\/eltrabajo.cl\/portal\/wp-json\/wp\/v2\/posts"}],"about":[{"href":"https:\/\/eltrabajo.cl\/portal\/wp-json\/wp\/v2\/types\/post"}],"author":[{"embeddable":true,"href":"https:\/\/eltrabajo.cl\/portal\/wp-json\/wp\/v2\/users\/482"}],"replies":[{"embeddable":true,"href":"https:\/\/eltrabajo.cl\/portal\/wp-json\/wp\/v2\/comments?post=62562"}],"version-history":[{"count":0,"href":"https:\/\/eltrabajo.cl\/portal\/wp-json\/wp\/v2\/posts\/62562\/revisions"}],"wp:featuredmedia":[{"embeddable":true,"href":"https:\/\/eltrabajo.cl\/portal\/wp-json\/wp\/v2\/media\/62563"}],"wp:attachment":[{"href":"https:\/\/eltrabajo.cl\/portal\/wp-json\/wp\/v2\/media?parent=62562"}],"wp:term":[{"taxonomy":"category","embeddable":true,"href":"https:\/\/eltrabajo.cl\/portal\/wp-json\/wp\/v2\/categories?post=62562"},{"taxonomy":"post_tag","embeddable":true,"href":"https:\/\/eltrabajo.cl\/portal\/wp-json\/wp\/v2\/tags?post=62562"}],"curies":[{"name":"wp","href":"https:\/\/api.w.org\/{rel}","templated":true}]}}