{"id":62565,"date":"2015-10-02T09:47:28","date_gmt":"2015-10-02T12:47:28","guid":{"rendered":"http:\/\/www.eltrabajo.cl\/portal\/?p=62565"},"modified":"2015-10-02T09:47:28","modified_gmt":"2015-10-02T12:47:28","slug":"escuchas-telefonicas-permitieron-condenar-a-peligrosos-narcos-de-curimon","status":"publish","type":"post","link":"https:\/\/eltrabajo.cl\/portal\/escuchas-telefonicas-permitieron-condenar-a-peligrosos-narcos-de-curimon\/","title":{"rendered":"Escuchas telef\u00f3nicas permitieron condenar a peligrosos narcos de Curim\u00f3n"},"content":{"rendered":"<figure id=\"attachment_62566\" aria-describedby=\"caption-attachment-62566\" style=\"width: 300px\" class=\"wp-caption alignleft\"><a href=\"https:\/\/i0.wp.com\/www.eltrabajo.cl\/portal\/wp-content\/uploads\/2015\/10\/accel-y-felipe-sanchez-copia.jpg\"><img data-recalc-dims=\"1\" loading=\"lazy\" decoding=\"async\" class=\"wp-image-62566 size-medium\" src=\"https:\/\/i0.wp.com\/www.eltrabajo.cl\/portal\/wp-content\/uploads\/2015\/10\/accel-y-felipe-sanchez-copia-300x198.jpg?resize=300%2C198\" alt=\"Los hermanos Accel Rafael y Felipe Sebasti\u00e1n S\u00e1nchez Toro fueron condenados a cumplir una pena de 10 a\u00f1os de c\u00e1rcel por el delito de tr\u00e1fico de drogas.\" width=\"300\" height=\"198\" srcset=\"https:\/\/i0.wp.com\/eltrabajo.cl\/portal\/wp-content\/uploads\/2015\/10\/accel-y-felipe-sanchez-copia.jpg?resize=300%2C198&amp;ssl=1 300w, https:\/\/i0.wp.com\/eltrabajo.cl\/portal\/wp-content\/uploads\/2015\/10\/accel-y-felipe-sanchez-copia.jpg?resize=200%2C132&amp;ssl=1 200w, https:\/\/i0.wp.com\/eltrabajo.cl\/portal\/wp-content\/uploads\/2015\/10\/accel-y-felipe-sanchez-copia.jpg?resize=228%2C150&amp;ssl=1 228w, https:\/\/i0.wp.com\/eltrabajo.cl\/portal\/wp-content\/uploads\/2015\/10\/accel-y-felipe-sanchez-copia.jpg?resize=400%2C263&amp;ssl=1 400w, https:\/\/i0.wp.com\/eltrabajo.cl\/portal\/wp-content\/uploads\/2015\/10\/accel-y-felipe-sanchez-copia.jpg?w=530&amp;ssl=1 530w\" sizes=\"auto, (max-width: 300px) 100vw, 300px\" \/><\/a><figcaption id=\"caption-attachment-62566\" class=\"wp-caption-text\">Los hermanos Accel Rafael y Felipe Sebasti\u00e1n S\u00e1nchez Toro fueron condenados a cumplir una pena de 10 a\u00f1os de c\u00e1rcel por el delito de tr\u00e1fico de drogas.<\/figcaption><\/figure>\n<p>Los hermanos Accel Rafael y Felipe Sebasti\u00e1n S\u00e1nchez Toro eran temidos en la localidad de Curim\u00f3n por su conocido curr\u00edculum de traficantes de drogas. Sin embargo gracias a las pericias de OS7 de Carabineros de San Felipe, la Fiscal\u00eda logr\u00f3 acusarlos en juicio oral obteniendo penas privativas de libertad.<br \/>\nPor el delito de tr\u00e1fico de drogas fueron condenados los hermanos Accel Rafael y Felipe Sebasti\u00e1n S\u00e1nchez Toro, luego de la realizaci\u00f3n de un juicio oral que los conden\u00f3 a la pena de 10 a\u00f1os y un d\u00eda de c\u00e1rcel efectiva m\u00e1s el pago de 40 unidades tributarias mensuales, de acuerdo al fallo del Tribunal Oral en Lo Penal de San Felipe.<br \/>\nEn el caso que se mantuvo en manos del Fiscal Julio Palacios Bobadilla, se acus\u00f3 a los hermanos actualmente condenados, tras las importantes escuchas telef\u00f3nicas que los efectivos de OS7 de Carabineros de San Felipe investigaron, tras la interceptaci\u00f3n de los aparatos m\u00f3viles de estos peligrosos narcotraficantes.<br \/>\nSeg\u00fan las pericias policiales, ambos sujetos eran conocidos por reclutar j\u00f3venes menores y mayores de edad para la distribuci\u00f3n de drogas en la localidad de Curim\u00f3n, lugar donde se realizaban importantes transacciones de drogas. Con el correr del tiempo, Carabineros fue investigando hasta concluir en reiteradas oportunidades en episodios de microtr\u00e1fico de estupefacientes, por los que ya fueron enjuiciados.<\/p>\n<p><strong>12 KILOS DE DROGAS<\/strong><br \/>\nSin embargo, estos hermanos temidos por la comunidad, segu\u00edan siendo vigilados por los efectivos de OS7 de Carabineros, realizando escuchas telef\u00f3nicas durante cuatro d\u00edas que dejaron como evidencia una importante compra de doce kilos de pasta base de coca\u00edna que ser\u00eda adquirida desde la ciudad de Calama para ser distribuida en la provincia de San Felipe.<br \/>\nEstos il\u00edcitos permitir\u00edan las constantes regal\u00edas en dinero en efectivo que algunos \u2018soldados\u2019 ganaban tras efectuar ventas de sustancias en dicha localidad, donde resultaban involucrados hombres y mujeres de todas las edades, quienes eran c\u00f3mplices de estos actos.<br \/>\nLa condena se enmarca en los sucesos ocurridos en el mes de agosto del a\u00f1o 2013 cuando los hermanos S\u00e1nchez Toro concretaron la transacci\u00f3n de drogas desde el norte del pa\u00eds v\u00eda telef\u00f3nica. El traslado de la droga lo realiz\u00f3 un grupo de cinco \u2018soldados\u2019 quienes fueron encomendados viajar desde la provincia de San Felipe hasta la ciudad de Calama, lugar donde recibieron los 12 kilos de pasta base en paquetes cubiertos con pasta de dientes en el interior de una bolsa herm\u00e9tica, con la finalidad de evadir el control y fiscalizaci\u00f3n de canes detectores de drogas.<br \/>\nLuego de adquirir estas sustancias en maletas de viaje y de efectuar el pago de una importante suma de dinero, los cinco \u2018soldados\u2019 se dividieron en dos buses desde Calama, hasta descender en el peaje Las Vegas de Llay Llay donde fueron interceptados por Carabineros, incautando los doce kilos de pasta base equivalentes a 60 mil dosis.<\/p>\n<p><strong>A LA C\u00c1RCEL<\/strong><br \/>\nEl Ministerio P\u00fablico llev\u00f3 a juicio a estos cinco imputados, quienes luego de permanecer en prisi\u00f3n preventiva, fueron condenados a penas efectivas de c\u00e1rcel por el delito de tr\u00e1fico de drogas.<br \/>\nEn tanto, esta semana concluy\u00f3 el juicio en contra de los l\u00edderes del tr\u00e1fico de drogas, Accel Rafael y Felipe Sebasti\u00e1n S\u00e1nchez Toro, a quienes se le atribuy\u00f3 su participaci\u00f3n gracias a las grabaciones de las conversaciones telef\u00f3nicas que ejecut\u00f3 el personal especializado de OS7 de Carabineros, pruebas que fueron concluyentes para el Tribunal en asignar una pena de crimen de 10 a\u00f1os por estos delitos.<br \/>\nEl Fiscal Julio Palacios Bobadilla indic\u00f3 a Diario El Trabajo que ambos sujetos mantienen condenas anteriores por delitos similares: \u00abA trav\u00e9s de las escuchas telef\u00f3nicas se comprob\u00f3 que los hermanos S\u00e1nchez Toro encargaron estas drogas, entonces se reunieron todos estos antecedentes para acreditar que estas personas tambi\u00e9n estaban involucradas, se formaliz\u00f3 y finalmente se hizo el juicio oral, siendo condenados. Por cuatro d\u00edas la Polic\u00eda intercept\u00f3 los tel\u00e9fonos celulares de los hermanos S\u00e1nchez Toro, donde quedaron en evidencia las transacciones il\u00edcitas que cometieron estos sujetos con traficantes de la zona norte del pa\u00eds\u00bb.<\/p>\n<p><strong>\u2018ABOGADA DE LOS NARCOS\u2019<\/strong><br \/>\nDurante las audiencias de juicio oral, los hermanos S\u00e1nchez Toro eran defendidos por la autodenominada \u2018Abogada de los Narcos\u2019 y popular farandulera Helhue Sukni, quien pretend\u00eda destronar la tesis de la Fiscal\u00eda tras las pruebas que situaban a los acusados como cabecillas de este importante ingreso de drogas a la provincia de San Felipe.<br \/>\nSin embargo el Fiscal Palacios recalc\u00f3 que \u00aben este caso ellos se contactaron con unas personas en Calama y \u00e9stos reclutaban a otros j\u00f3venes de esta zona para que hicieran el traslado de la droga escondida en maletas, abordando un bus. A trav\u00e9s de las llamadas telef\u00f3nicas se supo que estas personas iban a transportar la droga, donde se hizo el seguimiento desde el norte del pa\u00eds hasta llegar al peaje Las Vegas de Llay LLay\u00bb, cerr\u00f3 el persecutor.<br \/>\nPalacios se mostr\u00f3 conforme con la condena impuesta por el Tribunal Oral en Lo Penal de San Felipe dando t\u00e9rmino a esta minuciosa investigaci\u00f3n a cargo de Carabineros de OS7 de San Felipe, no obstante la Defensor\u00eda de los actuales condenados podr\u00eda recurrir de nulidad durante los pr\u00f3ximos d\u00edas ante la Corte de Apelaciones.<br \/>\n<strong>Pablo Salinas Sald\u00edas<\/strong><\/p>\n<div class=\"tiled-gallery type-rectangular tiled-gallery-unresized\" data-original-width=\"640\" data-carousel-extra='null' itemscope itemtype=\"http:\/\/schema.org\/ImageGallery\" > <div class=\"gallery-row\" style=\"width: 640px; height: 212px;\" data-original-width=\"640\" data-original-height=\"212\" > <div class=\"gallery-group images-1\" style=\"width: 319px; height: 212px;\" data-original-width=\"319\" data-original-height=\"212\" > <div class=\"tiled-gallery-item tiled-gallery-item-large\" itemprop=\"associatedMedia\" itemscope itemtype=\"http:\/\/schema.org\/ImageObject\"> <a href=\"https:\/\/eltrabajo.cl\/portal\/escuchas-telefonicas-permitieron-condenar-a-peligrosos-narcos-de-curimon\/sony-dsc-32\/\" border=\"0\" itemprop=\"url\"> <meta itemprop=\"width\" content=\"315\"> <meta itemprop=\"height\" content=\"208\"> <img decoding=\"async\" class=\"\" data-attachment-id=\"62567\" data-orig-file=\"https:\/\/eltrabajo.cl\/portal\/wp-content\/uploads\/2015\/10\/Droga-OS-7.jpg\" data-orig-size=\"530,350\" data-comments-opened=\"1\" data-image-meta=\"{&quot;aperture&quot;:&quot;0&quot;,&quot;credit&quot;:&quot;&quot;,&quot;camera&quot;:&quot;&quot;,&quot;caption&quot;:&quot;SONY DSC&quot;,&quot;created_timestamp&quot;:&quot;0&quot;,&quot;copyright&quot;:&quot;&quot;,&quot;focal_length&quot;:&quot;0&quot;,&quot;iso&quot;:&quot;0&quot;,&quot;shutter_speed&quot;:&quot;0&quot;,&quot;title&quot;:&quot;SONY DSC&quot;,&quot;orientation&quot;:&quot;0&quot;}\" data-image-title=\"SONY DSC\" data-image-description=\"&lt;p&gt;Los doce kilos de pasta base fueron incautados por los efectivos de OS7 de Carabineros de San Felipe en el peaje Las Vegas de Llay Llay.&lt;\/p&gt; \" data-medium-file=\"https:\/\/i0.wp.com\/eltrabajo.cl\/portal\/wp-content\/uploads\/2015\/10\/Droga-OS-7.jpg?fit=300%2C198&#038;ssl=1\" data-large-file=\"https:\/\/i0.wp.com\/eltrabajo.cl\/portal\/wp-content\/uploads\/2015\/10\/Droga-OS-7.jpg?fit=530%2C350&#038;ssl=1\" src=\"https:\/\/i0.wp.com\/eltrabajo.cl\/portal\/wp-content\/uploads\/2015\/10\/Droga-OS-7.jpg?w=315&#038;h=208&#038;ssl=1\" srcset=\"https:\/\/i0.wp.com\/eltrabajo.cl\/portal\/wp-content\/uploads\/2015\/10\/Droga-OS-7.jpg?w=530&amp;ssl=1 530w, https:\/\/i0.wp.com\/eltrabajo.cl\/portal\/wp-content\/uploads\/2015\/10\/Droga-OS-7.jpg?resize=200%2C132&amp;ssl=1 200w, https:\/\/i0.wp.com\/eltrabajo.cl\/portal\/wp-content\/uploads\/2015\/10\/Droga-OS-7.jpg?resize=300%2C198&amp;ssl=1 300w, https:\/\/i0.wp.com\/eltrabajo.cl\/portal\/wp-content\/uploads\/2015\/10\/Droga-OS-7.jpg?resize=227%2C150&amp;ssl=1 227w, https:\/\/i0.wp.com\/eltrabajo.cl\/portal\/wp-content\/uploads\/2015\/10\/Droga-OS-7.jpg?resize=400%2C264&amp;ssl=1 400w\" width=\"315\" height=\"208\" loading=\"lazy\" data-original-width=\"315\" data-original-height=\"208\" itemprop=\"http:\/\/schema.org\/image\" title=\"SONY DSC\" alt=\"Los doce kilos de pasta base fueron incautados por los efectivos de OS7 de Carabineros de San Felipe en el peaje Las Vegas de Llay Llay.\" style=\"width: 315px; height: 208px;\" \/> <\/a> <div class=\"tiled-gallery-caption\" itemprop=\"caption description\"> Los doce kilos de pasta base fueron incautados por los efectivos de OS7 de Carabineros de San Felipe en el peaje Las Vegas de Llay Llay. <\/div> <\/div> <\/div> <!-- close group --> <div class=\"gallery-group images-1\" style=\"width: 321px; height: 212px;\" data-original-width=\"321\" data-original-height=\"212\" > <div class=\"tiled-gallery-item tiled-gallery-item-large\" itemprop=\"associatedMedia\" itemscope itemtype=\"http:\/\/schema.org\/ImageObject\"> <a href=\"https:\/\/eltrabajo.cl\/portal\/escuchas-telefonicas-permitieron-condenar-a-peligrosos-narcos-de-curimon\/fiscal-julio-palacios-bobadilla\/\" border=\"0\" itemprop=\"url\"> <meta itemprop=\"width\" content=\"317\"> <meta itemprop=\"height\" content=\"208\"> <img decoding=\"async\" class=\"\" data-attachment-id=\"62568\" data-orig-file=\"https:\/\/eltrabajo.cl\/portal\/wp-content\/uploads\/2015\/10\/fiscal-julio-palacios-bobadilla.jpg\" data-orig-size=\"530,348\" data-comments-opened=\"1\" data-image-meta=\"{&quot;aperture&quot;:&quot;0&quot;,&quot;credit&quot;:&quot;&quot;,&quot;camera&quot;:&quot;&quot;,&quot;caption&quot;:&quot;&quot;,&quot;created_timestamp&quot;:&quot;0&quot;,&quot;copyright&quot;:&quot;&quot;,&quot;focal_length&quot;:&quot;0&quot;,&quot;iso&quot;:&quot;0&quot;,&quot;shutter_speed&quot;:&quot;0&quot;,&quot;title&quot;:&quot;&quot;,&quot;orientation&quot;:&quot;0&quot;}\" data-image-title=\"fiscal julio palacios bobadilla\" data-image-description=\"&lt;p&gt;Fiscal Julio Palacios Bobadilla.&lt;\/p&gt; \" data-medium-file=\"https:\/\/i0.wp.com\/eltrabajo.cl\/portal\/wp-content\/uploads\/2015\/10\/fiscal-julio-palacios-bobadilla.jpg?fit=300%2C197&#038;ssl=1\" data-large-file=\"https:\/\/i0.wp.com\/eltrabajo.cl\/portal\/wp-content\/uploads\/2015\/10\/fiscal-julio-palacios-bobadilla.jpg?fit=530%2C348&#038;ssl=1\" src=\"https:\/\/i0.wp.com\/eltrabajo.cl\/portal\/wp-content\/uploads\/2015\/10\/fiscal-julio-palacios-bobadilla.jpg?w=317&#038;h=208&#038;ssl=1\" srcset=\"https:\/\/i0.wp.com\/eltrabajo.cl\/portal\/wp-content\/uploads\/2015\/10\/fiscal-julio-palacios-bobadilla.jpg?w=530&amp;ssl=1 530w, https:\/\/i0.wp.com\/eltrabajo.cl\/portal\/wp-content\/uploads\/2015\/10\/fiscal-julio-palacios-bobadilla.jpg?resize=200%2C131&amp;ssl=1 200w, https:\/\/i0.wp.com\/eltrabajo.cl\/portal\/wp-content\/uploads\/2015\/10\/fiscal-julio-palacios-bobadilla.jpg?resize=300%2C197&amp;ssl=1 300w, https:\/\/i0.wp.com\/eltrabajo.cl\/portal\/wp-content\/uploads\/2015\/10\/fiscal-julio-palacios-bobadilla.jpg?resize=228%2C150&amp;ssl=1 228w, https:\/\/i0.wp.com\/eltrabajo.cl\/portal\/wp-content\/uploads\/2015\/10\/fiscal-julio-palacios-bobadilla.jpg?resize=400%2C263&amp;ssl=1 400w\" width=\"317\" height=\"208\" loading=\"lazy\" data-original-width=\"317\" data-original-height=\"208\" itemprop=\"http:\/\/schema.org\/image\" title=\"fiscal julio palacios bobadilla\" alt=\"Fiscal Julio Palacios Bobadilla.\" style=\"width: 317px; height: 208px;\" \/> <\/a> <div class=\"tiled-gallery-caption\" itemprop=\"caption description\"> Fiscal Julio Palacios Bobadilla. <\/div> <\/div> <\/div> <!-- close group --> <\/div> <!-- close row --> <\/div>\n","protected":false},"excerpt":{"rendered":"<p>Los hermanos Accel Rafael y Felipe Sebasti\u00e1n S\u00e1nchez Toro eran temidos en la localidad de Curim\u00f3n por su conocido curr\u00edculum de traficantes de drogas. Sin embargo gracias a las pericias de OS7&#8230;<\/p>\n","protected":false},"author":482,"featured_media":62566,"comment_status":"open","ping_status":"open","sticky":false,"template":"","format":"standard","meta":{"advanced_seo_description":"","jetpack_seo_html_title":"","jetpack_seo_noindex":false,"_jetpack_memberships_contains_paid_content":false,"footnotes":""},"categories":[21],"tags":[],"class_list":["post-62565","post","type-post","status-publish","format-standard","has-post-thumbnail","hentry","category-policial"],"jetpack_featured_media_url":"https:\/\/i0.wp.com\/eltrabajo.cl\/portal\/wp-content\/uploads\/2015\/10\/accel-y-felipe-sanchez-copia.jpg?fit=530%2C349&ssl=1","jetpack_sharing_enabled":true,"jetpack_likes_enabled":true,"jetpack-related-posts":[],"_links":{"self":[{"href":"https:\/\/eltrabajo.cl\/portal\/wp-json\/wp\/v2\/posts\/62565","targetHints":{"allow":["GET"]}}],"collection":[{"href":"https:\/\/eltrabajo.cl\/portal\/wp-json\/wp\/v2\/posts"}],"about":[{"href":"https:\/\/eltrabajo.cl\/portal\/wp-json\/wp\/v2\/types\/post"}],"author":[{"embeddable":true,"href":"https:\/\/eltrabajo.cl\/portal\/wp-json\/wp\/v2\/users\/482"}],"replies":[{"embeddable":true,"href":"https:\/\/eltrabajo.cl\/portal\/wp-json\/wp\/v2\/comments?post=62565"}],"version-history":[{"count":0,"href":"https:\/\/eltrabajo.cl\/portal\/wp-json\/wp\/v2\/posts\/62565\/revisions"}],"wp:featuredmedia":[{"embeddable":true,"href":"https:\/\/eltrabajo.cl\/portal\/wp-json\/wp\/v2\/media\/62566"}],"wp:attachment":[{"href":"https:\/\/eltrabajo.cl\/portal\/wp-json\/wp\/v2\/media?parent=62565"}],"wp:term":[{"taxonomy":"category","embeddable":true,"href":"https:\/\/eltrabajo.cl\/portal\/wp-json\/wp\/v2\/categories?post=62565"},{"taxonomy":"post_tag","embeddable":true,"href":"https:\/\/eltrabajo.cl\/portal\/wp-json\/wp\/v2\/tags?post=62565"}],"curies":[{"name":"wp","href":"https:\/\/api.w.org\/{rel}","templated":true}]}}