{"id":6257,"date":"2011-11-17T08:54:03","date_gmt":"2011-11-17T12:54:03","guid":{"rendered":"http:\/\/www.eltrabajo.cl\/portal\/?p=6257"},"modified":"2011-11-17T08:54:03","modified_gmt":"2011-11-17T12:54:03","slug":"carabineros-de-quebrada-herrera-visitan-a-pequenos-de-jardin-infantil-millahue","status":"publish","type":"post","link":"https:\/\/eltrabajo.cl\/portal\/carabineros-de-quebrada-herrera-visitan-a-pequenos-de-jardin-infantil-millahue\/","title":{"rendered":"Carabineros de Quebrada Herrera visitan a peque\u00f1os de Jard\u00edn Infantil Millahue"},"content":{"rendered":"<figure id=\"attachment_6259\" aria-describedby=\"caption-attachment-6259\" style=\"width: 600px\" class=\"wp-caption alignnone\"><a href=\"http:\/\/www.eltrabajo.cl\/portal\/archives\/6257\/visita-jardin-infantil-por-carabineros-qda-herrera-1\" rel=\"attachment wp-att-6259\"><img data-recalc-dims=\"1\" loading=\"lazy\" decoding=\"async\" class=\"size-full wp-image-6259\" title=\"visita jardin infantil por carabineros qda herrera (1)\" src=\"https:\/\/i0.wp.com\/www.eltrabajo.cl\/portal\/wp-content\/uploads\/2011\/11\/visita-jardin-infantil-por-carabineros-qda-herrera-1.jpg?resize=600%2C450\" alt=\"\" width=\"600\" height=\"450\" srcset=\"https:\/\/i0.wp.com\/eltrabajo.cl\/portal\/wp-content\/uploads\/2011\/11\/visita-jardin-infantil-por-carabineros-qda-herrera-1.jpg?w=600&amp;ssl=1 600w, https:\/\/i0.wp.com\/eltrabajo.cl\/portal\/wp-content\/uploads\/2011\/11\/visita-jardin-infantil-por-carabineros-qda-herrera-1.jpg?resize=200%2C150&amp;ssl=1 200w, https:\/\/i0.wp.com\/eltrabajo.cl\/portal\/wp-content\/uploads\/2011\/11\/visita-jardin-infantil-por-carabineros-qda-herrera-1.jpg?resize=300%2C225&amp;ssl=1 300w, https:\/\/i0.wp.com\/eltrabajo.cl\/portal\/wp-content\/uploads\/2011\/11\/visita-jardin-infantil-por-carabineros-qda-herrera-1.jpg?resize=150%2C112&amp;ssl=1 150w, https:\/\/i0.wp.com\/eltrabajo.cl\/portal\/wp-content\/uploads\/2011\/11\/visita-jardin-infantil-por-carabineros-qda-herrera-1.jpg?resize=400%2C300&amp;ssl=1 400w\" sizes=\"auto, (max-width: 600px) 100vw, 600px\" \/><\/a><figcaption id=\"caption-attachment-6259\" class=\"wp-caption-text\">Las t\u00edas del Jard\u00edn Infantil Millahue agradecieron a los funcionarios por su constante preocupaci\u00f3n por la comunidad.<\/figcaption><\/figure>\n<p><strong>PUTAENDO.-<\/strong> Personal de Carabineros de Quebrada Herrera visitaron, compartieron y entregaron dulces a los peque\u00f1os del Jard\u00edn Infantil Millahue, ubicado en el sector.<\/p>\n<p>La invitaci\u00f3n fue extendida por la Directora del jard\u00edn infantil, Johana Cuevas, quien invit\u00f3 a los efectivos policiales para que los peque\u00f1os del establecimiento fueran conociendo las distintas vocaciones de servicio y trabajo que existen en la vida, por lo que consider\u00f3 oportuna la visita de los efectivos policiales.<\/p>\n<p>Fue as\u00ed como la ma\u00f1ana de este mi\u00e9rcoles personal policial al mando del jefe de destacamento, Suboficial Erich Palma Bassi, llegaron a compartir con los peque\u00f1os del establecimiento, a quienes adem\u00e1s les entregaron una importante cantidad de dulces que fueron muy bien recibidos por los peque\u00f1os, ocasi\u00f3n donde los efectivos policiales se encargaron de conversar con los ni\u00f1os y ni\u00f1as que conforman el jard\u00edn infantil, entreg\u00e1ndoles de una manera did\u00e1ctica y acorde a sus edades algunas recomendaciones que los peque\u00f1os lograron entender, realizando tambi\u00e9n ellos mismos algunas consultas a los efectivos policiales.<\/p>\n<p>Para la Directora del Jard\u00edn Infantil Millahue, fue una jornada de mucho provecho, pues los m\u00e1s peque\u00f1os pudieron compartir detenidamente con carabineros, destacando la disposici\u00f3n de los efectivos policiales, ocasi\u00f3n en que aprovech\u00f3 de agradecer p\u00fablicamente la preocupaci\u00f3n cotidiana que tienen todos los carabineros de Quebrada Herrrera, quienes diariamente pasan por el jard\u00edn consultando si las t\u00edas o los padres de los menores necesitan algo relacionado con la instituci\u00f3n, lo que agradeci\u00f3 enormemente, pues agreg\u00f3 que sent\u00edan el apoyo de carabineros, y como parte de la comunidad era bueno destacar que un ret\u00e9n tan peque\u00f1o se preocupara tanto de los vecinos y de las instituciones que conforman la localidad de Quebrada Herrera.<\/p>\n<p><strong>Patricio Gallardo M.<\/strong><\/p>\n","protected":false},"excerpt":{"rendered":"<p>PUTAENDO.- Personal de Carabineros de Quebrada Herrera visitaron, compartieron y entregaron dulces a los peque\u00f1os del Jard\u00edn Infantil Millahue, ubicado en el sector. La invitaci\u00f3n fue extendida por la Directora del jard\u00edn&#8230;<\/p>\n","protected":false},"author":482,"featured_media":6258,"comment_status":"open","ping_status":"open","sticky":false,"template":"","format":"standard","meta":{"advanced_seo_description":"","jetpack_seo_html_title":"","jetpack_seo_noindex":false,"_jetpack_memberships_contains_paid_content":false,"footnotes":""},"categories":[15],"tags":[],"class_list":["post-6257","post","type-post","status-publish","format-standard","has-post-thumbnail","hentry","category-comunidad"],"jetpack_featured_media_url":"https:\/\/i0.wp.com\/eltrabajo.cl\/portal\/wp-content\/uploads\/2011\/11\/visita-jardin-infantil-por-carabineros-qda-herrera-4.jpg?fit=600%2C450&ssl=1","jetpack_sharing_enabled":true,"jetpack_likes_enabled":true,"jetpack-related-posts":[],"_links":{"self":[{"href":"https:\/\/eltrabajo.cl\/portal\/wp-json\/wp\/v2\/posts\/6257","targetHints":{"allow":["GET"]}}],"collection":[{"href":"https:\/\/eltrabajo.cl\/portal\/wp-json\/wp\/v2\/posts"}],"about":[{"href":"https:\/\/eltrabajo.cl\/portal\/wp-json\/wp\/v2\/types\/post"}],"author":[{"embeddable":true,"href":"https:\/\/eltrabajo.cl\/portal\/wp-json\/wp\/v2\/users\/482"}],"replies":[{"embeddable":true,"href":"https:\/\/eltrabajo.cl\/portal\/wp-json\/wp\/v2\/comments?post=6257"}],"version-history":[{"count":0,"href":"https:\/\/eltrabajo.cl\/portal\/wp-json\/wp\/v2\/posts\/6257\/revisions"}],"wp:featuredmedia":[{"embeddable":true,"href":"https:\/\/eltrabajo.cl\/portal\/wp-json\/wp\/v2\/media\/6258"}],"wp:attachment":[{"href":"https:\/\/eltrabajo.cl\/portal\/wp-json\/wp\/v2\/media?parent=6257"}],"wp:term":[{"taxonomy":"category","embeddable":true,"href":"https:\/\/eltrabajo.cl\/portal\/wp-json\/wp\/v2\/categories?post=6257"},{"taxonomy":"post_tag","embeddable":true,"href":"https:\/\/eltrabajo.cl\/portal\/wp-json\/wp\/v2\/tags?post=6257"}],"curies":[{"name":"wp","href":"https:\/\/api.w.org\/{rel}","templated":true}]}}