{"id":62571,"date":"2015-10-02T09:49:44","date_gmt":"2015-10-02T12:49:44","guid":{"rendered":"http:\/\/www.eltrabajo.cl\/portal\/?p=62571"},"modified":"2015-10-02T09:49:44","modified_gmt":"2015-10-02T12:49:44","slug":"hasta-presidio-perpetuo-podria-ser-condenada-mujer-que-asesino-a-su-hijo","status":"publish","type":"post","link":"https:\/\/eltrabajo.cl\/portal\/hasta-presidio-perpetuo-podria-ser-condenada-mujer-que-asesino-a-su-hijo\/","title":{"rendered":"Hasta presidio perpetuo podr\u00eda ser condenada mujer que asesin\u00f3 a su hijo"},"content":{"rendered":"<figure id=\"attachment_62572\" aria-describedby=\"caption-attachment-62572\" style=\"width: 300px\" class=\"wp-caption alignleft\"><a href=\"https:\/\/i0.wp.com\/www.eltrabajo.cl\/portal\/wp-content\/uploads\/2015\/10\/MADRE-E-HIJO1.jpg\"><img data-recalc-dims=\"1\" loading=\"lazy\" decoding=\"async\" class=\"wp-image-62572 size-medium\" src=\"https:\/\/i0.wp.com\/www.eltrabajo.cl\/portal\/wp-content\/uploads\/2015\/10\/MADRE-E-HIJO1-300x197.jpg?resize=300%2C197\" alt=\"Miriam Chac\u00f3n Hasler ser\u00e1 formalizada el d\u00eda de ma\u00f1ana  por el parricidio de su peque\u00f1o hijo que aparece en esta fotograf\u00eda.  De acuerdo al C\u00f3digo Penal las penas asignadas por este delito parten desde los 15 a\u00f1os de c\u00e1rcel hasta presidio perpetuo calificado.\" width=\"300\" height=\"197\" srcset=\"https:\/\/i0.wp.com\/eltrabajo.cl\/portal\/wp-content\/uploads\/2015\/10\/MADRE-E-HIJO1.jpg?resize=300%2C197&amp;ssl=1 300w, https:\/\/i0.wp.com\/eltrabajo.cl\/portal\/wp-content\/uploads\/2015\/10\/MADRE-E-HIJO1.jpg?resize=200%2C131&amp;ssl=1 200w, https:\/\/i0.wp.com\/eltrabajo.cl\/portal\/wp-content\/uploads\/2015\/10\/MADRE-E-HIJO1.jpg?resize=228%2C150&amp;ssl=1 228w, https:\/\/i0.wp.com\/eltrabajo.cl\/portal\/wp-content\/uploads\/2015\/10\/MADRE-E-HIJO1.jpg?resize=400%2C263&amp;ssl=1 400w, https:\/\/i0.wp.com\/eltrabajo.cl\/portal\/wp-content\/uploads\/2015\/10\/MADRE-E-HIJO1.jpg?w=530&amp;ssl=1 530w\" sizes=\"auto, (max-width: 300px) 100vw, 300px\" \/><\/a><figcaption id=\"caption-attachment-62572\" class=\"wp-caption-text\">Miriam Chac\u00f3n Hasler ser\u00e1 formalizada el d\u00eda de ma\u00f1ana por el parricidio de su peque\u00f1o hijo que aparece en esta fotograf\u00eda. De acuerdo al C\u00f3digo Penal las penas asignadas por este delito parten desde los 15 a\u00f1os de c\u00e1rcel hasta presidio perpetuo calificado.<\/figcaption><\/figure>\n<ul>\n<li><strong>De acuerdo al \u00faltimo diagn\u00f3stico m\u00e9dico, Miriam Ver\u00f3nica Chac\u00f3n Hasler est\u00e1 internada en la UCI del Hospital San Camilo, se encuentra estable y sin riesgo vital dentro de su gravedad tras la ingesta de f\u00e1rmacos, siendo formalizada por el asesinato de su hijo de 5 a\u00f1os Juan Pablo Ahumada.<\/strong><\/li>\n<\/ul>\n<p>A las 11 horas de ma\u00f1ana s\u00e1bado la Fiscal\u00eda formalizar\u00e1 a Miriam Chac\u00f3n Hasler, por el delito de parricidio de su peque\u00f1o hijo de 5 a\u00f1os de edad, quien perdi\u00f3 la vida luego de haber sido envenenado con altas dosis de medicamentos y posteriormente estrangulado, seg\u00fan las primeras hip\u00f3tesis policiales.<br \/>\nDe acuerdo a lo establecido en el C\u00f3digo Penal vigente en nuestro pa\u00eds, las penas asignadas por el delito de parricidio parten desde los 15 a\u00f1os hasta Presidio Perpetuo Calificado, tramos a los cuales la imputada podr\u00eda ser condenada mediante la realizaci\u00f3n de un juicio.<br \/>\nMiriam Chac\u00f3n Hasler ingres\u00f3 hasta el servicio de urgencias del Hospital San Camilo en estado grave el pasado mi\u00e9rcoles, lugar donde se le practicaron mecanismos de reanimaci\u00f3n tras la ingesta indeterminada de medicamentos con el prop\u00f3sito de acabar con su vida.<br \/>\nCon el correr de las horas, la mujer logr\u00f3 ser estabilizada por los m\u00e9dicos, debiendo ser trasladada hasta la Unidad de Cuidados Intensivos de ese centro hospitalario, donde permanece estable dentro de su gravedad y custodiada por efectivos policiales, en calidad de detenida por el homicidio de su hijo.<br \/>\nComo se recordar\u00e1, esta horrible y escalofriante tragedia se descubri\u00f3 cuando una sobrina concurri\u00f3 hasta el inmueble de propiedad de Miriam Chac\u00f3n Hasler, quien se encontraba agonizando en el suelo del dormitorio junto a su peque\u00f1o hijo Juan Pablo. Sin embargo, el menor ya se encontraba sin vida tras la aparente ingesta de medicamentos y posterior estrangulamiento de manos de su madre.<br \/>\nFamiliares, amigos y cercanos de Miriam a\u00fan no dan cr\u00e9dito a los hechos que culminaron con el homicidio del menor.<br \/>\nEstas fatales determinaciones se deber\u00edan a aparentes estados depresivos que pesaron sobre la mujer, como la p\u00e9rdida de su madre, abuela y una t\u00eda quienes fallecieron poco tiempo atr\u00e1s.<br \/>\nAdem\u00e1s, exist\u00edan conflictos con el padre de su hijo por demandas de pensiones alimenticias, deudas econ\u00f3micas y problemas de autoestima, los que habr\u00edan aumentado la inestabilidad emocional de Miriam, la que algunos usan para justificar estas graves y penosas consecuencias que concluyeron tr\u00e1gicamente con la p\u00e9rdida de la vida de un ni\u00f1o de 5 a\u00f1os.<br \/>\nLa Fiscal\u00eda ampli\u00f3 la detenci\u00f3n de la imputada hasta ma\u00f1ana s\u00e1bado para ser formalizada en el hospital San Camilo, instancia donde se requerir\u00e1 ante el Juez la cautelar de prisi\u00f3n preventiva.<br \/>\n<strong>Pablo Salinas Sald\u00edas<\/strong><\/p>\n","protected":false},"excerpt":{"rendered":"<p>De acuerdo al \u00faltimo diagn\u00f3stico m\u00e9dico, Miriam Ver\u00f3nica Chac\u00f3n Hasler est\u00e1 internada en la UCI del Hospital San Camilo, se encuentra estable y sin riesgo vital dentro de su gravedad tras la&#8230;<\/p>\n","protected":false},"author":482,"featured_media":62572,"comment_status":"open","ping_status":"open","sticky":false,"template":"","format":"standard","meta":{"advanced_seo_description":"","jetpack_seo_html_title":"","jetpack_seo_noindex":false,"_jetpack_memberships_contains_paid_content":false,"footnotes":""},"categories":[21],"tags":[],"class_list":["post-62571","post","type-post","status-publish","format-standard","has-post-thumbnail","hentry","category-policial"],"jetpack_featured_media_url":"https:\/\/i0.wp.com\/eltrabajo.cl\/portal\/wp-content\/uploads\/2015\/10\/MADRE-E-HIJO1.jpg?fit=530%2C348&ssl=1","jetpack_sharing_enabled":true,"jetpack_likes_enabled":true,"jetpack-related-posts":[],"_links":{"self":[{"href":"https:\/\/eltrabajo.cl\/portal\/wp-json\/wp\/v2\/posts\/62571","targetHints":{"allow":["GET"]}}],"collection":[{"href":"https:\/\/eltrabajo.cl\/portal\/wp-json\/wp\/v2\/posts"}],"about":[{"href":"https:\/\/eltrabajo.cl\/portal\/wp-json\/wp\/v2\/types\/post"}],"author":[{"embeddable":true,"href":"https:\/\/eltrabajo.cl\/portal\/wp-json\/wp\/v2\/users\/482"}],"replies":[{"embeddable":true,"href":"https:\/\/eltrabajo.cl\/portal\/wp-json\/wp\/v2\/comments?post=62571"}],"version-history":[{"count":0,"href":"https:\/\/eltrabajo.cl\/portal\/wp-json\/wp\/v2\/posts\/62571\/revisions"}],"wp:featuredmedia":[{"embeddable":true,"href":"https:\/\/eltrabajo.cl\/portal\/wp-json\/wp\/v2\/media\/62572"}],"wp:attachment":[{"href":"https:\/\/eltrabajo.cl\/portal\/wp-json\/wp\/v2\/media?parent=62571"}],"wp:term":[{"taxonomy":"category","embeddable":true,"href":"https:\/\/eltrabajo.cl\/portal\/wp-json\/wp\/v2\/categories?post=62571"},{"taxonomy":"post_tag","embeddable":true,"href":"https:\/\/eltrabajo.cl\/portal\/wp-json\/wp\/v2\/tags?post=62571"}],"curies":[{"name":"wp","href":"https:\/\/api.w.org\/{rel}","templated":true}]}}