{"id":62581,"date":"2015-10-05T09:06:46","date_gmt":"2015-10-05T12:06:46","guid":{"rendered":"http:\/\/www.eltrabajo.cl\/portal\/?p=62581"},"modified":"2015-10-05T09:06:46","modified_gmt":"2015-10-05T12:06:46","slug":"comunidad-educativa-realiza-microcentro-en-escuela-la-higuera","status":"publish","type":"post","link":"https:\/\/eltrabajo.cl\/portal\/comunidad-educativa-realiza-microcentro-en-escuela-la-higuera\/","title":{"rendered":"Comunidad educativa realiza Microcentro en Escuela La Higuera"},"content":{"rendered":"<figure id=\"attachment_62582\" aria-describedby=\"caption-attachment-62582\" style=\"width: 300px\" class=\"wp-caption alignleft\"><a href=\"https:\/\/i0.wp.com\/www.eltrabajo.cl\/portal\/wp-content\/uploads\/2015\/10\/Higuera1.jpg\"><img data-recalc-dims=\"1\" loading=\"lazy\" decoding=\"async\" class=\"wp-image-62582 size-medium\" src=\"https:\/\/i0.wp.com\/www.eltrabajo.cl\/portal\/wp-content\/uploads\/2015\/10\/Higuera1-300x198.jpg?resize=300%2C198\" alt=\"MICROCENTRO.- En la Escuela La Higuera de Santa Mar\u00eda se realiz\u00f3 el viernes 25 de septiembre, la 2\u00aa Jornada Escuela y Familia.     \" width=\"300\" height=\"198\" srcset=\"https:\/\/i0.wp.com\/eltrabajo.cl\/portal\/wp-content\/uploads\/2015\/10\/Higuera1.jpg?resize=300%2C198&amp;ssl=1 300w, https:\/\/i0.wp.com\/eltrabajo.cl\/portal\/wp-content\/uploads\/2015\/10\/Higuera1.jpg?resize=200%2C132&amp;ssl=1 200w, https:\/\/i0.wp.com\/eltrabajo.cl\/portal\/wp-content\/uploads\/2015\/10\/Higuera1.jpg?resize=228%2C150&amp;ssl=1 228w, https:\/\/i0.wp.com\/eltrabajo.cl\/portal\/wp-content\/uploads\/2015\/10\/Higuera1.jpg?resize=400%2C263&amp;ssl=1 400w, https:\/\/i0.wp.com\/eltrabajo.cl\/portal\/wp-content\/uploads\/2015\/10\/Higuera1.jpg?w=530&amp;ssl=1 530w\" sizes=\"auto, (max-width: 300px) 100vw, 300px\" \/><\/a><figcaption id=\"caption-attachment-62582\" class=\"wp-caption-text\">MICROCENTRO.- En la Escuela La Higuera de Santa Mar\u00eda se realiz\u00f3 el viernes 25 de septiembre, la 2\u00aa Jornada Escuela y Familia.<\/figcaption><\/figure>\n<p>En la Escuela La Higuera de Santa Mar\u00eda se realiz\u00f3 el viernes 25 de septiembre, la 2\u00aa Jornada Escuela y Familia, que organizan los docentes del Microcentro Santa Mar\u00eda. Seg\u00fan coment\u00f3 a Diario El Trabajo la directora del centro educativo, Nelly Antim\u00e1n Bello, \u00abqu\u00e9 dicha, esta jornada se realiz\u00f3 con la participaci\u00f3n de las cuatro escuelas rurales que conforman el Microcentro de Santa Mar\u00eda: Escuela Julio Tejedor Z\u00fa\u00f1iga de Jahuelito; Escuela Santa Filomena; Escuela Aurora Velasco de Las Cabras y Escuela La Higuera\u00bb.<br \/>\nPor segundo a\u00f1o consecutivo se invit\u00f3 a un grupo de diez apoderados de cada establecimiento, para interiorizarse de las problem\u00e1ticas que presentan los alumnos en su desempe\u00f1o escolar, para que ellos como agentes base de su formaci\u00f3n y de apoyo a los docentes, internalicen formas de acompa\u00f1ar a sus hijos en el proceso educativo.<br \/>\n\u00abEsta vez la charla estuvo a cargo del psic\u00f3logo Benjam\u00edn Olgu\u00edn C\u00e1ceres, quien expuso e hizo participar y compartir a todos (apoderados y docentes) en relaci\u00f3n a c\u00f3mo afecta la tecnolog\u00eda en las relaciones sociales y comunicativas de nuestros ni\u00f1os y j\u00f3venes en la actualidad\u00bb, agreg\u00f3 Antim\u00e1n.<br \/>\nSe hizo presente durante la jornada y para apoyar esta iniciativa, el alcalde Claudio Zurita Ibarra y algunos de sus concejales. Con actividades como esta se confirma que la educaci\u00f3n necesita de todos los integrantes que conforman una comunidad escolar (alumnos, padres apoderados y profesores), para lograr m\u00e1s y mejores resultados, no s\u00f3lo a nivel acad\u00e9mico sino tambi\u00e9n en la formaci\u00f3n integral de personas de bien para la sociedad que deseamos.<\/p>\n","protected":false},"excerpt":{"rendered":"<p>En la Escuela La Higuera de Santa Mar\u00eda se realiz\u00f3 el viernes 25 de septiembre, la 2\u00aa Jornada Escuela y Familia, que organizan los docentes del Microcentro Santa Mar\u00eda. Seg\u00fan coment\u00f3 a&#8230;<\/p>\n","protected":false},"author":482,"featured_media":62582,"comment_status":"open","ping_status":"open","sticky":false,"template":"","format":"standard","meta":{"advanced_seo_description":"","jetpack_seo_html_title":"","jetpack_seo_noindex":false,"_jetpack_memberships_contains_paid_content":false,"footnotes":""},"categories":[15],"tags":[],"class_list":["post-62581","post","type-post","status-publish","format-standard","has-post-thumbnail","hentry","category-comunidad"],"jetpack_featured_media_url":"https:\/\/i0.wp.com\/eltrabajo.cl\/portal\/wp-content\/uploads\/2015\/10\/Higuera1.jpg?fit=530%2C349&ssl=1","jetpack_sharing_enabled":true,"jetpack_likes_enabled":true,"jetpack-related-posts":[],"_links":{"self":[{"href":"https:\/\/eltrabajo.cl\/portal\/wp-json\/wp\/v2\/posts\/62581","targetHints":{"allow":["GET"]}}],"collection":[{"href":"https:\/\/eltrabajo.cl\/portal\/wp-json\/wp\/v2\/posts"}],"about":[{"href":"https:\/\/eltrabajo.cl\/portal\/wp-json\/wp\/v2\/types\/post"}],"author":[{"embeddable":true,"href":"https:\/\/eltrabajo.cl\/portal\/wp-json\/wp\/v2\/users\/482"}],"replies":[{"embeddable":true,"href":"https:\/\/eltrabajo.cl\/portal\/wp-json\/wp\/v2\/comments?post=62581"}],"version-history":[{"count":0,"href":"https:\/\/eltrabajo.cl\/portal\/wp-json\/wp\/v2\/posts\/62581\/revisions"}],"wp:featuredmedia":[{"embeddable":true,"href":"https:\/\/eltrabajo.cl\/portal\/wp-json\/wp\/v2\/media\/62582"}],"wp:attachment":[{"href":"https:\/\/eltrabajo.cl\/portal\/wp-json\/wp\/v2\/media?parent=62581"}],"wp:term":[{"taxonomy":"category","embeddable":true,"href":"https:\/\/eltrabajo.cl\/portal\/wp-json\/wp\/v2\/categories?post=62581"},{"taxonomy":"post_tag","embeddable":true,"href":"https:\/\/eltrabajo.cl\/portal\/wp-json\/wp\/v2\/tags?post=62581"}],"curies":[{"name":"wp","href":"https:\/\/api.w.org\/{rel}","templated":true}]}}