{"id":62603,"date":"2015-10-05T09:22:32","date_gmt":"2015-10-05T12:22:32","guid":{"rendered":"http:\/\/www.eltrabajo.cl\/portal\/?p=62603"},"modified":"2015-10-05T09:22:59","modified_gmt":"2015-10-05T12:22:59","slug":"autoridades-se-reunen-para-socializar-proyecto-de-ley-de-presupuesto-2016","status":"publish","type":"post","link":"https:\/\/eltrabajo.cl\/portal\/autoridades-se-reunen-para-socializar-proyecto-de-ley-de-presupuesto-2016\/","title":{"rendered":"Autoridades se re\u00fanen para socializar Proyecto de Ley de Presupuesto 2016"},"content":{"rendered":"<figure id=\"attachment_62604\" aria-describedby=\"caption-attachment-62604\" style=\"width: 300px\" class=\"wp-caption alignleft\"><a href=\"https:\/\/i0.wp.com\/www.eltrabajo.cl\/portal\/wp-content\/uploads\/2015\/10\/Reunion-ministro-cultura-y-gobernador.jpg\"><img data-recalc-dims=\"1\" loading=\"lazy\" decoding=\"async\" class=\"wp-image-62604 size-medium\" src=\"https:\/\/i0.wp.com\/www.eltrabajo.cl\/portal\/wp-content\/uploads\/2015\/10\/Reunion-ministro-cultura-y-gobernador-300x198.jpg?resize=300%2C198\" alt=\"Reuni\u00f3n Ministro Cultura Ernesto Ottone y Gobernador Eduardo Le\u00f3n se reunieron con adultos mayores para socializar el Proyecto de Ley de Presupuesto 2016,\" width=\"300\" height=\"198\" srcset=\"https:\/\/i0.wp.com\/eltrabajo.cl\/portal\/wp-content\/uploads\/2015\/10\/Reunion-ministro-cultura-y-gobernador.jpg?resize=300%2C198&amp;ssl=1 300w, https:\/\/i0.wp.com\/eltrabajo.cl\/portal\/wp-content\/uploads\/2015\/10\/Reunion-ministro-cultura-y-gobernador.jpg?resize=200%2C132&amp;ssl=1 200w, https:\/\/i0.wp.com\/eltrabajo.cl\/portal\/wp-content\/uploads\/2015\/10\/Reunion-ministro-cultura-y-gobernador.jpg?resize=227%2C150&amp;ssl=1 227w, https:\/\/i0.wp.com\/eltrabajo.cl\/portal\/wp-content\/uploads\/2015\/10\/Reunion-ministro-cultura-y-gobernador.jpg?resize=400%2C264&amp;ssl=1 400w, https:\/\/i0.wp.com\/eltrabajo.cl\/portal\/wp-content\/uploads\/2015\/10\/Reunion-ministro-cultura-y-gobernador.jpg?w=530&amp;ssl=1 530w\" sizes=\"auto, (max-width: 300px) 100vw, 300px\" \/><\/a><figcaption id=\"caption-attachment-62604\" class=\"wp-caption-text\">Reuni\u00f3n Ministro Cultura Ernesto Ottone y Gobernador Eduardo Le\u00f3n se reunieron con adultos mayores para socializar el Proyecto de Ley de Presupuesto 2016,<\/figcaption><\/figure>\n<ul>\n<li><strong>El Gobernador y el Ministro de Cultura, reunieron con adultos mayores y la comunidad Mapuche Pehuenche de Santa Mar\u00eda para abordar este importante proyecto del Gobierno de la Presidenta Bachelet.<\/strong><\/li>\n<\/ul>\n<p>El Ministro de Cultura, Ernesto Ottone, lleg\u00f3 hasta la Provincia de San Felipe para difundir, en conjunto con el Gobernador Eduardo Le\u00f3n y la Directora Regional de su cartera, N\u00e9lida Pozo, el nuevo Proyecto de Ley de Presupuesto para el 2016.<br \/>\nEl lugar escogido fue el taller de Educaci\u00f3n Financiera enfocado en adultos mayores, organizado por la Gobernaci\u00f3n de San Felipe, Senama y la Superintendencia de Bancos e Instituciones Financieras (SBIF), que cont\u00f3 con amplia participaci\u00f3n.<br \/>\nEn la cita, informaron que de aprobarse este proyecto de ley, que est\u00e1 siendo impulsado por el Gobierno de la Presidenta Bachelet, significar\u00eda una crecimiento de 4,4% respecto del presupuesto del a\u00f1o anterior, y se enfocar\u00eda en materias tan sensibles como: Reconstrucci\u00f3n, Educaci\u00f3n, Salud, Deporte y Cultura, Emprendimiento y econom\u00eda, Protecci\u00f3n Social y Seguridad.<br \/>\nAnte esto, Ottone manifest\u00f3 que \u201ceste este es un Presupuesto pensado en la familia, pensado en los temas que a las personas les importan. Entre los que destacan, tal como lo anunci\u00f3 la Presidenta, que uno de cada 4 pesos ir\u00e1 destinado a Educaci\u00f3n y es ah\u00ed donde est\u00e1 puesto el foco. Lo que queremos es reforzar la seguridad, la salud y mantener las grandes obras de inversi\u00f3n y reactivar la econom\u00eda que es fundamental para tener mayores ingresos, los que permitir\u00e1n un desarrollo arm\u00f3nico de las Reformas llevadas a cabo por el Gobierno\u201d, puntualiz\u00f3 el Presidente del CNCA.<br \/>\nPor su parte, el Gobernador Eduardo Le\u00f3n reiter\u00f3 la importancia de socializar estas iniciativas con la comunidad, ya que es necesario conocer la opini\u00f3n de la gente. \u201cNosotros tenemos como costumbre realizar estos Gobiernos en terreno, poder conversar con la gente y poder resolver dudas. Todos saben que se plante\u00f3 un presupuesto responsable con la situaci\u00f3n financiera, sabemos lo que pasa con China y el precio del cobre, pero tenemos prioridades como Salud y Educaci\u00f3n pero tambi\u00e9n Seguridad: El presupuesto de carabineros aumenta en un 4,5% el de PDI en 5% y seguimos con el compromiso de la Presidenta de aumentar las plantas de las polic\u00edas, que es prioridad para la gente\u201d, sostuvo la m\u00e1xima autoridad provincial.<br \/>\nFinalmente, la visita de la autoridad finaliz\u00f3 en Santa Mar\u00eda, donde arribaron hasta la ruca de la comunidad Mapuche Pehuenche, participando de un interesante encuentro Provincial en que se destac\u00f3 el rol de las mujeres ind\u00edgenas en las culturas ancestrales.<\/p>\n","protected":false},"excerpt":{"rendered":"<p>El Gobernador y el Ministro de Cultura, reunieron con adultos mayores y la comunidad Mapuche Pehuenche de Santa Mar\u00eda para abordar este importante proyecto del Gobierno de la Presidenta Bachelet. El Ministro&#8230;<\/p>\n","protected":false},"author":482,"featured_media":62604,"comment_status":"open","ping_status":"open","sticky":false,"template":"","format":"standard","meta":{"advanced_seo_description":"","jetpack_seo_html_title":"","jetpack_seo_noindex":false,"_jetpack_memberships_contains_paid_content":false,"footnotes":""},"categories":[1],"tags":[],"class_list":["post-62603","post","type-post","status-publish","format-standard","has-post-thumbnail","hentry","category-cronica"],"jetpack_featured_media_url":"https:\/\/i0.wp.com\/eltrabajo.cl\/portal\/wp-content\/uploads\/2015\/10\/Reunion-ministro-cultura-y-gobernador.jpg?fit=530%2C350&ssl=1","jetpack_sharing_enabled":true,"jetpack_likes_enabled":true,"jetpack-related-posts":[],"_links":{"self":[{"href":"https:\/\/eltrabajo.cl\/portal\/wp-json\/wp\/v2\/posts\/62603","targetHints":{"allow":["GET"]}}],"collection":[{"href":"https:\/\/eltrabajo.cl\/portal\/wp-json\/wp\/v2\/posts"}],"about":[{"href":"https:\/\/eltrabajo.cl\/portal\/wp-json\/wp\/v2\/types\/post"}],"author":[{"embeddable":true,"href":"https:\/\/eltrabajo.cl\/portal\/wp-json\/wp\/v2\/users\/482"}],"replies":[{"embeddable":true,"href":"https:\/\/eltrabajo.cl\/portal\/wp-json\/wp\/v2\/comments?post=62603"}],"version-history":[{"count":0,"href":"https:\/\/eltrabajo.cl\/portal\/wp-json\/wp\/v2\/posts\/62603\/revisions"}],"wp:featuredmedia":[{"embeddable":true,"href":"https:\/\/eltrabajo.cl\/portal\/wp-json\/wp\/v2\/media\/62604"}],"wp:attachment":[{"href":"https:\/\/eltrabajo.cl\/portal\/wp-json\/wp\/v2\/media?parent=62603"}],"wp:term":[{"taxonomy":"category","embeddable":true,"href":"https:\/\/eltrabajo.cl\/portal\/wp-json\/wp\/v2\/categories?post=62603"},{"taxonomy":"post_tag","embeddable":true,"href":"https:\/\/eltrabajo.cl\/portal\/wp-json\/wp\/v2\/tags?post=62603"}],"curies":[{"name":"wp","href":"https:\/\/api.w.org\/{rel}","templated":true}]}}