{"id":62610,"date":"2015-10-05T09:28:10","date_gmt":"2015-10-05T12:28:10","guid":{"rendered":"http:\/\/www.eltrabajo.cl\/portal\/?p=62610"},"modified":"2015-10-05T09:28:10","modified_gmt":"2015-10-05T12:28:10","slug":"capturan-a-delincuente-habitual-tras-perpetrar-robo-en-una-amasanderia","status":"publish","type":"post","link":"https:\/\/eltrabajo.cl\/portal\/capturan-a-delincuente-habitual-tras-perpetrar-robo-en-una-amasanderia\/","title":{"rendered":"Capturan a delincuente habitual tras perpetrar robo en una amasander\u00eda"},"content":{"rendered":"<figure id=\"attachment_62611\" aria-describedby=\"caption-attachment-62611\" style=\"width: 300px\" class=\"wp-caption alignleft\"><a href=\"https:\/\/i0.wp.com\/www.eltrabajo.cl\/portal\/wp-content\/uploads\/2015\/10\/Robo-amasanderia.jpg\"><img data-recalc-dims=\"1\" loading=\"lazy\" decoding=\"async\" class=\"wp-image-62611 size-medium\" src=\"https:\/\/i0.wp.com\/www.eltrabajo.cl\/portal\/wp-content\/uploads\/2015\/10\/Robo-amasanderia-300x197.jpg?resize=300%2C197\" alt=\"El delincuente de 19 a\u00f1os qued\u00f3 en libertad a la espera de la audiencia por el delito de robo en lugar no habitado. \" width=\"300\" height=\"197\" srcset=\"https:\/\/i0.wp.com\/eltrabajo.cl\/portal\/wp-content\/uploads\/2015\/10\/Robo-amasanderia.jpg?resize=300%2C197&amp;ssl=1 300w, https:\/\/i0.wp.com\/eltrabajo.cl\/portal\/wp-content\/uploads\/2015\/10\/Robo-amasanderia.jpg?resize=200%2C131&amp;ssl=1 200w, https:\/\/i0.wp.com\/eltrabajo.cl\/portal\/wp-content\/uploads\/2015\/10\/Robo-amasanderia.jpg?resize=228%2C150&amp;ssl=1 228w, https:\/\/i0.wp.com\/eltrabajo.cl\/portal\/wp-content\/uploads\/2015\/10\/Robo-amasanderia.jpg?resize=400%2C263&amp;ssl=1 400w, https:\/\/i0.wp.com\/eltrabajo.cl\/portal\/wp-content\/uploads\/2015\/10\/Robo-amasanderia.jpg?w=530&amp;ssl=1 530w\" sizes=\"auto, (max-width: 300px) 100vw, 300px\" \/><\/a><figcaption id=\"caption-attachment-62611\" class=\"wp-caption-text\">El delincuente de 19 a\u00f1os qued\u00f3 en libertad a la espera de la audiencia por el delito de robo en lugar no habitado.<\/figcaption><\/figure>\n<ul>\n<li><strong>El maleante hab\u00eda sido arresado el jueves pasado por Carabineros por robar un kiosco, pero hab\u00eda quedado en libertad a la espera de ser citado a juicio.<\/strong><\/li>\n<\/ul>\n<p><strong>LOS ANDES<\/strong>.- Un delincuente habitual fue detenido por Carabineros tras perpetrar el robo a una amasander\u00eda en la poblaci\u00f3n Alonso de Ercilla.<br \/>\nEn horas de la ma\u00f1ana del s\u00e1bado personal del cuadrante 1 fue alertado por el due\u00f1o de la amasander\u00eda \u2018Andacollo\u2019 ubicada en el pasaje Paicav\u00ed, que minutos antes hab\u00eda escuchado ruidos en el local contiguo a su casa y al ir a ver qu\u00e9 ocurr\u00eda sorprendi\u00f3 en el interior a un delincuente habitual que robaba cajas chicles y encendedores.<br \/>\nAl ser descubierto el ladr\u00f3n se dio a la fuga, mientras la v\u00edctima constat\u00f3 que el maleante hab\u00eda forzado el port\u00f3n de acceso y luego fracturado un vidrio para entrar.<br \/>\nA los pocos minutos lleg\u00f3 el personal policial quien fue informado por la v\u00edctima que el sujeto que hab\u00eda entrado era un delincuente habitual del sector conocido como el \u2018Eduard\u2019.<br \/>\nAs\u00ed se iniciaron patrullajes por las inmediaciones y media hora m\u00e1s tarde del antisocial fue ubicado cuando hac\u00eda ingreso a su domicilio ubicado en la villa Cacique Vitacura, pr\u00f3xima al lugar de los hechos.<br \/>\nSi bien el sujeto no fue encontrado con las especies, fue reconocido plenamente por la v\u00edctima como el autor del robo.<br \/>\nEl antisocial fue identificado como E.D.G.C., de 19 a\u00f1os, quien pas\u00f3 a disposici\u00f3n del Tribunal de Garant\u00eda la ma\u00f1ana del domingo donde fue requerido en procedimiento simplificado por el delito de robo en lugar no habitado y luego qued\u00f3 en libertad.<br \/>\nCabe hacer notar que este sujeto hab\u00eda sido detenido la madrugada del jueves reci\u00e9n pasado cuando en compa\u00f1\u00eda de otro maleante y un menor de edad por robar en kiosco de diarios y revistas ubicado en calle Per\u00fa con Rep\u00fablica Argentina.<br \/>\nAl igual que en este il\u00edcito, fue requerido por el delito de robo y qued\u00f3 en libertad a la espera de la audiencia donde deb\u00eda responder si aceptaba o no responsabilidad en los hechos.<\/p>\n","protected":false},"excerpt":{"rendered":"<p>El maleante hab\u00eda sido arresado el jueves pasado por Carabineros por robar un kiosco, pero hab\u00eda quedado en libertad a la espera de ser citado a juicio. LOS ANDES.- Un delincuente habitual&#8230;<\/p>\n","protected":false},"author":482,"featured_media":62611,"comment_status":"open","ping_status":"open","sticky":false,"template":"","format":"standard","meta":{"advanced_seo_description":"","jetpack_seo_html_title":"","jetpack_seo_noindex":false,"_jetpack_memberships_contains_paid_content":false,"footnotes":""},"categories":[21],"tags":[],"class_list":["post-62610","post","type-post","status-publish","format-standard","has-post-thumbnail","hentry","category-policial"],"jetpack_featured_media_url":"https:\/\/i0.wp.com\/eltrabajo.cl\/portal\/wp-content\/uploads\/2015\/10\/Robo-amasanderia.jpg?fit=530%2C348&ssl=1","jetpack_sharing_enabled":true,"jetpack_likes_enabled":true,"jetpack-related-posts":[],"_links":{"self":[{"href":"https:\/\/eltrabajo.cl\/portal\/wp-json\/wp\/v2\/posts\/62610","targetHints":{"allow":["GET"]}}],"collection":[{"href":"https:\/\/eltrabajo.cl\/portal\/wp-json\/wp\/v2\/posts"}],"about":[{"href":"https:\/\/eltrabajo.cl\/portal\/wp-json\/wp\/v2\/types\/post"}],"author":[{"embeddable":true,"href":"https:\/\/eltrabajo.cl\/portal\/wp-json\/wp\/v2\/users\/482"}],"replies":[{"embeddable":true,"href":"https:\/\/eltrabajo.cl\/portal\/wp-json\/wp\/v2\/comments?post=62610"}],"version-history":[{"count":0,"href":"https:\/\/eltrabajo.cl\/portal\/wp-json\/wp\/v2\/posts\/62610\/revisions"}],"wp:featuredmedia":[{"embeddable":true,"href":"https:\/\/eltrabajo.cl\/portal\/wp-json\/wp\/v2\/media\/62611"}],"wp:attachment":[{"href":"https:\/\/eltrabajo.cl\/portal\/wp-json\/wp\/v2\/media?parent=62610"}],"wp:term":[{"taxonomy":"category","embeddable":true,"href":"https:\/\/eltrabajo.cl\/portal\/wp-json\/wp\/v2\/categories?post=62610"},{"taxonomy":"post_tag","embeddable":true,"href":"https:\/\/eltrabajo.cl\/portal\/wp-json\/wp\/v2\/tags?post=62610"}],"curies":[{"name":"wp","href":"https:\/\/api.w.org\/{rel}","templated":true}]}}