{"id":62613,"date":"2015-10-05T09:29:26","date_gmt":"2015-10-05T12:29:26","guid":{"rendered":"http:\/\/www.eltrabajo.cl\/portal\/?p=62613"},"modified":"2015-10-05T09:29:26","modified_gmt":"2015-10-05T12:29:26","slug":"con-fractura-grave-queda-ocupante-de-camioneta-tras-volcar-en-sector-el-manzano","status":"publish","type":"post","link":"https:\/\/eltrabajo.cl\/portal\/con-fractura-grave-queda-ocupante-de-camioneta-tras-volcar-en-sector-el-manzano\/","title":{"rendered":"Con fractura grave queda ocupante de camioneta tras volcar en sector El Manzano"},"content":{"rendered":"<figure id=\"attachment_62614\" aria-describedby=\"caption-attachment-62614\" style=\"width: 300px\" class=\"wp-caption alignleft\"><a href=\"https:\/\/i0.wp.com\/www.eltrabajo.cl\/portal\/wp-content\/uploads\/2015\/10\/Volcamiento-1.jpg\"><img data-recalc-dims=\"1\" loading=\"lazy\" decoding=\"async\" class=\"wp-image-62614 size-medium\" src=\"https:\/\/i0.wp.com\/www.eltrabajo.cl\/portal\/wp-content\/uploads\/2015\/10\/Volcamiento-1-300x198.jpg?resize=300%2C198\" alt=\"El accidente se produjo en el sector el Manzano, cuando al parecer el conductor se habr\u00eda quedado dormido al volante, lo que provoc\u00f3 el volcamiento.\" width=\"300\" height=\"198\" srcset=\"https:\/\/i0.wp.com\/eltrabajo.cl\/portal\/wp-content\/uploads\/2015\/10\/Volcamiento-1.jpg?resize=300%2C198&amp;ssl=1 300w, https:\/\/i0.wp.com\/eltrabajo.cl\/portal\/wp-content\/uploads\/2015\/10\/Volcamiento-1.jpg?resize=200%2C132&amp;ssl=1 200w, https:\/\/i0.wp.com\/eltrabajo.cl\/portal\/wp-content\/uploads\/2015\/10\/Volcamiento-1.jpg?resize=228%2C150&amp;ssl=1 228w, https:\/\/i0.wp.com\/eltrabajo.cl\/portal\/wp-content\/uploads\/2015\/10\/Volcamiento-1.jpg?resize=400%2C263&amp;ssl=1 400w, https:\/\/i0.wp.com\/eltrabajo.cl\/portal\/wp-content\/uploads\/2015\/10\/Volcamiento-1.jpg?w=530&amp;ssl=1 530w\" sizes=\"auto, (max-width: 300px) 100vw, 300px\" \/><\/a><figcaption id=\"caption-attachment-62614\" class=\"wp-caption-text\">El accidente se produjo en el sector el Manzano, cuando al parecer el conductor se habr\u00eda quedado dormido al volante, lo que provoc\u00f3 el volcamiento.<\/figcaption><\/figure>\n<p><strong>PUTAENDO.<\/strong>&#8211; En las primeras horas de la ma\u00f1ana de este s\u00e1bado, un nuevo volcamiento se registr\u00f3 en la carretera que une Putaendo con Cabildo, dejando como saldo da\u00f1os de consideraci\u00f3n en el veh\u00edculo y un adulto mayor lesionado.<br \/>\nCerca de las 07:40 horas, la camioneta Nissan Navara, patente DC-BK-50, conducida por Gamadier Mu\u00f1oz Vilches, de 39 a\u00f1os de edad, domiciliado en el sector La Vega de la comuna de Cabildo, se dirig\u00eda hacia Putaendo y al acercarse a una zona de recta con pendiente, termin\u00f3 volcado luego de perder el control del m\u00f3vil.<br \/>\nAparentemente el accidente se provoc\u00f3 debido a que Mu\u00f1oz Vilches se habr\u00eda quedado dormido al volante, motivo por el cual la camioneta impact\u00f3 con el soporte de un poste de cemento, lo que hizo que pr\u00e1cticamente el veh\u00edculo saltara un par de metros para volcar y terminar sobre sus cuatro ruedas al interior de un potrero.<br \/>\nEn la camioneta viajaba tambi\u00e9n Fernando Mu\u00f1oz Mu\u00f1oz, de 66 a\u00f1os de edad, padre del conductor, quien fue atendido por una ambulancia que lleg\u00f3 al lugar y lo traslad\u00f3 hasta el Hospital San Antonio de Putaendo, donde luego de recibir las atenciones correspondientes, se determin\u00f3 que result\u00f3 con una fractura costal de car\u00e1cter grave.<br \/>\nHasta el lugar del accidente arrib\u00f3 una unidad de rescate de Bomberos de Putaendo y tambi\u00e9n Carabineros de la comuna.<br \/>\n<strong>Patricio Gallardo M.<\/strong><\/p>\n","protected":false},"excerpt":{"rendered":"<p>PUTAENDO.&#8211; En las primeras horas de la ma\u00f1ana de este s\u00e1bado, un nuevo volcamiento se registr\u00f3 en la carretera que une Putaendo con Cabildo, dejando como saldo da\u00f1os de consideraci\u00f3n en el&#8230;<\/p>\n","protected":false},"author":482,"featured_media":62614,"comment_status":"open","ping_status":"open","sticky":false,"template":"","format":"standard","meta":{"advanced_seo_description":"","jetpack_seo_html_title":"","jetpack_seo_noindex":false,"_jetpack_memberships_contains_paid_content":false,"footnotes":""},"categories":[21],"tags":[],"class_list":["post-62613","post","type-post","status-publish","format-standard","has-post-thumbnail","hentry","category-policial"],"jetpack_featured_media_url":"https:\/\/i0.wp.com\/eltrabajo.cl\/portal\/wp-content\/uploads\/2015\/10\/Volcamiento-1.jpg?fit=530%2C349&ssl=1","jetpack_sharing_enabled":true,"jetpack_likes_enabled":true,"jetpack-related-posts":[],"_links":{"self":[{"href":"https:\/\/eltrabajo.cl\/portal\/wp-json\/wp\/v2\/posts\/62613","targetHints":{"allow":["GET"]}}],"collection":[{"href":"https:\/\/eltrabajo.cl\/portal\/wp-json\/wp\/v2\/posts"}],"about":[{"href":"https:\/\/eltrabajo.cl\/portal\/wp-json\/wp\/v2\/types\/post"}],"author":[{"embeddable":true,"href":"https:\/\/eltrabajo.cl\/portal\/wp-json\/wp\/v2\/users\/482"}],"replies":[{"embeddable":true,"href":"https:\/\/eltrabajo.cl\/portal\/wp-json\/wp\/v2\/comments?post=62613"}],"version-history":[{"count":0,"href":"https:\/\/eltrabajo.cl\/portal\/wp-json\/wp\/v2\/posts\/62613\/revisions"}],"wp:featuredmedia":[{"embeddable":true,"href":"https:\/\/eltrabajo.cl\/portal\/wp-json\/wp\/v2\/media\/62614"}],"wp:attachment":[{"href":"https:\/\/eltrabajo.cl\/portal\/wp-json\/wp\/v2\/media?parent=62613"}],"wp:term":[{"taxonomy":"category","embeddable":true,"href":"https:\/\/eltrabajo.cl\/portal\/wp-json\/wp\/v2\/categories?post=62613"},{"taxonomy":"post_tag","embeddable":true,"href":"https:\/\/eltrabajo.cl\/portal\/wp-json\/wp\/v2\/tags?post=62613"}],"curies":[{"name":"wp","href":"https:\/\/api.w.org\/{rel}","templated":true}]}}