{"id":62616,"date":"2015-10-05T09:31:50","date_gmt":"2015-10-05T12:31:50","guid":{"rendered":"http:\/\/www.eltrabajo.cl\/portal\/?p=62616"},"modified":"2015-10-05T09:31:50","modified_gmt":"2015-10-05T12:31:50","slug":"menor-de-3-anos-muere-tras-volcamiento-en-carretera-putaendo-cabildo","status":"publish","type":"post","link":"https:\/\/eltrabajo.cl\/portal\/menor-de-3-anos-muere-tras-volcamiento-en-carretera-putaendo-cabildo\/","title":{"rendered":"Menor de 3 a\u00f1os muere tras volcamiento en carretera Putaendo \u2013 Cabildo"},"content":{"rendered":"<figure id=\"attachment_62617\" aria-describedby=\"caption-attachment-62617\" style=\"width: 300px\" class=\"wp-caption alignleft\"><a href=\"https:\/\/i0.wp.com\/www.eltrabajo.cl\/portal\/wp-content\/uploads\/2015\/10\/porta-FALLECIMIENTO-MENOR-EN-VOLCAMIENTO-2.jpg\"><img data-recalc-dims=\"1\" loading=\"lazy\" decoding=\"async\" class=\"wp-image-62617 size-medium\" src=\"https:\/\/i0.wp.com\/www.eltrabajo.cl\/portal\/wp-content\/uploads\/2015\/10\/porta-FALLECIMIENTO-MENOR-EN-VOLCAMIENTO-2-300x198.jpg?resize=300%2C198\" alt=\"Al sitio del suceso lleg\u00f3 Bomberos y Carabineros, quienes debieron trasladar a la peque\u00f1a Emilia al Hospital de Putaendo debido a que no llegaba la ambulancia del Samu.\" width=\"300\" height=\"198\" srcset=\"https:\/\/i0.wp.com\/eltrabajo.cl\/portal\/wp-content\/uploads\/2015\/10\/porta-FALLECIMIENTO-MENOR-EN-VOLCAMIENTO-2.jpg?resize=300%2C198&amp;ssl=1 300w, https:\/\/i0.wp.com\/eltrabajo.cl\/portal\/wp-content\/uploads\/2015\/10\/porta-FALLECIMIENTO-MENOR-EN-VOLCAMIENTO-2.jpg?resize=200%2C132&amp;ssl=1 200w, https:\/\/i0.wp.com\/eltrabajo.cl\/portal\/wp-content\/uploads\/2015\/10\/porta-FALLECIMIENTO-MENOR-EN-VOLCAMIENTO-2.jpg?resize=228%2C150&amp;ssl=1 228w, https:\/\/i0.wp.com\/eltrabajo.cl\/portal\/wp-content\/uploads\/2015\/10\/porta-FALLECIMIENTO-MENOR-EN-VOLCAMIENTO-2.jpg?resize=400%2C263&amp;ssl=1 400w, https:\/\/i0.wp.com\/eltrabajo.cl\/portal\/wp-content\/uploads\/2015\/10\/porta-FALLECIMIENTO-MENOR-EN-VOLCAMIENTO-2.jpg?w=530&amp;ssl=1 530w\" sizes=\"auto, (max-width: 300px) 100vw, 300px\" \/><\/a><figcaption id=\"caption-attachment-62617\" class=\"wp-caption-text\">Al sitio del suceso lleg\u00f3 Bomberos y Carabineros, quienes debieron trasladar a la peque\u00f1a Emilia al Hospital de Putaendo debido a que no llegaba la ambulancia del Samu.<\/figcaption><\/figure>\n<ul>\n<li><strong>SAMU demor\u00f3 m\u00e1s de 45 minutos en arribar al lugar del accidente por falta de ambulancias. La peque\u00f1a muri\u00f3 pasadas las 19:00 horas en el Hospital San Antonio de Putaendo.<\/strong><\/li>\n<\/ul>\n<p><strong>PUTAENDO<\/strong>.- Una verdadera tragedia se vivi\u00f3 durante la tarde de este viernes en la carretera E-41 que une Putaendo con Cabildo, a la altura del sector Alicahue, donde un veh\u00edculo termin\u00f3 volcado.<br \/>\nEl accidente ocurri\u00f3 alrededor de las 17:30 horas, cuando el autom\u00f3vil Toyota Yaris, patente VP-35 03 conducido por Norma Pe\u00f1a Altamirano, de 29 a\u00f1os de edad, aparentemente sufri\u00f3 el revent\u00f3n de un neum\u00e1tico delantero luego de enfrentar una curva a la altura del kil\u00f3metro 45 de la carretera E-41, lo que la hizo perder el control del m\u00f3vil, arrastrando el veh\u00edculo que culmin\u00f3 volcado a un costado de la ruta.<\/p>\n<figure id=\"attachment_62618\" aria-describedby=\"caption-attachment-62618\" style=\"width: 300px\" class=\"wp-caption alignright\"><a href=\"https:\/\/i0.wp.com\/www.eltrabajo.cl\/portal\/wp-content\/uploads\/2015\/10\/Accidente-volcamiento-5.jpg\"><img data-recalc-dims=\"1\" loading=\"lazy\" decoding=\"async\" class=\"wp-image-62618 size-medium\" src=\"https:\/\/i0.wp.com\/www.eltrabajo.cl\/portal\/wp-content\/uploads\/2015\/10\/Accidente-volcamiento-5-300x198.jpg?resize=300%2C198\" alt=\"El autom\u00f3vil Toyota Yaris, conducido por Norma Pe\u00f1a Altamirano (29) volc\u00f3 en la ruta que une Putaendo con Cabildo al reventar un neum\u00e1tico, perdiendo el control del veh\u00edculo.\" width=\"300\" height=\"198\" srcset=\"https:\/\/i0.wp.com\/eltrabajo.cl\/portal\/wp-content\/uploads\/2015\/10\/Accidente-volcamiento-5.jpg?resize=300%2C198&amp;ssl=1 300w, https:\/\/i0.wp.com\/eltrabajo.cl\/portal\/wp-content\/uploads\/2015\/10\/Accidente-volcamiento-5.jpg?resize=200%2C132&amp;ssl=1 200w, https:\/\/i0.wp.com\/eltrabajo.cl\/portal\/wp-content\/uploads\/2015\/10\/Accidente-volcamiento-5.jpg?resize=227%2C150&amp;ssl=1 227w, https:\/\/i0.wp.com\/eltrabajo.cl\/portal\/wp-content\/uploads\/2015\/10\/Accidente-volcamiento-5.jpg?resize=400%2C264&amp;ssl=1 400w, https:\/\/i0.wp.com\/eltrabajo.cl\/portal\/wp-content\/uploads\/2015\/10\/Accidente-volcamiento-5.jpg?w=530&amp;ssl=1 530w\" sizes=\"auto, (max-width: 300px) 100vw, 300px\" \/><\/a><figcaption id=\"caption-attachment-62618\" class=\"wp-caption-text\">El autom\u00f3vil Toyota Yaris, conducido por Norma Pe\u00f1a Altamirano (29) volc\u00f3 en la ruta que une Putaendo con Cabildo al reventar un neum\u00e1tico, perdiendo el control del veh\u00edculo.<\/figcaption><\/figure>\n<p>Cabe destacar que todos los ocupantes del veh\u00edculo registran domicilio en la comuna de La Ligua.<br \/>\nTras el accidente, la conductora logr\u00f3 salir por sus propios medios del interior del m\u00f3vil, al igual que el acompa\u00f1ante identificado como H\u00e9ctor Pe\u00f1a Cabrera, de 57 a\u00f1os de edad, padre de Norma. Sin embargo, la peque\u00f1a Emilia Bruna Pe\u00f1a, de 3 a\u00f1os, result\u00f3 gravemente herida y fue auxiliada por su madre y algunos conductores que se detuvieron en el lugar, uno de los cuales se traslad\u00f3 en forma inmediata hasta una zona con cobertura telef\u00f3nica para dar aviso al Samu y a Carabineros.<br \/>\nEscenas de tensi\u00f3n se vivieron en el lugar, pues transcurr\u00edan los minutos y no se apersonaban los estamentos de emergencia, y personal de Bomberos de Putaendo arrib\u00f3 al lugar, comenzando en forma inmediata las maniobras de reanimaci\u00f3n a la menor de tres a\u00f1os, y al ver que su situaci\u00f3n era cr\u00edtica y que Samu a\u00fan no llegaba, voluntarios bomberiles junto a la colaboraci\u00f3n de Carabineros traslad\u00f3 a la peque\u00f1a en un furg\u00f3n policial hasta el Hospital San Antonio, donde pese a los esfuerzos m\u00e9dicos, Emilia falleci\u00f3 pasadas las 19:00 horas de este viernes.<br \/>\nIndignaci\u00f3n y molestia se dejaba sentir entre los automovilistas que no lograban entender c\u00f3mo la ambulancia demor\u00f3 m\u00e1s de 45 minutos en llegar al sitio del accidente, y despu\u00e9s de 20 minutos transcurridos desde que Bomberos y Carabineros trasladaron a la menor hasta el Hospital San Antonio, pr\u00e1cticamente en forma simult\u00e1nea arrib\u00f3 al lugar una ambulancia del Samu Aconcagua y dos de Cabildo, que trasladaron a la conductora y su padre hasta la instituci\u00f3n de salud de Putaendo.<br \/>\nEfectivamente las averiguaciones realizadas confirmaron que cuando se produjo este lamentable accidente, la ambulancia perteneciente a Base Samu Putaendo no se encontraba en la comuna, por lo que no se contaba con un m\u00f3vil para atender emergencias como la registrada esa tarde. Esto \u00faltimo fue lo que desat\u00f3 la indignaci\u00f3n de quienes presenciaron esta tragedia, m\u00e1s a\u00fan al conocer que despu\u00e9s de las 16:00 horas, Samu Aconcagua s\u00f3lo destina una ambulancia para toda la comuna, y en este caso ni siquiera hab\u00eda un m\u00f3vil disponible.<br \/>\n<strong>Patricio Gallardo M.<\/strong><\/p>\n","protected":false},"excerpt":{"rendered":"<p>SAMU demor\u00f3 m\u00e1s de 45 minutos en arribar al lugar del accidente por falta de ambulancias. La peque\u00f1a muri\u00f3 pasadas las 19:00 horas en el Hospital San Antonio de Putaendo. PUTAENDO.- Una&#8230;<\/p>\n","protected":false},"author":482,"featured_media":62617,"comment_status":"open","ping_status":"open","sticky":false,"template":"","format":"standard","meta":{"advanced_seo_description":"","jetpack_seo_html_title":"","jetpack_seo_noindex":false,"_jetpack_memberships_contains_paid_content":false,"footnotes":""},"categories":[21],"tags":[],"class_list":["post-62616","post","type-post","status-publish","format-standard","has-post-thumbnail","hentry","category-policial"],"jetpack_featured_media_url":"https:\/\/i0.wp.com\/eltrabajo.cl\/portal\/wp-content\/uploads\/2015\/10\/porta-FALLECIMIENTO-MENOR-EN-VOLCAMIENTO-2.jpg?fit=530%2C349&ssl=1","jetpack_sharing_enabled":true,"jetpack_likes_enabled":true,"jetpack-related-posts":[],"_links":{"self":[{"href":"https:\/\/eltrabajo.cl\/portal\/wp-json\/wp\/v2\/posts\/62616","targetHints":{"allow":["GET"]}}],"collection":[{"href":"https:\/\/eltrabajo.cl\/portal\/wp-json\/wp\/v2\/posts"}],"about":[{"href":"https:\/\/eltrabajo.cl\/portal\/wp-json\/wp\/v2\/types\/post"}],"author":[{"embeddable":true,"href":"https:\/\/eltrabajo.cl\/portal\/wp-json\/wp\/v2\/users\/482"}],"replies":[{"embeddable":true,"href":"https:\/\/eltrabajo.cl\/portal\/wp-json\/wp\/v2\/comments?post=62616"}],"version-history":[{"count":0,"href":"https:\/\/eltrabajo.cl\/portal\/wp-json\/wp\/v2\/posts\/62616\/revisions"}],"wp:featuredmedia":[{"embeddable":true,"href":"https:\/\/eltrabajo.cl\/portal\/wp-json\/wp\/v2\/media\/62617"}],"wp:attachment":[{"href":"https:\/\/eltrabajo.cl\/portal\/wp-json\/wp\/v2\/media?parent=62616"}],"wp:term":[{"taxonomy":"category","embeddable":true,"href":"https:\/\/eltrabajo.cl\/portal\/wp-json\/wp\/v2\/categories?post=62616"},{"taxonomy":"post_tag","embeddable":true,"href":"https:\/\/eltrabajo.cl\/portal\/wp-json\/wp\/v2\/tags?post=62616"}],"curies":[{"name":"wp","href":"https:\/\/api.w.org\/{rel}","templated":true}]}}