{"id":62620,"date":"2015-10-05T09:37:38","date_gmt":"2015-10-05T12:37:38","guid":{"rendered":"http:\/\/www.eltrabajo.cl\/portal\/?p=62620"},"modified":"2015-10-05T09:37:38","modified_gmt":"2015-10-05T12:37:38","slug":"autopsia-revelo-que-menor-habria-sido-estrangulado-por-su-madre-utilizando-un-cordon","status":"publish","type":"post","link":"https:\/\/eltrabajo.cl\/portal\/autopsia-revelo-que-menor-habria-sido-estrangulado-por-su-madre-utilizando-un-cordon\/","title":{"rendered":"Autopsia revel\u00f3 que menor habr\u00eda sido estrangulado por su madre utilizando un cord\u00f3n"},"content":{"rendered":"<figure id=\"attachment_62621\" aria-describedby=\"caption-attachment-62621\" style=\"width: 300px\" class=\"wp-caption alignleft\"><a href=\"https:\/\/i0.wp.com\/www.eltrabajo.cl\/portal\/wp-content\/uploads\/2015\/10\/MIRIAM-CHACON-HASLER.jpg\"><img data-recalc-dims=\"1\" loading=\"lazy\" decoding=\"async\" class=\"wp-image-62621 size-medium\" src=\"https:\/\/i0.wp.com\/www.eltrabajo.cl\/portal\/wp-content\/uploads\/2015\/10\/MIRIAM-CHACON-HASLER-300x197.jpg?resize=300%2C197\" alt=\"Miriam Chac\u00f3n Hasler permanece fuera de riesgo vital, tras la formalizaci\u00f3n de la Fiscal\u00eda deber\u00e1 ser conducida hasta la c\u00e1rcel para cumplir la cautelar de prisi\u00f3n preventiva a la espera de juicio por el delito de parricidio.\" width=\"300\" height=\"197\" srcset=\"https:\/\/i0.wp.com\/eltrabajo.cl\/portal\/wp-content\/uploads\/2015\/10\/MIRIAM-CHACON-HASLER.jpg?resize=300%2C197&amp;ssl=1 300w, https:\/\/i0.wp.com\/eltrabajo.cl\/portal\/wp-content\/uploads\/2015\/10\/MIRIAM-CHACON-HASLER.jpg?resize=200%2C131&amp;ssl=1 200w, https:\/\/i0.wp.com\/eltrabajo.cl\/portal\/wp-content\/uploads\/2015\/10\/MIRIAM-CHACON-HASLER.jpg?resize=228%2C150&amp;ssl=1 228w, https:\/\/i0.wp.com\/eltrabajo.cl\/portal\/wp-content\/uploads\/2015\/10\/MIRIAM-CHACON-HASLER.jpg?resize=400%2C263&amp;ssl=1 400w, https:\/\/i0.wp.com\/eltrabajo.cl\/portal\/wp-content\/uploads\/2015\/10\/MIRIAM-CHACON-HASLER.jpg?w=530&amp;ssl=1 530w\" sizes=\"auto, (max-width: 300px) 100vw, 300px\" \/><\/a><figcaption id=\"caption-attachment-62621\" class=\"wp-caption-text\">Miriam Chac\u00f3n Hasler permanece fuera de riesgo vital, tras la formalizaci\u00f3n de la Fiscal\u00eda deber\u00e1 ser conducida hasta la c\u00e1rcel para cumplir la cautelar de prisi\u00f3n preventiva a la espera de juicio por el delito de parricidio.<\/figcaption><\/figure>\n<p>La Fiscal\u00eda formaliz\u00f3 a Miriam Chac\u00f3n Hasler, en la sala de medicina del Hospital San Camilo, por los cargos de parricidio, dado que la imputada se encuentra consciente y fuera de riesgo vital. El juez de Garant\u00eda determin\u00f3 la cautelar de prisi\u00f3n preventiva por un plazo de 120 d\u00edas fijados para la investigaci\u00f3n del caso.<\/p>\n<p>Por la cruda y horrible muerte del menor de 5 a\u00f1os Juan Pablo Ahumada Chac\u00f3n, ocurrida en la comuna de Santa Mar\u00eda, la Fiscal\u00eda formaliz\u00f3 a la madre de este menor, Miriam Chac\u00f3n Hasler, por los cargos de parricidio tras obtener un pre informe de autopsia que estipula que la causa de muerte del ni\u00f1o fue asfixia por estrangulamiento con un cord\u00f3n de zapatillas, cuyo elemento fue encontrado en el interior del domicilio de la acusada.<br \/>\nTras la ampliaci\u00f3n de su detenci\u00f3n, dado que fue estabilizada por los m\u00e9dicos la ma\u00f1ana del pasado s\u00e1bado en la sala de Medicina del Hospital San Camilo de San Felipe, tuvo que escuchar los cargos que le imputa el Ministerio P\u00fablico luego de obtener los informes preliminares de la Brigada de Homicidios, Laboratorio de Criminal\u00edstica de la PDI y el Servicio M\u00e9dico Legal que la apuntan como la presunta autora del parricidio de su hijo el pasado mi\u00e9rcoles 30 de septiembre, al interior de su vivienda ubicada en pasaje Los Jazmines de la poblaci\u00f3n Santa Mar\u00eda de la hom\u00f3nima comuna.<br \/>\nAunque la autopsia revel\u00f3 la causa basal de la muerte del menor, a\u00fan faltan informes toxicol\u00f3gicos para determinar si efectivamente al ni\u00f1o le suministraron f\u00e1rmacos para configurar un eventual envenenamiento previo al estrangulamiento, que se a\u00f1adir\u00e1n a la carpeta investigativa de la Fiscal\u00eda.<br \/>\nComo se recordar\u00e1, Miriam Chac\u00f3n Hasler aparentemente sufr\u00eda una profunda depresi\u00f3n por circunstancias que no han sido aclaradas fehacientemente en esta etapa de la investigaci\u00f3n. Aquel d\u00eda de los hechos, luego de dar muerte a su hijo, ingiri\u00f3 un coctel de medicamentos para acabar con su vida. Sin embargo, tras ser conducida hasta el servicio de urgencias del Hospital San Camilo, logr\u00f3 ser estabilizada permaneciendo internada en el sector de Medicina, custodiada por Gendarmer\u00eda hasta ser dada de alta y ser posteriormente derivada hasta un recinto penal para cumplir a cabalidad la cautelar de prisi\u00f3n preventiva por un plazo de 120 d\u00edas.<\/p>\n<p><strong>LA ENTREVISTA<\/strong><br \/>\nDiario El Trabajo entrevist\u00f3 en exclusiva a la Fiscal del Ministerio P\u00fablico de San Felipe, Gabriela Fuenzalida, quien asegur\u00f3 que el pre informe de autopsia realizado al cuerpo del menor, \u00e9ste presentaba surcos en el cuello, determin\u00e1ndose la causal de muerte por asfixia por estrangulamiento, circunstancia en que su madre eventualmente habr\u00eda utilizado un cord\u00f3n de unas zapatillas para acabar con la vida de su hijo.<br \/>\n<strong>&#8211; \u00bfElla est\u00e1 consciente de los cargos que se le imputan?<\/strong><br \/>\n<strong>&#8211;<\/strong> S\u00ed, ella est\u00e1 absolutamente consciente. Est\u00e1 hospitalizada, ya no est\u00e1 en la UCI, no est\u00e1 con ning\u00fan tratamiento intravenoso. Desconozco si el alta se le otorgar\u00e1 hoy (s\u00e1bado), si es as\u00ed pasar\u00eda inmediatamente al Centro de Cumplimiento Penitenciario de Gendarmer\u00eda que sea m\u00e1s id\u00f3neo para los debidos resguardos de su integridad; como ya tuvo un intento suicida, se debe proteger que no vaya atentar nuevamente contra su integridad. Ella respondi\u00f3 a todas las preguntas, en caso contrario no hubi\u00e9semos podido llevar a cabo la audiencia de formalizaci\u00f3n.<br \/>\n<strong>&#8211; \u00bfC\u00f3mo se llev\u00f3 a cabo el crimen?<\/strong><br \/>\n<strong>&#8211;<\/strong> Se formaliz\u00f3 por el delito de parricidio. Ella estaba sola en el domicilio cerrado todo por dentro. Seg\u00fan el pre informe de autopsia del menor, se estableci\u00f3 asfixia por estrangulamiento; ella lo estrangul\u00f3 con un cord\u00f3n de una zapatilla.<br \/>\n<strong>&#8211; \u00bfSe estableci\u00f3 el envenenamiento con f\u00e1rmacos hacia el ni\u00f1o?<\/strong><br \/>\n<strong>&#8211;<\/strong> Eso a\u00fan forma parte de la investigaci\u00f3n cuando se revelen los ex\u00e1menes toxicol\u00f3gicos. En estos momentos no hay claridad que se le haya suministrado f\u00e1rmacos al menor, se encontraron medicamentos en el sitio del suceso, pero otra cosa es que ella ingiri\u00f3 algunos de estos medicamentos, no se sabe en cu\u00e1nta cantidad, nada indica que le haya suministrado. Lo que se determin\u00f3 como causa de muerte fue un actuar de tipo homicida por estrangulamiento con el cord\u00f3n de una zapatilla que se encontr\u00f3 en el domicilio y el menor tiene los surcos marcados en el cuello y esa es la causa basal de la muerte del ni\u00f1o.<br \/>\n<strong>&#8211; Entonces \u00bfel informe toxicol\u00f3gico determinar\u00e1 si al menor le suministraron f\u00e1rmacos?<\/strong><br \/>\n<strong>&#8211;<\/strong> Lo que pasa es que cuando se realiza una autopsia, se toman muestras al cuerpo para el correspondiente an\u00e1lisis, eso demora, pero en estos precisos momentos la causa de muerte es el estrangulamiento.<br \/>\n\u00ad<strong>&#8211; \u00bfCu\u00e1l es la teor\u00eda de la Defensa de la imputada respecto a la cautelar?<\/strong><br \/>\n<strong>&#8211;<\/strong> La Defensa estaba solicitando la suspensi\u00f3n del procedimiento alegando que ella estaba con un cuadro depresivo, requiriendo que fuera derivada a un Psiqui\u00e1trico. No obstante durante todo el per\u00edodo de la ampliaci\u00f3n de la detenci\u00f3n, no se ha arribado ning\u00fan antecedente que pueda determinar que ella est\u00e1 bajo una patolog\u00eda de base, que pueda dar cuenta que tiene una enajenaci\u00f3n mental. Un cuadro depresivo no es causa de una enajenaci\u00f3n mental, entonces el C\u00f3digo Penal es bien exigente cuando uno trata los enajenados mentales, no podemos tratar de enajenados mentales a cualquier persona que tenga depresi\u00f3n. Entonces no hay ning\u00fan antecedente fundante como para estimar que ella estuviera enajenada mental.<br \/>\n<strong>&#8211; \u00bfCu\u00e1les son las pr\u00f3ximas diligencias a realizar?<\/strong><br \/>\n<strong>&#8211;<\/strong> Se tendr\u00e1 que iniciar informes psiqui\u00e1tricos para verificar sus facultades mentales. Estamos reci\u00e9n iniciando el proceso desde que este hecho ocurri\u00f3. Los documentos que est\u00e1n en la carpeta investigativa en estos momentos son: el parte denuncia de Carabineros, el informe de la Brigada de Homicidios, el trabajo en el sitio del suceso, el pre informe de autopsia, declaraciones de testigos de que ella ser\u00eda la autora ejecutora del parricidio de su hijo de 5 a\u00f1os de edad, y eso fue lo que el tribunal dio por determinado para decretar la prisi\u00f3n preventiva.<br \/>\n<strong>&#8211; \u00bfElla ha prestado alg\u00fan tipo de declaraci\u00f3n sobre los sucesos?<\/strong><br \/>\n<strong>&#8211;<\/strong> No, ninguna, en el entendido que ella ha estado hospitalizada, es por esta raz\u00f3n que se solicit\u00f3 la ampliaci\u00f3n de la detenci\u00f3n porque hab\u00eda que estabilizarla, determinar qu\u00e9 medicamentos hab\u00eda ingerido, pero el d\u00eda de hoy (s\u00e1bado) ya est\u00e1 en buen estado de salud. No conversamos con el m\u00e9dico tratante, pero al menos no estaba sujeta a alg\u00fan tipo de suero o recibiendo medicaci\u00f3n v\u00eda intravenosa.<br \/>\n<strong>&#8211; Entonces, \u00bfen cualquier momento puede ser dada de alta?<\/strong><br \/>\n<strong>&#8211;<\/strong> S\u00ed, desde ese momento deber\u00e1 ser traslada a un recinto penal debido a que ya se encuentra con la cautelar de prisi\u00f3n preventiva porque est\u00e1 decretada. Cuando el m\u00e9dico tratante le conceda el alta, debe ser conducida directamente a un recinto penal.<br \/>\n<strong>&#8211; Sobre las penas asignadas para el parricidio, \u00bfpodr\u00eda ser perpetuo?<\/strong><br \/>\n<strong>&#8211;<\/strong> Parte de los 15 a\u00f1os a presidio perpetuo calificado, es uno de los delitos que tiene las penas m\u00e1s graves, deber\u00e1 ser un tribunal quien determinar\u00e1 esos tramos luego de un juicio y dictar una sentencia. En estos momentos como Fiscal\u00eda mantenemos los antecedentes necesarios para configurar este delito.<br \/>\n<strong>Pablo Salinas Sald\u00edas<\/strong><\/p>\n<div class=\"tiled-gallery type-rectangular tiled-gallery-unresized\" data-original-width=\"640\" data-carousel-extra='null' itemscope itemtype=\"http:\/\/schema.org\/ImageGallery\" > <div class=\"gallery-row\" style=\"width: 640px; height: 212px;\" data-original-width=\"640\" data-original-height=\"212\" > <div class=\"gallery-group images-1\" style=\"width: 320px; height: 212px;\" data-original-width=\"320\" data-original-height=\"212\" > <div class=\"tiled-gallery-item tiled-gallery-item-large\" itemprop=\"associatedMedia\" itemscope itemtype=\"http:\/\/schema.org\/ImageObject\"> <a href=\"https:\/\/eltrabajo.cl\/portal\/autopsia-revelo-que-menor-habria-sido-estrangulado-por-su-madre-utilizando-un-cordon\/juan-pablo-ahumada-chacon-2\/\" border=\"0\" itemprop=\"url\"> <meta itemprop=\"width\" content=\"316\"> <meta itemprop=\"height\" content=\"208\"> <img decoding=\"async\" class=\"\" data-attachment-id=\"62623\" data-orig-file=\"https:\/\/eltrabajo.cl\/portal\/wp-content\/uploads\/2015\/10\/JUAN-PABLO-AHUMADA-CHACON1.jpg\" data-orig-size=\"530,349\" data-comments-opened=\"1\" data-image-meta=\"{&quot;aperture&quot;:&quot;0&quot;,&quot;credit&quot;:&quot;&quot;,&quot;camera&quot;:&quot;&quot;,&quot;caption&quot;:&quot;&quot;,&quot;created_timestamp&quot;:&quot;0&quot;,&quot;copyright&quot;:&quot;&quot;,&quot;focal_length&quot;:&quot;0&quot;,&quot;iso&quot;:&quot;0&quot;,&quot;shutter_speed&quot;:&quot;0&quot;,&quot;title&quot;:&quot;&quot;,&quot;orientation&quot;:&quot;0&quot;}\" data-image-title=\"JUAN PABLO AHUMADA CHACON\" data-image-description=\"&lt;p&gt;El menor de 5 a\u00f1os de edad, Juan Pablo Ahumada Chac\u00f3n muri\u00f3 v\u00edctima de un estrangulamiento, circunstancias que su madre habr\u00eda utilizado el cord\u00f3n de una zapatilla para acabar con su vida.&lt;\/p&gt; \" data-medium-file=\"https:\/\/i0.wp.com\/eltrabajo.cl\/portal\/wp-content\/uploads\/2015\/10\/JUAN-PABLO-AHUMADA-CHACON1.jpg?fit=300%2C198&#038;ssl=1\" data-large-file=\"https:\/\/i0.wp.com\/eltrabajo.cl\/portal\/wp-content\/uploads\/2015\/10\/JUAN-PABLO-AHUMADA-CHACON1.jpg?fit=530%2C349&#038;ssl=1\" src=\"https:\/\/i0.wp.com\/eltrabajo.cl\/portal\/wp-content\/uploads\/2015\/10\/JUAN-PABLO-AHUMADA-CHACON1.jpg?w=316&#038;h=208&#038;ssl=1\" srcset=\"https:\/\/i0.wp.com\/eltrabajo.cl\/portal\/wp-content\/uploads\/2015\/10\/JUAN-PABLO-AHUMADA-CHACON1.jpg?w=530&amp;ssl=1 530w, https:\/\/i0.wp.com\/eltrabajo.cl\/portal\/wp-content\/uploads\/2015\/10\/JUAN-PABLO-AHUMADA-CHACON1.jpg?resize=200%2C132&amp;ssl=1 200w, https:\/\/i0.wp.com\/eltrabajo.cl\/portal\/wp-content\/uploads\/2015\/10\/JUAN-PABLO-AHUMADA-CHACON1.jpg?resize=300%2C198&amp;ssl=1 300w, https:\/\/i0.wp.com\/eltrabajo.cl\/portal\/wp-content\/uploads\/2015\/10\/JUAN-PABLO-AHUMADA-CHACON1.jpg?resize=228%2C150&amp;ssl=1 228w, https:\/\/i0.wp.com\/eltrabajo.cl\/portal\/wp-content\/uploads\/2015\/10\/JUAN-PABLO-AHUMADA-CHACON1.jpg?resize=400%2C263&amp;ssl=1 400w\" width=\"316\" height=\"208\" loading=\"lazy\" data-original-width=\"316\" data-original-height=\"208\" itemprop=\"http:\/\/schema.org\/image\" title=\"JUAN PABLO AHUMADA CHACON\" alt=\"El menor de 5 a\u00f1os de edad, Juan Pablo Ahumada Chac\u00f3n muri\u00f3 v\u00edctima de un estrangulamiento, circunstancias que su madre habr\u00eda utilizado el cord\u00f3n de una zapatilla para acabar con su vida.\" style=\"width: 316px; height: 208px;\" \/> <\/a> <div class=\"tiled-gallery-caption\" itemprop=\"caption description\"> El menor de 5 a\u00f1os de edad, Juan Pablo Ahumada Chac\u00f3n muri\u00f3 v\u00edctima de un estrangulamiento, circunstancias que su madre habr\u00eda utilizado el cord\u00f3n de una zapatilla para acabar con su vida. <\/div> <\/div> <\/div> <!-- close group --> <div class=\"gallery-group images-1\" style=\"width: 320px; height: 212px;\" data-original-width=\"320\" data-original-height=\"212\" > <div class=\"tiled-gallery-item tiled-gallery-item-large\" itemprop=\"associatedMedia\" itemscope itemtype=\"http:\/\/schema.org\/ImageObject\"> <a href=\"https:\/\/eltrabajo.cl\/portal\/autopsia-revelo-que-menor-habria-sido-estrangulado-por-su-madre-utilizando-un-cordon\/fiscal-gabriela-fuenzalida-4\/\" border=\"0\" itemprop=\"url\"> <meta itemprop=\"width\" content=\"316\"> <meta itemprop=\"height\" content=\"208\"> <img decoding=\"async\" class=\"\" data-attachment-id=\"62622\" data-orig-file=\"https:\/\/eltrabajo.cl\/portal\/wp-content\/uploads\/2015\/10\/FISCAL-GABRIELA-FUENZALIDA.jpg\" data-orig-size=\"530,348\" data-comments-opened=\"1\" data-image-meta=\"{&quot;aperture&quot;:&quot;0&quot;,&quot;credit&quot;:&quot;&quot;,&quot;camera&quot;:&quot;&quot;,&quot;caption&quot;:&quot;&quot;,&quot;created_timestamp&quot;:&quot;0&quot;,&quot;copyright&quot;:&quot;&quot;,&quot;focal_length&quot;:&quot;0&quot;,&quot;iso&quot;:&quot;0&quot;,&quot;shutter_speed&quot;:&quot;0&quot;,&quot;title&quot;:&quot;&quot;,&quot;orientation&quot;:&quot;0&quot;}\" data-image-title=\"FISCAL GABRIELA FUENZALIDA\" data-image-description=\"&lt;p&gt;La Fiscal Gabriela Fuenlzalida, formaliz\u00f3 a la imputada en el Hospital San Camilo.&lt;\/p&gt; \" data-medium-file=\"https:\/\/i0.wp.com\/eltrabajo.cl\/portal\/wp-content\/uploads\/2015\/10\/FISCAL-GABRIELA-FUENZALIDA.jpg?fit=300%2C197&#038;ssl=1\" data-large-file=\"https:\/\/i0.wp.com\/eltrabajo.cl\/portal\/wp-content\/uploads\/2015\/10\/FISCAL-GABRIELA-FUENZALIDA.jpg?fit=530%2C348&#038;ssl=1\" src=\"https:\/\/i0.wp.com\/eltrabajo.cl\/portal\/wp-content\/uploads\/2015\/10\/FISCAL-GABRIELA-FUENZALIDA.jpg?w=316&#038;h=208&#038;ssl=1\" srcset=\"https:\/\/i0.wp.com\/eltrabajo.cl\/portal\/wp-content\/uploads\/2015\/10\/FISCAL-GABRIELA-FUENZALIDA.jpg?w=530&amp;ssl=1 530w, https:\/\/i0.wp.com\/eltrabajo.cl\/portal\/wp-content\/uploads\/2015\/10\/FISCAL-GABRIELA-FUENZALIDA.jpg?resize=200%2C131&amp;ssl=1 200w, https:\/\/i0.wp.com\/eltrabajo.cl\/portal\/wp-content\/uploads\/2015\/10\/FISCAL-GABRIELA-FUENZALIDA.jpg?resize=300%2C197&amp;ssl=1 300w, https:\/\/i0.wp.com\/eltrabajo.cl\/portal\/wp-content\/uploads\/2015\/10\/FISCAL-GABRIELA-FUENZALIDA.jpg?resize=228%2C150&amp;ssl=1 228w, https:\/\/i0.wp.com\/eltrabajo.cl\/portal\/wp-content\/uploads\/2015\/10\/FISCAL-GABRIELA-FUENZALIDA.jpg?resize=400%2C263&amp;ssl=1 400w\" width=\"316\" height=\"208\" loading=\"lazy\" data-original-width=\"316\" data-original-height=\"208\" itemprop=\"http:\/\/schema.org\/image\" title=\"FISCAL GABRIELA FUENZALIDA\" alt=\"La Fiscal Gabriela Fuenlzalida, formaliz\u00f3 a la imputada en el Hospital San Camilo.\" style=\"width: 316px; height: 208px;\" \/> <\/a> <div class=\"tiled-gallery-caption\" itemprop=\"caption description\"> La Fiscal Gabriela Fuenlzalida, formaliz\u00f3 a la imputada en el Hospital San Camilo. <\/div> <\/div> <\/div> <!-- close group --> <\/div> <!-- close row --> <\/div>\n","protected":false},"excerpt":{"rendered":"<p>La Fiscal\u00eda formaliz\u00f3 a Miriam Chac\u00f3n Hasler, en la sala de medicina del Hospital San Camilo, por los cargos de parricidio, dado que la imputada se encuentra consciente y fuera de riesgo&#8230;<\/p>\n","protected":false},"author":482,"featured_media":62621,"comment_status":"open","ping_status":"open","sticky":false,"template":"","format":"standard","meta":{"advanced_seo_description":"","jetpack_seo_html_title":"","jetpack_seo_noindex":false,"_jetpack_memberships_contains_paid_content":false,"footnotes":""},"categories":[21],"tags":[],"class_list":["post-62620","post","type-post","status-publish","format-standard","has-post-thumbnail","hentry","category-policial"],"jetpack_featured_media_url":"https:\/\/i0.wp.com\/eltrabajo.cl\/portal\/wp-content\/uploads\/2015\/10\/MIRIAM-CHACON-HASLER.jpg?fit=530%2C348&ssl=1","jetpack_sharing_enabled":true,"jetpack_likes_enabled":true,"jetpack-related-posts":[],"_links":{"self":[{"href":"https:\/\/eltrabajo.cl\/portal\/wp-json\/wp\/v2\/posts\/62620","targetHints":{"allow":["GET"]}}],"collection":[{"href":"https:\/\/eltrabajo.cl\/portal\/wp-json\/wp\/v2\/posts"}],"about":[{"href":"https:\/\/eltrabajo.cl\/portal\/wp-json\/wp\/v2\/types\/post"}],"author":[{"embeddable":true,"href":"https:\/\/eltrabajo.cl\/portal\/wp-json\/wp\/v2\/users\/482"}],"replies":[{"embeddable":true,"href":"https:\/\/eltrabajo.cl\/portal\/wp-json\/wp\/v2\/comments?post=62620"}],"version-history":[{"count":0,"href":"https:\/\/eltrabajo.cl\/portal\/wp-json\/wp\/v2\/posts\/62620\/revisions"}],"wp:featuredmedia":[{"embeddable":true,"href":"https:\/\/eltrabajo.cl\/portal\/wp-json\/wp\/v2\/media\/62621"}],"wp:attachment":[{"href":"https:\/\/eltrabajo.cl\/portal\/wp-json\/wp\/v2\/media?parent=62620"}],"wp:term":[{"taxonomy":"category","embeddable":true,"href":"https:\/\/eltrabajo.cl\/portal\/wp-json\/wp\/v2\/categories?post=62620"},{"taxonomy":"post_tag","embeddable":true,"href":"https:\/\/eltrabajo.cl\/portal\/wp-json\/wp\/v2\/tags?post=62620"}],"curies":[{"name":"wp","href":"https:\/\/api.w.org\/{rel}","templated":true}]}}