{"id":62628,"date":"2015-10-06T09:08:31","date_gmt":"2015-10-06T12:08:31","guid":{"rendered":"http:\/\/www.eltrabajo.cl\/portal\/?p=62628"},"modified":"2015-10-06T09:08:31","modified_gmt":"2015-10-06T12:08:31","slug":"peques-de-la-21-de-mayo-ya-cuentan-con-una-radioemisora-escolar","status":"publish","type":"post","link":"https:\/\/eltrabajo.cl\/portal\/peques-de-la-21-de-mayo-ya-cuentan-con-una-radioemisora-escolar\/","title":{"rendered":"Peques de la 21 de Mayo ya cuentan con una radioemisora escolar"},"content":{"rendered":"<figure id=\"attachment_62629\" aria-describedby=\"caption-attachment-62629\" style=\"width: 300px\" class=\"wp-caption alignleft\"><a href=\"https:\/\/i0.wp.com\/www.eltrabajo.cl\/portal\/wp-content\/uploads\/2015\/10\/Alanis-Duran.jpg\"><img data-recalc-dims=\"1\" loading=\"lazy\" decoding=\"async\" class=\"wp-image-62629 size-medium\" src=\"https:\/\/i0.wp.com\/www.eltrabajo.cl\/portal\/wp-content\/uploads\/2015\/10\/Alanis-Duran-300x197.jpg?resize=300%2C197\" alt=\"PEQUE\u00d1A LOCUTORA.- Alanis Dur\u00e1n, estudiante de siete a\u00f1os, le\u00eda ayer lunes por la ma\u00f1ana un cuento a sus oyentes, Radio 21 Escolar ya est\u00e1 al aire.\" width=\"300\" height=\"197\" srcset=\"https:\/\/i0.wp.com\/eltrabajo.cl\/portal\/wp-content\/uploads\/2015\/10\/Alanis-Duran.jpg?resize=300%2C197&amp;ssl=1 300w, https:\/\/i0.wp.com\/eltrabajo.cl\/portal\/wp-content\/uploads\/2015\/10\/Alanis-Duran.jpg?resize=200%2C131&amp;ssl=1 200w, https:\/\/i0.wp.com\/eltrabajo.cl\/portal\/wp-content\/uploads\/2015\/10\/Alanis-Duran.jpg?resize=228%2C150&amp;ssl=1 228w, https:\/\/i0.wp.com\/eltrabajo.cl\/portal\/wp-content\/uploads\/2015\/10\/Alanis-Duran.jpg?resize=400%2C263&amp;ssl=1 400w, https:\/\/i0.wp.com\/eltrabajo.cl\/portal\/wp-content\/uploads\/2015\/10\/Alanis-Duran.jpg?w=530&amp;ssl=1 530w\" sizes=\"auto, (max-width: 300px) 100vw, 300px\" \/><\/a><figcaption id=\"caption-attachment-62629\" class=\"wp-caption-text\">PEQUE\u00d1A LOCUTORA.- Alanis Dur\u00e1n, estudiante de siete a\u00f1os, le\u00eda ayer lunes por la ma\u00f1ana un cuento a sus oyentes, Radio 21 Escolar ya est\u00e1 al aire.<\/figcaption><\/figure>\n<p>Lleg\u00f3 Radio 21. As\u00ed de claro, ya est\u00e1 emitiendo su Se\u00f1al Online la emisora comunitaria escolar Radio 21, proyecto que desde hace un par de semanas empez\u00f3 a funcionar desde el segundo piso de la Escuela 21 de Mayo, y que est\u00e1 siendo utilizado de momento para trabajos escolares de esa comunidad educativa.<br \/>\n\u00abSe trata de un procedimiento t\u00e9cnico que permite a los estudiantes el poder transmitir por radio lectura de cuentos; plan matem\u00e1ticas; plan lector y hasta programar m\u00fasica y hacer programas infantiles\u00bb, coment\u00f3 a Diario El Trabajo el director de Radio21 e inform\u00e1tico de la escuela, Marcelo Blanca.<br \/>\nSeg\u00fan este funcionario, el proyecto cuesta aproximadamente unos $800.000, los cuales provienen de los fondos SEP, con lo cual pudieron comprar los parlantes, micr\u00f3fonos y todo lo necesario para esta radio, ya que el mixer o mesclador exist\u00eda en la escuela.<\/p>\n<figure id=\"attachment_62630\" aria-describedby=\"caption-attachment-62630\" style=\"width: 300px\" class=\"wp-caption alignright\"><a href=\"https:\/\/i0.wp.com\/www.eltrabajo.cl\/portal\/wp-content\/uploads\/2015\/10\/Marcelo-Blanca.jpg\"><img data-recalc-dims=\"1\" loading=\"lazy\" decoding=\"async\" class=\"wp-image-62630 size-medium\" src=\"https:\/\/i0.wp.com\/www.eltrabajo.cl\/portal\/wp-content\/uploads\/2015\/10\/Marcelo-Blanca-300x197.jpg?resize=300%2C197\" alt=\"Director de Radio21 e inform\u00e1tico de la escuela, Marcelo Blanca.\" width=\"300\" height=\"197\" srcset=\"https:\/\/i0.wp.com\/eltrabajo.cl\/portal\/wp-content\/uploads\/2015\/10\/Marcelo-Blanca.jpg?resize=300%2C197&amp;ssl=1 300w, https:\/\/i0.wp.com\/eltrabajo.cl\/portal\/wp-content\/uploads\/2015\/10\/Marcelo-Blanca.jpg?resize=200%2C131&amp;ssl=1 200w, https:\/\/i0.wp.com\/eltrabajo.cl\/portal\/wp-content\/uploads\/2015\/10\/Marcelo-Blanca.jpg?resize=228%2C150&amp;ssl=1 228w, https:\/\/i0.wp.com\/eltrabajo.cl\/portal\/wp-content\/uploads\/2015\/10\/Marcelo-Blanca.jpg?resize=400%2C263&amp;ssl=1 400w, https:\/\/i0.wp.com\/eltrabajo.cl\/portal\/wp-content\/uploads\/2015\/10\/Marcelo-Blanca.jpg?w=530&amp;ssl=1 530w\" sizes=\"auto, (max-width: 300px) 100vw, 300px\" \/><\/a><figcaption id=\"caption-attachment-62630\" class=\"wp-caption-text\">Director de Radio21 e inform\u00e1tico de la escuela, Marcelo Blanca.<\/figcaption><\/figure>\n<p><strong>LECTORA AL AIRE<\/strong><br \/>\n\u00abMe gusta hablar por radio, mi profesora me permite leer cuentos y otras cosas. Ese cuento lo oyen mis compa\u00f1eritos en las aulas, tambi\u00e9n en cualquier parte que tenga Internet y parlantes\u00bb, coment\u00f3 la estudiante Alanis Dur\u00e1n de apenas siete a\u00f1os.<br \/>\n\u00abNosotros estamos por ahora transmitiendo Actualidad, Noticias, M\u00fasica, Valores y comunicados oficiales entre otros. Esta radio ser\u00e1 nuestro principal objetivo para interpretar por la sinton\u00eda v\u00eda Web e interna. Los periodistas oficiales ser\u00e1n nuestro queridos alumnos. El prop\u00f3sito de esta innovaci\u00f3n es potenciar y explotar los recursos TIC\u00b4S, y as\u00ed poder crear un medio de comunicaci\u00f3n interno del establecimiento. Los estudios se encuentran ubicados en la sala 17 y la programaci\u00f3n oficial ser\u00e1 a cargo de la jefatura t\u00e9cnica de la Escuela 21 de Mayo\u00bb, agreg\u00f3 finalmente Marcelo Blanca. Los interesados en escuchar a estos estudiantes y sus programas infantiles por Internet, pueden entrara: http:\/\/radio21.listen2myradio.com\/<br \/>\n<strong>Roberto Gonz\u00e1lez Short<\/strong><br \/>\n<strong>rgonzalez@eltrabajo.cl<\/strong><\/p>\n","protected":false},"excerpt":{"rendered":"<p>Lleg\u00f3 Radio 21. As\u00ed de claro, ya est\u00e1 emitiendo su Se\u00f1al Online la emisora comunitaria escolar Radio 21, proyecto que desde hace un par de semanas empez\u00f3 a funcionar desde el segundo&#8230;<\/p>\n","protected":false},"author":482,"featured_media":62629,"comment_status":"open","ping_status":"open","sticky":false,"template":"","format":"standard","meta":{"advanced_seo_description":"","jetpack_seo_html_title":"","jetpack_seo_noindex":false,"_jetpack_memberships_contains_paid_content":false,"footnotes":""},"categories":[15],"tags":[],"class_list":["post-62628","post","type-post","status-publish","format-standard","has-post-thumbnail","hentry","category-comunidad"],"jetpack_featured_media_url":"https:\/\/i0.wp.com\/eltrabajo.cl\/portal\/wp-content\/uploads\/2015\/10\/Alanis-Duran.jpg?fit=530%2C348&ssl=1","jetpack_sharing_enabled":true,"jetpack_likes_enabled":true,"jetpack-related-posts":[],"_links":{"self":[{"href":"https:\/\/eltrabajo.cl\/portal\/wp-json\/wp\/v2\/posts\/62628","targetHints":{"allow":["GET"]}}],"collection":[{"href":"https:\/\/eltrabajo.cl\/portal\/wp-json\/wp\/v2\/posts"}],"about":[{"href":"https:\/\/eltrabajo.cl\/portal\/wp-json\/wp\/v2\/types\/post"}],"author":[{"embeddable":true,"href":"https:\/\/eltrabajo.cl\/portal\/wp-json\/wp\/v2\/users\/482"}],"replies":[{"embeddable":true,"href":"https:\/\/eltrabajo.cl\/portal\/wp-json\/wp\/v2\/comments?post=62628"}],"version-history":[{"count":0,"href":"https:\/\/eltrabajo.cl\/portal\/wp-json\/wp\/v2\/posts\/62628\/revisions"}],"wp:featuredmedia":[{"embeddable":true,"href":"https:\/\/eltrabajo.cl\/portal\/wp-json\/wp\/v2\/media\/62629"}],"wp:attachment":[{"href":"https:\/\/eltrabajo.cl\/portal\/wp-json\/wp\/v2\/media?parent=62628"}],"wp:term":[{"taxonomy":"category","embeddable":true,"href":"https:\/\/eltrabajo.cl\/portal\/wp-json\/wp\/v2\/categories?post=62628"},{"taxonomy":"post_tag","embeddable":true,"href":"https:\/\/eltrabajo.cl\/portal\/wp-json\/wp\/v2\/tags?post=62628"}],"curies":[{"name":"wp","href":"https:\/\/api.w.org\/{rel}","templated":true}]}}