{"id":6263,"date":"2011-11-17T09:03:28","date_gmt":"2011-11-17T13:03:28","guid":{"rendered":"http:\/\/www.eltrabajo.cl\/portal\/?p=6263"},"modified":"2011-11-17T09:04:14","modified_gmt":"2011-11-17T13:04:14","slug":"%e2%80%9cyo-como-fernando-cantillano-le-voy-a-devolver-su-plata%e2%80%9d","status":"publish","type":"post","link":"https:\/\/eltrabajo.cl\/portal\/%e2%80%9cyo-como-fernando-cantillano-le-voy-a-devolver-su-plata%e2%80%9d\/","title":{"rendered":"\u201cYo, como Fernando Cantillano, le voy a devolver su plata\u201d"},"content":{"rendered":"<figure id=\"attachment_6264\" aria-describedby=\"caption-attachment-6264\" style=\"width: 300px\" class=\"wp-caption alignleft\"><a href=\"http:\/\/www.eltrabajo.cl\/portal\/archives\/6263\/denuncia\" rel=\"attachment wp-att-6264\"><img data-recalc-dims=\"1\" loading=\"lazy\" decoding=\"async\" class=\"size-medium wp-image-6264\" title=\"Denuncia\" src=\"https:\/\/i0.wp.com\/www.eltrabajo.cl\/portal\/wp-content\/uploads\/2011\/11\/Denuncia-300x280.jpg?resize=300%2C280\" alt=\"\" width=\"300\" height=\"280\" srcset=\"https:\/\/i0.wp.com\/eltrabajo.cl\/portal\/wp-content\/uploads\/2011\/11\/Denuncia.jpg?resize=300%2C280&amp;ssl=1 300w, https:\/\/i0.wp.com\/eltrabajo.cl\/portal\/wp-content\/uploads\/2011\/11\/Denuncia.jpg?resize=160%2C150&amp;ssl=1 160w, https:\/\/i0.wp.com\/eltrabajo.cl\/portal\/wp-content\/uploads\/2011\/11\/Denuncia.jpg?resize=150%2C140&amp;ssl=1 150w, https:\/\/i0.wp.com\/eltrabajo.cl\/portal\/wp-content\/uploads\/2011\/11\/Denuncia.jpg?resize=400%2C374&amp;ssl=1 400w, https:\/\/i0.wp.com\/eltrabajo.cl\/portal\/wp-content\/uploads\/2011\/11\/Denuncia.jpg?w=600&amp;ssl=1 600w\" sizes=\"auto, (max-width: 300px) 100vw, 300px\" \/><\/a><figcaption id=\"caption-attachment-6264\" class=\"wp-caption-text\">Robina Figueroa qued\u00f3 endeudada con el cr\u00e9dito que ella solicit\u00f3 para lograr su sue\u00f1o, aunque interpuso la denuncia, la Fiscal\u00eda archiv\u00f3 el caso hasta que la misma afectada logre aportar nuevas pruebas y a Cantillano se le pueda procesar por la V\u00eda Penal.<\/figcaption><\/figure>\n<ul>\n<li><strong>Documentaci\u00f3n clasificada en poder de DIARIO EL TRABAJO demuestra que el ahora desaparecido ex hombre de la \u201cpantalla chica\u201d habr\u00eda recibido millones de pesos como producto de sus fraudes. V\u00edctimas llaman a otros afectados a contactarlos para iniciar demandas.<\/strong><\/li>\n<\/ul>\n<p>Roberto Gonz\u00e1lez Short &#8211; rgonzalez@eltrabajo.cl<\/p>\n<p>Seg\u00fan lo publicado en nuestra edici\u00f3n de ayer, un ex-comunicador sanfelipe\u00f1o habr\u00eda sido denunciado ante la Fiscal\u00eda y acusado por supuestamente enga\u00f1ar y despojar de varios millones de pesos a varias personas en las villas Pedro Valdivia 2 y Los Graneros de San Felipe, sobre este caso nuestro medio habl\u00f3 con la Delegada del Servicio de Vivienda y Urbanismo (Serviu), Mar\u00eda Alicia Galdames.<\/p>\n<p>\u00abHasta el momento, no existe ni estamos investigando alguna denuncia con este caso, ni escrita ni verbal, la gente debe saber que no existe transacci\u00f3n con funcionarios del Serviu, no tenemos ese poder; Ricardo Ach\u00fan nunca ha laborado con nosotros, ni sabemos que exista alguien con ese nombre\u00bb, se\u00f1al\u00f3 Galdames a DIARIO EL TRABAJO.<\/p>\n<p>Seg\u00fan indic\u00f3 la funcionaria, ning\u00fan empleado del Serviu est\u00e1 autorizado para tramitar viviendas por su cuenta, esta instituci\u00f3n solo tramita soluciones de vivienda a quien presente subsidios certificados, no las casas.<\/p>\n<p><strong>GRABACI\u00d3N DELATORA<\/strong><\/p>\n<p>Seg\u00fan un video en poder de DIARIO EL TRABAJO y suministrado por una fuente confidencial, el ahora desaparecido Fernando Cantillano, tras m\u00faltiples solicitudes de los afectados de devolver el dinero, lleg\u00f3 a la casa habitaci\u00f3n de el joven matrimonio y se comprometi\u00f3 en entreg\u00e1rselos el pasado 8 de agosto.<\/p>\n<p>\u00ab&#8230;Yo, yo vengo a darle a usted la cara&#8230; yo la entiendo se\u00f1ora Robina&#8230; yo le podr\u00eda a usted responder el ocho de agosto, yo le tengo la plata para esa fecha, le pido disculpas se\u00f1ora Robina, yo me he sentido s\u00faper mal&#8230; yo como Fernando Cantillano, yo le voy a responder en esa fecha&#8230;\u00bb.<\/p>\n<p>Esta es parte de la conversaci\u00f3n que se escucha en los archivos de audio en poder de DIARIO EL TRABAJO y que se\u00f1ala directamente como cre\u00edble la versi\u00f3n de los afectados.<\/p>\n<p><strong>CASO ARCHIVADO<\/strong><\/p>\n<p>A\u00fan as\u00ed, seg\u00fan report\u00f3 a nuestro medio Osvaldo Basso, Fiscal Jefe de San Felipe, el caso del denunciado solo se le podr\u00eda procesar por \u201cIncumplimiento de contrato civil\u201d y no por Estafa. As\u00ed las cosas, la demanda hecha en su contra ha sido archivada hasta que, eventualmente, la parte afectada reactive el caso si as\u00ed lo quisiera y si contara con nuevos elementos de juicio o evidencias.<\/p>\n<p>En DIARIO EL TRABAJO quisimos contactar a Fernando Cantillano para que diera cuentas sobre el asunto, pero al parecer \u201cse lo trag\u00f3 la tierra\u201d.<\/p>\n<p>Esta historia pone al descubierto dos cosas, una que se\u00f1ala que a\u00fan hay personas que conf\u00edan en los dem\u00e1s y que, en nombre de la confianza y amistad, apuestan lo que sea para salir adelante y, en segundo lugar, que existen personas en San Felipe y posiblemente en todo Chile, que no lo piensan dos veces para apropiarse del dinero ajeno, sin importar cuanto da\u00f1o hagan a su paso.<\/p>\n","protected":false},"excerpt":{"rendered":"<p>Documentaci\u00f3n clasificada en poder de DIARIO EL TRABAJO demuestra que el ahora desaparecido ex hombre de la \u201cpantalla chica\u201d habr\u00eda recibido millones de pesos como producto de sus fraudes. V\u00edctimas llaman a&#8230;<\/p>\n","protected":false},"author":482,"featured_media":6264,"comment_status":"open","ping_status":"open","sticky":false,"template":"","format":"standard","meta":{"advanced_seo_description":"","jetpack_seo_html_title":"","jetpack_seo_noindex":false,"_jetpack_memberships_contains_paid_content":false,"footnotes":""},"categories":[15],"tags":[],"class_list":["post-6263","post","type-post","status-publish","format-standard","has-post-thumbnail","hentry","category-comunidad"],"jetpack_featured_media_url":"https:\/\/i0.wp.com\/eltrabajo.cl\/portal\/wp-content\/uploads\/2011\/11\/Denuncia.jpg?fit=600%2C561&ssl=1","jetpack_sharing_enabled":true,"jetpack_likes_enabled":true,"jetpack-related-posts":[],"_links":{"self":[{"href":"https:\/\/eltrabajo.cl\/portal\/wp-json\/wp\/v2\/posts\/6263","targetHints":{"allow":["GET"]}}],"collection":[{"href":"https:\/\/eltrabajo.cl\/portal\/wp-json\/wp\/v2\/posts"}],"about":[{"href":"https:\/\/eltrabajo.cl\/portal\/wp-json\/wp\/v2\/types\/post"}],"author":[{"embeddable":true,"href":"https:\/\/eltrabajo.cl\/portal\/wp-json\/wp\/v2\/users\/482"}],"replies":[{"embeddable":true,"href":"https:\/\/eltrabajo.cl\/portal\/wp-json\/wp\/v2\/comments?post=6263"}],"version-history":[{"count":0,"href":"https:\/\/eltrabajo.cl\/portal\/wp-json\/wp\/v2\/posts\/6263\/revisions"}],"wp:featuredmedia":[{"embeddable":true,"href":"https:\/\/eltrabajo.cl\/portal\/wp-json\/wp\/v2\/media\/6264"}],"wp:attachment":[{"href":"https:\/\/eltrabajo.cl\/portal\/wp-json\/wp\/v2\/media?parent=6263"}],"wp:term":[{"taxonomy":"category","embeddable":true,"href":"https:\/\/eltrabajo.cl\/portal\/wp-json\/wp\/v2\/categories?post=6263"},{"taxonomy":"post_tag","embeddable":true,"href":"https:\/\/eltrabajo.cl\/portal\/wp-json\/wp\/v2\/tags?post=6263"}],"curies":[{"name":"wp","href":"https:\/\/api.w.org\/{rel}","templated":true}]}}