{"id":62632,"date":"2015-10-06T09:09:48","date_gmt":"2015-10-06T12:09:48","guid":{"rendered":"http:\/\/www.eltrabajo.cl\/portal\/?p=62632"},"modified":"2015-10-06T09:09:48","modified_gmt":"2015-10-06T12:09:48","slug":"mas-de-60-usuarios-prodesal-participaron-de-capacitacion-de-u-de-chile","status":"publish","type":"post","link":"https:\/\/eltrabajo.cl\/portal\/mas-de-60-usuarios-prodesal-participaron-de-capacitacion-de-u-de-chile\/","title":{"rendered":"M\u00e1s de 60 usuarios Prodesal participaron de capacitaci\u00f3n de U de Chile"},"content":{"rendered":"<figure id=\"attachment_62633\" aria-describedby=\"caption-attachment-62633\" style=\"width: 300px\" class=\"wp-caption alignleft\"><a href=\"https:\/\/i0.wp.com\/www.eltrabajo.cl\/portal\/wp-content\/uploads\/2015\/10\/Capacitacion-prodesal.jpg\"><img data-recalc-dims=\"1\" loading=\"lazy\" decoding=\"async\" class=\"wp-image-62633 size-medium\" src=\"https:\/\/i0.wp.com\/www.eltrabajo.cl\/portal\/wp-content\/uploads\/2015\/10\/Capacitacion-prodesal-300x198.jpg?resize=300%2C198\" alt=\"Fueron m\u00e1s de 60 usuarios de sectores rurales los que participaron de una capacitaci\u00f3n efectuada por la Facultad de Medicina de la Universidad de Chile y el Programa Prodesal.\" width=\"300\" height=\"198\" srcset=\"https:\/\/i0.wp.com\/eltrabajo.cl\/portal\/wp-content\/uploads\/2015\/10\/Capacitacion-prodesal.jpg?resize=300%2C198&amp;ssl=1 300w, https:\/\/i0.wp.com\/eltrabajo.cl\/portal\/wp-content\/uploads\/2015\/10\/Capacitacion-prodesal.jpg?resize=200%2C132&amp;ssl=1 200w, https:\/\/i0.wp.com\/eltrabajo.cl\/portal\/wp-content\/uploads\/2015\/10\/Capacitacion-prodesal.jpg?resize=227%2C150&amp;ssl=1 227w, https:\/\/i0.wp.com\/eltrabajo.cl\/portal\/wp-content\/uploads\/2015\/10\/Capacitacion-prodesal.jpg?resize=400%2C264&amp;ssl=1 400w, https:\/\/i0.wp.com\/eltrabajo.cl\/portal\/wp-content\/uploads\/2015\/10\/Capacitacion-prodesal.jpg?w=530&amp;ssl=1 530w\" sizes=\"auto, (max-width: 300px) 100vw, 300px\" \/><\/a><figcaption id=\"caption-attachment-62633\" class=\"wp-caption-text\">Fueron m\u00e1s de 60 usuarios de sectores rurales los que participaron de una capacitaci\u00f3n efectuada por la Facultad de Medicina de la Universidad de Chile y el Programa Prodesal.<\/figcaption><\/figure>\n<p><strong>LLAY LLAY.<\/strong>&#8211; Un convenio entre la Facultad de Medicina de la Universidad de Chile y el Programa Prodesal; que funciona en convenio entre Indap y la Municipalidad de Llay Llay permiti\u00f3 capacitar a m\u00e1s de 60 usuarios de los sectores rurales de Santa Teresa y Las Palmas.<br \/>\nEn la sin\u00e9rgica actividad estuvieron el equipo t\u00e9cnico Prodesal de la Comuna conformado por el encargado del rubro pecuario Guillermo V\u00e1squez, el encargado de la l\u00ednea agr\u00edcola, Ra\u00fal Vega y los t\u00e9cnicos, Ivonne Jeria y Adri\u00e1n Silva, internos de medicina y usuarios Prodesal.<br \/>\nEl trabajo en terreno en conjunto, entre Prodesal e internos de Medicina, consisti\u00f3 en visitas individuales y talleres en sectores rurales. En Santa Teresa como en Las Palmas, la tem\u00e1tica de la inducci\u00f3n llev\u00f3 como idea fuerza el uso de agrot\u00f3xicos y su relaci\u00f3n con la salud<br \/>\nLa din\u00e1mica del taller se desarroll\u00f3 por medio de grupos de trabajo. Como primer punto, realizaron un diagn\u00f3stico integral sobre el grado de conocimiento de los usuarios sobre la manipulaci\u00f3n de agrot\u00f3xicos.<br \/>\nPosteriormente, los internos resumieron en una charla la mejor forma de manipulaci\u00f3n y uso de los agrot\u00f3xicos en su trabajo, para evitar riesgos asociados a la salud en el corto y largo plazo.<br \/>\nRoberto Iturriaga, Jos\u00e9 Ignacio Laso, Maximiliano Maass en el informe de la actividad educativa coinciden que \u201cel hecho de realizar la sesi\u00f3n educativa en un lugar cerca de sus hogares fue fundamental para asegurar una gran asistencia de p\u00fablico\u201d.<br \/>\n<strong>Marianela Quevedo<\/strong><\/p>\n","protected":false},"excerpt":{"rendered":"<p>LLAY LLAY.&#8211; Un convenio entre la Facultad de Medicina de la Universidad de Chile y el Programa Prodesal; que funciona en convenio entre Indap y la Municipalidad de Llay Llay permiti\u00f3 capacitar&#8230;<\/p>\n","protected":false},"author":482,"featured_media":62633,"comment_status":"open","ping_status":"open","sticky":false,"template":"","format":"standard","meta":{"advanced_seo_description":"","jetpack_seo_html_title":"","jetpack_seo_noindex":false,"_jetpack_memberships_contains_paid_content":false,"footnotes":""},"categories":[15],"tags":[],"class_list":["post-62632","post","type-post","status-publish","format-standard","has-post-thumbnail","hentry","category-comunidad"],"jetpack_featured_media_url":"https:\/\/i0.wp.com\/eltrabajo.cl\/portal\/wp-content\/uploads\/2015\/10\/Capacitacion-prodesal.jpg?fit=530%2C350&ssl=1","jetpack_sharing_enabled":true,"jetpack_likes_enabled":true,"jetpack-related-posts":[],"_links":{"self":[{"href":"https:\/\/eltrabajo.cl\/portal\/wp-json\/wp\/v2\/posts\/62632","targetHints":{"allow":["GET"]}}],"collection":[{"href":"https:\/\/eltrabajo.cl\/portal\/wp-json\/wp\/v2\/posts"}],"about":[{"href":"https:\/\/eltrabajo.cl\/portal\/wp-json\/wp\/v2\/types\/post"}],"author":[{"embeddable":true,"href":"https:\/\/eltrabajo.cl\/portal\/wp-json\/wp\/v2\/users\/482"}],"replies":[{"embeddable":true,"href":"https:\/\/eltrabajo.cl\/portal\/wp-json\/wp\/v2\/comments?post=62632"}],"version-history":[{"count":0,"href":"https:\/\/eltrabajo.cl\/portal\/wp-json\/wp\/v2\/posts\/62632\/revisions"}],"wp:featuredmedia":[{"embeddable":true,"href":"https:\/\/eltrabajo.cl\/portal\/wp-json\/wp\/v2\/media\/62633"}],"wp:attachment":[{"href":"https:\/\/eltrabajo.cl\/portal\/wp-json\/wp\/v2\/media?parent=62632"}],"wp:term":[{"taxonomy":"category","embeddable":true,"href":"https:\/\/eltrabajo.cl\/portal\/wp-json\/wp\/v2\/categories?post=62632"},{"taxonomy":"post_tag","embeddable":true,"href":"https:\/\/eltrabajo.cl\/portal\/wp-json\/wp\/v2\/tags?post=62632"}],"curies":[{"name":"wp","href":"https:\/\/api.w.org\/{rel}","templated":true}]}}