{"id":62635,"date":"2015-10-06T09:13:25","date_gmt":"2015-10-06T12:13:25","guid":{"rendered":"http:\/\/www.eltrabajo.cl\/portal\/?p=62635"},"modified":"2015-10-06T09:13:25","modified_gmt":"2015-10-06T12:13:25","slug":"primera-investidura-de-brigadista-escolar-en-escuela-carmela-carvajal","status":"publish","type":"post","link":"https:\/\/eltrabajo.cl\/portal\/primera-investidura-de-brigadista-escolar-en-escuela-carmela-carvajal\/","title":{"rendered":"Primera Investidura de Brigadista escolar en Escuela Carmela Carvajal"},"content":{"rendered":"<figure id=\"attachment_62636\" aria-describedby=\"caption-attachment-62636\" style=\"width: 300px\" class=\"wp-caption alignleft\"><a href=\"https:\/\/i0.wp.com\/www.eltrabajo.cl\/portal\/wp-content\/uploads\/2015\/10\/Brogada1.jpg\"><img data-recalc-dims=\"1\" loading=\"lazy\" decoding=\"async\" class=\"wp-image-62636 size-medium\" src=\"https:\/\/i0.wp.com\/www.eltrabajo.cl\/portal\/wp-content\/uploads\/2015\/10\/Brogada1-300x198.jpg?resize=300%2C198\" alt=\"YA ES OFICIAL.- La Brigada Escolar 2015 de la Escuela Carmela Carvajal de Prat qued\u00f3 constituida por los siguientes alumnos: Sof\u00eda Valdivia, Evita Mar\u00edn, Javiera Mu\u00f1oz, Mar\u00eda C\u00e1ceres, Katherine Le\u00f3n, Dilan Ortiz, Juan Salinas, Alonso Mej\u00edas, Mart\u00edn Venegas, Francisco Celed\u00f3n y el encargado Sebasti\u00e1n V\u00e1squez.\" width=\"300\" height=\"198\" srcset=\"https:\/\/i0.wp.com\/eltrabajo.cl\/portal\/wp-content\/uploads\/2015\/10\/Brogada1.jpg?resize=300%2C198&amp;ssl=1 300w, https:\/\/i0.wp.com\/eltrabajo.cl\/portal\/wp-content\/uploads\/2015\/10\/Brogada1.jpg?resize=200%2C132&amp;ssl=1 200w, https:\/\/i0.wp.com\/eltrabajo.cl\/portal\/wp-content\/uploads\/2015\/10\/Brogada1.jpg?resize=228%2C150&amp;ssl=1 228w, https:\/\/i0.wp.com\/eltrabajo.cl\/portal\/wp-content\/uploads\/2015\/10\/Brogada1.jpg?resize=400%2C263&amp;ssl=1 400w, https:\/\/i0.wp.com\/eltrabajo.cl\/portal\/wp-content\/uploads\/2015\/10\/Brogada1.jpg?w=530&amp;ssl=1 530w\" sizes=\"auto, (max-width: 300px) 100vw, 300px\" \/><\/a><figcaption id=\"caption-attachment-62636\" class=\"wp-caption-text\">YA ES OFICIAL.- La Brigada Escolar 2015 de la Escuela Carmela Carvajal de Prat qued\u00f3 constituida por los siguientes alumnos: Sof\u00eda Valdivia, Evita Mar\u00edn, Javiera Mu\u00f1oz, Mar\u00eda C\u00e1ceres, Katherine Le\u00f3n, Dilan Ortiz, Juan Salinas, Alonso Mej\u00edas, Mart\u00edn Venegas, Francisco Celed\u00f3n y el encargado Sebasti\u00e1n V\u00e1squez.<\/figcaption><\/figure>\n<p>Con el prop\u00f3sito de incentivar la participaci\u00f3n de estudiantes en las brigadas integrales, el Jefe de Ret\u00e9n de Curim\u00f3n, Suboficial de Carabineros Sergio Parra Mancilla junto al cabo Jorge Cartagena, han desarrollado durante este a\u00f1o un programa de visitas, realizando charlas de informaci\u00f3n y motivaci\u00f3n a los estudiantes sobre el nuevo rol educativo y preventivo que potencia a las brigadas integrales en la Escuela Carmela Carvajal de Prat y otras escuelas del sector.<br \/>\nLas brigadas escolares son grupos organizados de estudiantes, coordinados por un o una docente y pertenecientes a un mismo establecimiento, que se constituyen voluntariamente para contribuir, reforzar, orientar, motivar y sensibilizar a sus compa\u00f1eros sobre temas de Educaci\u00f3n Vial; Cuidado del Medioambiente; promover h\u00e1bitos de sana convivencia y vida saludable.<br \/>\nFundamentalmente la tarea los miembros de la brigada escolar es compartir, socializar y difundir, entre los ni\u00f1os y j\u00f3venes de la misma comunidad educativa, los aprendizajes adquiridos tanto en el aula, como en el grupo, sobre los principios de la seguridad, prevenci\u00f3n y autocuidado.<\/p>\n<figure id=\"attachment_62637\" aria-describedby=\"caption-attachment-62637\" style=\"width: 300px\" class=\"wp-caption alignright\"><a href=\"https:\/\/i0.wp.com\/www.eltrabajo.cl\/portal\/wp-content\/uploads\/2015\/10\/Brigada2.jpg\"><img data-recalc-dims=\"1\" loading=\"lazy\" decoding=\"async\" class=\"wp-image-62637 size-medium\" src=\"https:\/\/i0.wp.com\/www.eltrabajo.cl\/portal\/wp-content\/uploads\/2015\/10\/Brigada2-300x197.jpg?resize=300%2C197\" alt=\"BRIGADISTA EJEMPLAR.- Desde ayer lunes el peque\u00f1o Alonso Mej\u00edas ya es brigadista certificado de Carabineros en su escuela.\" width=\"300\" height=\"197\" srcset=\"https:\/\/i0.wp.com\/eltrabajo.cl\/portal\/wp-content\/uploads\/2015\/10\/Brigada2.jpg?resize=300%2C197&amp;ssl=1 300w, https:\/\/i0.wp.com\/eltrabajo.cl\/portal\/wp-content\/uploads\/2015\/10\/Brigada2.jpg?resize=200%2C131&amp;ssl=1 200w, https:\/\/i0.wp.com\/eltrabajo.cl\/portal\/wp-content\/uploads\/2015\/10\/Brigada2.jpg?resize=228%2C150&amp;ssl=1 228w, https:\/\/i0.wp.com\/eltrabajo.cl\/portal\/wp-content\/uploads\/2015\/10\/Brigada2.jpg?resize=400%2C263&amp;ssl=1 400w, https:\/\/i0.wp.com\/eltrabajo.cl\/portal\/wp-content\/uploads\/2015\/10\/Brigada2.jpg?w=530&amp;ssl=1 530w\" sizes=\"auto, (max-width: 300px) 100vw, 300px\" \/><\/a><figcaption id=\"caption-attachment-62637\" class=\"wp-caption-text\">BRIGADISTA EJEMPLAR.- Desde ayer lunes el peque\u00f1o Alonso Mej\u00edas ya es brigadista certificado de Carabineros en su escuela.<\/figcaption><\/figure>\n<p>En este contexto cobra una valoraci\u00f3n especial y significativa la figura de Carabineros de Chile, entidad que a trav\u00e9s de sus funcionarios acompa\u00f1a, orienta y gu\u00eda a los ni\u00f1os y j\u00f3venes para fortalecer sus competencias como brigadistas.<br \/>\nActualmente se est\u00e1 aplicando un nuevo concepto de trabajo comunitario entre los carabineros y estudiantes, \u00abel cual busca homologar las actuales brigadas escolares de Tr\u00e1nsito; brigadas ecol\u00f3gicas u otras de trabajo social, en el concepto de Brigadas Escolares Integrales\u00bb, coment\u00f3 la directora escolar Ana Mar\u00eda Donoso a Diario El Trabajo.<\/p>\n<p><strong>LA CEREMONIA<\/strong><br \/>\nEs por ello que ayer lunes un grupo de alumnos de la Escuela Carmela Carvajal particip\u00f3 en la Ceremonia de Investidura de sus primeros diez brigadistas, quienes vienen a reactivar despu\u00e9s de muchos a\u00f1os la brigada escolar del establecimiento.<br \/>\nLa Ceremonia privada tuvo lugar en las dependencias de la biblioteca, en la que participaron los brigadistas, el equipo directivo; el suboficial Sergio Parra y el cabo Jorge Mancilla, encargados de entregar los respectivos terciados, guantes y piochas a cada integrante de esta brigada.<br \/>\n\u00abLa Ceremonia de Investidura tiene un significado muy importante para nuestros alumnos, ya que el objetivo de esta brigada es orientar el trabajo en conjunto con Carabineros a ejecutar acciones preventivas, de protecci\u00f3n, solidarias, de convivencia, de recreaci\u00f3n o culturales, las cuales tienen como objetivo estrat\u00e9gico reforzar en los y las estudiantes que participan, aspectos que les permitan desarrollar una mejor calidad de vida incorporando valores de respeto y servicio a la comunidad, tal como lo postula nuestro Proyecto Educativo y las orientaciones del Departamento de Educaci\u00f3n Municipal de San Felipe\u00bb, agreg\u00f3 Donoso.<br \/>\nA la vez el suboficial de Carabineros, Jefe de Ret\u00e9n de Curim\u00f3n, Sergio Parra Mancilla, quien tambi\u00e9n en sus a\u00f1os de estudiante fue brigadista en la Escuela N\u00ba67, actual Liceo San Felipe, se\u00f1al\u00f3 que \u00abel trabajo de los carabineros monitores se enfoca principalmente, a la difusi\u00f3n y entrega de contenidos referentes a educaci\u00f3n vial, autocuidado, cuidado del Medioambiente y Vida Saludable, entre otros aspectos, lo que les permite brindar apoyo oportunamente, entregando herramientas para que puedan ser replicadas a trav\u00e9s del ejemplo de estos brigadistas\u00bb.<br \/>\nEl d\u00eda viernes 9 de octubre, estos alumnos realizar\u00e1n el tradicional juramento de la Brigada Escolar en la ciudad de San Felipe, junto a todos los brigadistas de la comuna.<\/p>\n","protected":false},"excerpt":{"rendered":"<p>Con el prop\u00f3sito de incentivar la participaci\u00f3n de estudiantes en las brigadas integrales, el Jefe de Ret\u00e9n de Curim\u00f3n, Suboficial de Carabineros Sergio Parra Mancilla junto al cabo Jorge Cartagena, han desarrollado&#8230;<\/p>\n","protected":false},"author":482,"featured_media":62636,"comment_status":"open","ping_status":"open","sticky":false,"template":"","format":"standard","meta":{"advanced_seo_description":"","jetpack_seo_html_title":"","jetpack_seo_noindex":false,"_jetpack_memberships_contains_paid_content":false,"footnotes":""},"categories":[15],"tags":[],"class_list":["post-62635","post","type-post","status-publish","format-standard","has-post-thumbnail","hentry","category-comunidad"],"jetpack_featured_media_url":"https:\/\/i0.wp.com\/eltrabajo.cl\/portal\/wp-content\/uploads\/2015\/10\/Brogada1.jpg?fit=530%2C349&ssl=1","jetpack_sharing_enabled":true,"jetpack_likes_enabled":true,"jetpack-related-posts":[],"_links":{"self":[{"href":"https:\/\/eltrabajo.cl\/portal\/wp-json\/wp\/v2\/posts\/62635","targetHints":{"allow":["GET"]}}],"collection":[{"href":"https:\/\/eltrabajo.cl\/portal\/wp-json\/wp\/v2\/posts"}],"about":[{"href":"https:\/\/eltrabajo.cl\/portal\/wp-json\/wp\/v2\/types\/post"}],"author":[{"embeddable":true,"href":"https:\/\/eltrabajo.cl\/portal\/wp-json\/wp\/v2\/users\/482"}],"replies":[{"embeddable":true,"href":"https:\/\/eltrabajo.cl\/portal\/wp-json\/wp\/v2\/comments?post=62635"}],"version-history":[{"count":0,"href":"https:\/\/eltrabajo.cl\/portal\/wp-json\/wp\/v2\/posts\/62635\/revisions"}],"wp:featuredmedia":[{"embeddable":true,"href":"https:\/\/eltrabajo.cl\/portal\/wp-json\/wp\/v2\/media\/62636"}],"wp:attachment":[{"href":"https:\/\/eltrabajo.cl\/portal\/wp-json\/wp\/v2\/media?parent=62635"}],"wp:term":[{"taxonomy":"category","embeddable":true,"href":"https:\/\/eltrabajo.cl\/portal\/wp-json\/wp\/v2\/categories?post=62635"},{"taxonomy":"post_tag","embeddable":true,"href":"https:\/\/eltrabajo.cl\/portal\/wp-json\/wp\/v2\/tags?post=62635"}],"curies":[{"name":"wp","href":"https:\/\/api.w.org\/{rel}","templated":true}]}}