{"id":62639,"date":"2015-10-06T09:18:26","date_gmt":"2015-10-06T12:18:26","guid":{"rendered":"http:\/\/www.eltrabajo.cl\/portal\/?p=62639"},"modified":"2015-10-06T09:18:26","modified_gmt":"2015-10-06T12:18:26","slug":"vecinos-celebraran-los-50-anos-de-poblacion-roberto-huerta","status":"publish","type":"post","link":"https:\/\/eltrabajo.cl\/portal\/vecinos-celebraran-los-50-anos-de-poblacion-roberto-huerta\/","title":{"rendered":"Vecinos celebrar\u00e1n los 50 a\u00f1os de Poblaci\u00f3n Roberto Huerta"},"content":{"rendered":"<figure id=\"attachment_62640\" aria-describedby=\"caption-attachment-62640\" style=\"width: 300px\" class=\"wp-caption alignleft\"><a href=\"https:\/\/i0.wp.com\/www.eltrabajo.cl\/portal\/wp-content\/uploads\/2015\/10\/Directiva33.jpg\"><img data-recalc-dims=\"1\" loading=\"lazy\" decoding=\"async\" class=\"wp-image-62640 size-medium\" src=\"https:\/\/i0.wp.com\/www.eltrabajo.cl\/portal\/wp-content\/uploads\/2015\/10\/Directiva33-300x198.jpg?resize=300%2C198\" alt=\"LA DIRECTIVA.- Ellos son parte de la directiva vecinal de Poblaci\u00f3n Roberto Huerta: Andr\u00e9s Echeverr\u00eda, Rosa N\u00fa\u00f1ez, Oriana Carmona Villca y Gladys Castro Viuda de Coiro.\" width=\"300\" height=\"198\" srcset=\"https:\/\/i0.wp.com\/eltrabajo.cl\/portal\/wp-content\/uploads\/2015\/10\/Directiva33.jpg?resize=300%2C198&amp;ssl=1 300w, https:\/\/i0.wp.com\/eltrabajo.cl\/portal\/wp-content\/uploads\/2015\/10\/Directiva33.jpg?resize=200%2C132&amp;ssl=1 200w, https:\/\/i0.wp.com\/eltrabajo.cl\/portal\/wp-content\/uploads\/2015\/10\/Directiva33.jpg?resize=227%2C150&amp;ssl=1 227w, https:\/\/i0.wp.com\/eltrabajo.cl\/portal\/wp-content\/uploads\/2015\/10\/Directiva33.jpg?resize=400%2C264&amp;ssl=1 400w, https:\/\/i0.wp.com\/eltrabajo.cl\/portal\/wp-content\/uploads\/2015\/10\/Directiva33.jpg?w=530&amp;ssl=1 530w\" sizes=\"auto, (max-width: 300px) 100vw, 300px\" \/><\/a><figcaption id=\"caption-attachment-62640\" class=\"wp-caption-text\">LA DIRECTIVA.- Ellos son parte de la directiva vecinal de Poblaci\u00f3n Roberto Huerta: Andr\u00e9s Echeverr\u00eda, Rosa N\u00fa\u00f1ez, Oriana Carmona Villca y Gladys Castro Viuda de Coiro.<\/figcaption><\/figure>\n<p><strong>SANTA MAR\u00cdA.-<\/strong> \u00abEn 1970 se conform\u00f3 Cooperativa de Ahorro y Cr\u00e9dito Santa Mar\u00eda, pues las necesidades de aquella generaci\u00f3n era m\u00e1s grande y no pod\u00edamos quedarnos ah\u00ed, hab\u00edan m\u00e1s de 64 familias sin casa, viviendo en muy malas condiciones, ten\u00edamos que actuar, yo no impuls\u00e9 este proyecto para recibir honores, simplemente esa era mi obligaci\u00f3n y cumpl\u00ed con ella\u00bb, as\u00ed describi\u00f3 a Diario El Trabajo el hombre que ostenta el nombre Roberto Huerta, quien fundara el 9 de agosto de 1965 la poblaci\u00f3n que desde esa fecha existe y lleva su nombre.<\/p>\n<p><strong>LA CELEBRACI\u00d3N<\/strong><br \/>\nEs por ello que la actual junta vecinal de Poblaci\u00f3n Roberto Huerta estar\u00e1 celebrando este s\u00e1bado 10 de octubre el 50\u00ba aniversario, as\u00ed lo inform\u00f3 a nuestro medio el presidente de la junta vecinal, Andr\u00e9s Echeverr\u00eda.<br \/>\n\u00abTenemos programada para el s\u00e1bado toda una gala especial para celebrar nuestro medio siglo de vida como poblaci\u00f3n, a las 16:00 horas tendremos una Misa de Acci\u00f3n de gracias; seguiremos una convivencia entre los vecinos y reconocimientos especiales a los vecinos fundadores, para cerrar con una cena de gala y baile a todo dar\u00bb, explic\u00f3 Echeverr\u00eda.<br \/>\nSeg\u00fan explic\u00f3 este dirigente, los vecinos siguen siendo tan unidos como antes, \u00abcada vez que fallece un vecino en nuestra poblaci\u00f3n, los dem\u00e1s pobladores asistimos a esa familia en todo, hasta una colecta de alimentos o de lo que se necesite realizamos, para entregarla a ellos cuando terminen los funerales.\u00bb<\/p>\n<p><strong>AN\u00c9CDOTAS<\/strong><br \/>\nDiario El Trabajo habl\u00f3 tambi\u00e9n con la vecina Gladys Castro, quien era la secretaria de esa cooperativa en esos a\u00f1os, mencion\u00f3 que \u00abyo recuerdo que en esos a\u00f1os hab\u00eda un comisionado de Ohio, USA, quien ten\u00eda injerencia en nuestro proyecto, pues operaba en aquellos a\u00f1os \u2018La Alianza para el progreso\u2019, pol\u00edtica regionalista del presidente John F. Kennedy, y pues \u00e9l pidi\u00f3 en una reuni\u00f3n, que la poblaci\u00f3n se deb\u00eda llamar \u2018Santa Mar\u00eda de Ohio\u2019, entonces el alcalde Leopoldo Ahumada le dijo tajantemente delante de todos: \u2018Mire M\u00edster, yo soy el alcalde aqu\u00ed y esta villa se llamar\u00e1 Poblaci\u00f3n Roberto Huerta\u2026 y punto, pues yo soy quien manda aqu\u00ed\u00bb, explic\u00f3 Castro.<br \/>\nQuienes laboramos en Diario El Trabajo hoy saludamos p\u00fablicamente a todos los vecinos y dirigentes de Poblaci\u00f3n Roberto Huerta de Santa Mar\u00eda en este importante aniversario.<br \/>\n<strong>Roberto Gonz\u00e1lez Short<\/strong><br \/>\n<strong>rgonzalez@eltrabajo.cl<\/strong><\/p>\n<div class=\"tiled-gallery type-rectangular tiled-gallery-unresized\" data-original-width=\"640\" data-carousel-extra='null' itemscope itemtype=\"http:\/\/schema.org\/ImageGallery\" > <div class=\"gallery-row\" style=\"width: 640px; height: 282px;\" data-original-width=\"640\" data-original-height=\"282\" > <div class=\"gallery-group images-1\" style=\"width: 428px; height: 282px;\" data-original-width=\"428\" data-original-height=\"282\" > <div class=\"tiled-gallery-item tiled-gallery-item-large\" itemprop=\"associatedMedia\" itemscope itemtype=\"http:\/\/schema.org\/ImageObject\"> <a href=\"https:\/\/eltrabajo.cl\/portal\/vecinos-celebraran-los-50-anos-de-poblacion-roberto-huerta\/roberto-huerta-2\/\" border=\"0\" itemprop=\"url\"> <meta itemprop=\"width\" content=\"424\"> <meta itemprop=\"height\" content=\"278\"> <img decoding=\"async\" class=\"\" data-attachment-id=\"62643\" data-orig-file=\"https:\/\/eltrabajo.cl\/portal\/wp-content\/uploads\/2015\/10\/Roberto-Huerta.jpg\" data-orig-size=\"530,348\" data-comments-opened=\"1\" data-image-meta=\"{&quot;aperture&quot;:&quot;0&quot;,&quot;credit&quot;:&quot;&quot;,&quot;camera&quot;:&quot;&quot;,&quot;caption&quot;:&quot;&quot;,&quot;created_timestamp&quot;:&quot;0&quot;,&quot;copyright&quot;:&quot;&quot;,&quot;focal_length&quot;:&quot;0&quot;,&quot;iso&quot;:&quot;0&quot;,&quot;shutter_speed&quot;:&quot;0&quot;,&quot;title&quot;:&quot;&quot;,&quot;orientation&quot;:&quot;0&quot;}\" data-image-title=\"Roberto Huerta\" data-image-description=\"&lt;p&gt;Roberto Huerta, exsacerdote cat\u00f3lico y gran gestor social.&lt;\/p&gt; \" data-medium-file=\"https:\/\/i0.wp.com\/eltrabajo.cl\/portal\/wp-content\/uploads\/2015\/10\/Roberto-Huerta.jpg?fit=300%2C197&#038;ssl=1\" data-large-file=\"https:\/\/i0.wp.com\/eltrabajo.cl\/portal\/wp-content\/uploads\/2015\/10\/Roberto-Huerta.jpg?fit=530%2C348&#038;ssl=1\" src=\"https:\/\/i0.wp.com\/eltrabajo.cl\/portal\/wp-content\/uploads\/2015\/10\/Roberto-Huerta.jpg?w=424&#038;h=278&#038;ssl=1\" srcset=\"https:\/\/i0.wp.com\/eltrabajo.cl\/portal\/wp-content\/uploads\/2015\/10\/Roberto-Huerta.jpg?w=530&amp;ssl=1 530w, https:\/\/i0.wp.com\/eltrabajo.cl\/portal\/wp-content\/uploads\/2015\/10\/Roberto-Huerta.jpg?resize=200%2C131&amp;ssl=1 200w, https:\/\/i0.wp.com\/eltrabajo.cl\/portal\/wp-content\/uploads\/2015\/10\/Roberto-Huerta.jpg?resize=300%2C197&amp;ssl=1 300w, https:\/\/i0.wp.com\/eltrabajo.cl\/portal\/wp-content\/uploads\/2015\/10\/Roberto-Huerta.jpg?resize=228%2C150&amp;ssl=1 228w, https:\/\/i0.wp.com\/eltrabajo.cl\/portal\/wp-content\/uploads\/2015\/10\/Roberto-Huerta.jpg?resize=400%2C263&amp;ssl=1 400w\" width=\"424\" height=\"278\" loading=\"lazy\" data-original-width=\"424\" data-original-height=\"278\" itemprop=\"http:\/\/schema.org\/image\" title=\"Roberto Huerta\" alt=\"Roberto Huerta, exsacerdote cat\u00f3lico y gran gestor social.\" style=\"width: 424px; height: 278px;\" \/> <\/a> <div class=\"tiled-gallery-caption\" itemprop=\"caption description\"> Roberto Huerta, exsacerdote cat\u00f3lico y gran gestor social. <\/div> <\/div> <\/div> <!-- close group --> <div class=\"gallery-group images-2\" style=\"width: 212px; height: 282px;\" data-original-width=\"212\" data-original-height=\"282\" > <div class=\"tiled-gallery-item tiled-gallery-item-small\" itemprop=\"associatedMedia\" itemscope itemtype=\"http:\/\/schema.org\/ImageObject\"> <a href=\"https:\/\/eltrabajo.cl\/portal\/vecinos-celebraran-los-50-anos-de-poblacion-roberto-huerta\/andres-echeverria\/\" border=\"0\" itemprop=\"url\"> <meta itemprop=\"width\" content=\"208\"> <meta itemprop=\"height\" content=\"137\"> <img decoding=\"async\" class=\"\" data-attachment-id=\"62641\" data-orig-file=\"https:\/\/eltrabajo.cl\/portal\/wp-content\/uploads\/2015\/10\/Andres-Echeverria.jpg\" data-orig-size=\"530,350\" data-comments-opened=\"1\" data-image-meta=\"{&quot;aperture&quot;:&quot;0&quot;,&quot;credit&quot;:&quot;&quot;,&quot;camera&quot;:&quot;&quot;,&quot;caption&quot;:&quot;&quot;,&quot;created_timestamp&quot;:&quot;0&quot;,&quot;copyright&quot;:&quot;&quot;,&quot;focal_length&quot;:&quot;0&quot;,&quot;iso&quot;:&quot;0&quot;,&quot;shutter_speed&quot;:&quot;0&quot;,&quot;title&quot;:&quot;&quot;,&quot;orientation&quot;:&quot;0&quot;}\" data-image-title=\"Andres Echeverria\" data-image-description=\"&lt;p&gt;Presidente de la junta vecinal, Andr\u00e9s Echeverr\u00eda.&lt;\/p&gt; \" data-medium-file=\"https:\/\/i0.wp.com\/eltrabajo.cl\/portal\/wp-content\/uploads\/2015\/10\/Andres-Echeverria.jpg?fit=300%2C198&#038;ssl=1\" data-large-file=\"https:\/\/i0.wp.com\/eltrabajo.cl\/portal\/wp-content\/uploads\/2015\/10\/Andres-Echeverria.jpg?fit=530%2C350&#038;ssl=1\" src=\"https:\/\/i0.wp.com\/eltrabajo.cl\/portal\/wp-content\/uploads\/2015\/10\/Andres-Echeverria.jpg?w=208&#038;h=137&#038;ssl=1\" srcset=\"https:\/\/i0.wp.com\/eltrabajo.cl\/portal\/wp-content\/uploads\/2015\/10\/Andres-Echeverria.jpg?w=530&amp;ssl=1 530w, https:\/\/i0.wp.com\/eltrabajo.cl\/portal\/wp-content\/uploads\/2015\/10\/Andres-Echeverria.jpg?resize=200%2C132&amp;ssl=1 200w, https:\/\/i0.wp.com\/eltrabajo.cl\/portal\/wp-content\/uploads\/2015\/10\/Andres-Echeverria.jpg?resize=300%2C198&amp;ssl=1 300w, https:\/\/i0.wp.com\/eltrabajo.cl\/portal\/wp-content\/uploads\/2015\/10\/Andres-Echeverria.jpg?resize=227%2C150&amp;ssl=1 227w, https:\/\/i0.wp.com\/eltrabajo.cl\/portal\/wp-content\/uploads\/2015\/10\/Andres-Echeverria.jpg?resize=400%2C264&amp;ssl=1 400w\" width=\"208\" height=\"137\" loading=\"lazy\" data-original-width=\"208\" data-original-height=\"137\" itemprop=\"http:\/\/schema.org\/image\" title=\"Andres Echeverria\" alt=\"Presidente de la junta vecinal, Andr\u00e9s Echeverr\u00eda.\" style=\"width: 208px; height: 137px;\" \/> <\/a> <div class=\"tiled-gallery-caption\" itemprop=\"caption description\"> Presidente de la junta vecinal, Andr\u00e9s Echeverr\u00eda. <\/div> <\/div> <div class=\"tiled-gallery-item tiled-gallery-item-small\" itemprop=\"associatedMedia\" itemscope itemtype=\"http:\/\/schema.org\/ImageObject\"> <a href=\"https:\/\/eltrabajo.cl\/portal\/vecinos-celebraran-los-50-anos-de-poblacion-roberto-huerta\/gladys-castro\/\" border=\"0\" itemprop=\"url\"> <meta itemprop=\"width\" content=\"208\"> <meta itemprop=\"height\" content=\"137\"> <img decoding=\"async\" class=\"\" data-attachment-id=\"62642\" data-orig-file=\"https:\/\/eltrabajo.cl\/portal\/wp-content\/uploads\/2015\/10\/Gladys-Castro.jpg\" data-orig-size=\"530,348\" data-comments-opened=\"1\" data-image-meta=\"{&quot;aperture&quot;:&quot;0&quot;,&quot;credit&quot;:&quot;&quot;,&quot;camera&quot;:&quot;&quot;,&quot;caption&quot;:&quot;&quot;,&quot;created_timestamp&quot;:&quot;0&quot;,&quot;copyright&quot;:&quot;&quot;,&quot;focal_length&quot;:&quot;0&quot;,&quot;iso&quot;:&quot;0&quot;,&quot;shutter_speed&quot;:&quot;0&quot;,&quot;title&quot;:&quot;&quot;,&quot;orientation&quot;:&quot;0&quot;}\" data-image-title=\"Gladys Castro\" data-image-description=\"&lt;p&gt;Gladys Castro, era la secretaria de esa cooperativa en esos a\u00f1os.&lt;\/p&gt; \" data-medium-file=\"https:\/\/i0.wp.com\/eltrabajo.cl\/portal\/wp-content\/uploads\/2015\/10\/Gladys-Castro.jpg?fit=300%2C197&#038;ssl=1\" data-large-file=\"https:\/\/i0.wp.com\/eltrabajo.cl\/portal\/wp-content\/uploads\/2015\/10\/Gladys-Castro.jpg?fit=530%2C348&#038;ssl=1\" src=\"https:\/\/i0.wp.com\/eltrabajo.cl\/portal\/wp-content\/uploads\/2015\/10\/Gladys-Castro.jpg?w=208&#038;h=137&#038;ssl=1\" srcset=\"https:\/\/i0.wp.com\/eltrabajo.cl\/portal\/wp-content\/uploads\/2015\/10\/Gladys-Castro.jpg?w=530&amp;ssl=1 530w, https:\/\/i0.wp.com\/eltrabajo.cl\/portal\/wp-content\/uploads\/2015\/10\/Gladys-Castro.jpg?resize=200%2C131&amp;ssl=1 200w, https:\/\/i0.wp.com\/eltrabajo.cl\/portal\/wp-content\/uploads\/2015\/10\/Gladys-Castro.jpg?resize=300%2C197&amp;ssl=1 300w, https:\/\/i0.wp.com\/eltrabajo.cl\/portal\/wp-content\/uploads\/2015\/10\/Gladys-Castro.jpg?resize=228%2C150&amp;ssl=1 228w, https:\/\/i0.wp.com\/eltrabajo.cl\/portal\/wp-content\/uploads\/2015\/10\/Gladys-Castro.jpg?resize=400%2C263&amp;ssl=1 400w\" width=\"208\" height=\"137\" loading=\"lazy\" data-original-width=\"208\" data-original-height=\"137\" itemprop=\"http:\/\/schema.org\/image\" title=\"Gladys Castro\" alt=\"Gladys Castro, era la secretaria de esa cooperativa en esos a\u00f1os.\" style=\"width: 208px; height: 137px;\" \/> <\/a> <div class=\"tiled-gallery-caption\" itemprop=\"caption description\"> Gladys Castro, era la secretaria de esa cooperativa en esos a\u00f1os. <\/div> <\/div> <\/div> <!-- close group --> <\/div> <!-- close row --> <\/div>\n","protected":false},"excerpt":{"rendered":"<p>SANTA MAR\u00cdA.- \u00abEn 1970 se conform\u00f3 Cooperativa de Ahorro y Cr\u00e9dito Santa Mar\u00eda, pues las necesidades de aquella generaci\u00f3n era m\u00e1s grande y no pod\u00edamos quedarnos ah\u00ed, hab\u00edan m\u00e1s de 64 familias&#8230;<\/p>\n","protected":false},"author":482,"featured_media":62640,"comment_status":"open","ping_status":"open","sticky":false,"template":"","format":"standard","meta":{"advanced_seo_description":"","jetpack_seo_html_title":"","jetpack_seo_noindex":false,"_jetpack_memberships_contains_paid_content":false,"footnotes":""},"categories":[15],"tags":[],"class_list":["post-62639","post","type-post","status-publish","format-standard","has-post-thumbnail","hentry","category-comunidad"],"jetpack_featured_media_url":"https:\/\/i0.wp.com\/eltrabajo.cl\/portal\/wp-content\/uploads\/2015\/10\/Directiva33.jpg?fit=530%2C350&ssl=1","jetpack_sharing_enabled":true,"jetpack_likes_enabled":true,"jetpack-related-posts":[],"_links":{"self":[{"href":"https:\/\/eltrabajo.cl\/portal\/wp-json\/wp\/v2\/posts\/62639","targetHints":{"allow":["GET"]}}],"collection":[{"href":"https:\/\/eltrabajo.cl\/portal\/wp-json\/wp\/v2\/posts"}],"about":[{"href":"https:\/\/eltrabajo.cl\/portal\/wp-json\/wp\/v2\/types\/post"}],"author":[{"embeddable":true,"href":"https:\/\/eltrabajo.cl\/portal\/wp-json\/wp\/v2\/users\/482"}],"replies":[{"embeddable":true,"href":"https:\/\/eltrabajo.cl\/portal\/wp-json\/wp\/v2\/comments?post=62639"}],"version-history":[{"count":0,"href":"https:\/\/eltrabajo.cl\/portal\/wp-json\/wp\/v2\/posts\/62639\/revisions"}],"wp:featuredmedia":[{"embeddable":true,"href":"https:\/\/eltrabajo.cl\/portal\/wp-json\/wp\/v2\/media\/62640"}],"wp:attachment":[{"href":"https:\/\/eltrabajo.cl\/portal\/wp-json\/wp\/v2\/media?parent=62639"}],"wp:term":[{"taxonomy":"category","embeddable":true,"href":"https:\/\/eltrabajo.cl\/portal\/wp-json\/wp\/v2\/categories?post=62639"},{"taxonomy":"post_tag","embeddable":true,"href":"https:\/\/eltrabajo.cl\/portal\/wp-json\/wp\/v2\/tags?post=62639"}],"curies":[{"name":"wp","href":"https:\/\/api.w.org\/{rel}","templated":true}]}}