{"id":62645,"date":"2015-10-06T09:21:13","date_gmt":"2015-10-06T12:21:13","guid":{"rendered":"http:\/\/www.eltrabajo.cl\/portal\/?p=62645"},"modified":"2015-10-06T09:21:13","modified_gmt":"2015-10-06T12:21:13","slug":"senda-realiza-talleres-preventivos-del-consumo-de-drogas-en-comunidad-catemina","status":"publish","type":"post","link":"https:\/\/eltrabajo.cl\/portal\/senda-realiza-talleres-preventivos-del-consumo-de-drogas-en-comunidad-catemina\/","title":{"rendered":"Senda realiza talleres preventivos del consumo de drogas en comunidad catemina"},"content":{"rendered":"<figure id=\"attachment_62646\" aria-describedby=\"caption-attachment-62646\" style=\"width: 300px\" class=\"wp-caption alignleft\"><a href=\"https:\/\/i0.wp.com\/www.eltrabajo.cl\/portal\/wp-content\/uploads\/2015\/10\/Capacitacion-Senda-previene.jpg\"><img data-recalc-dims=\"1\" loading=\"lazy\" decoding=\"async\" class=\"wp-image-62646 size-medium\" src=\"https:\/\/i0.wp.com\/www.eltrabajo.cl\/portal\/wp-content\/uploads\/2015\/10\/Capacitacion-Senda-previene-300x198.jpg?resize=300%2C198\" alt=\"El Programa Senda Previene Catemu se encuentra realizando una serie de capacitaciones preventivas para evitar el consumo de drogas en la familia y la comunidad. \" width=\"300\" height=\"198\" srcset=\"https:\/\/i0.wp.com\/eltrabajo.cl\/portal\/wp-content\/uploads\/2015\/10\/Capacitacion-Senda-previene.jpg?resize=300%2C198&amp;ssl=1 300w, https:\/\/i0.wp.com\/eltrabajo.cl\/portal\/wp-content\/uploads\/2015\/10\/Capacitacion-Senda-previene.jpg?resize=200%2C132&amp;ssl=1 200w, https:\/\/i0.wp.com\/eltrabajo.cl\/portal\/wp-content\/uploads\/2015\/10\/Capacitacion-Senda-previene.jpg?resize=227%2C150&amp;ssl=1 227w, https:\/\/i0.wp.com\/eltrabajo.cl\/portal\/wp-content\/uploads\/2015\/10\/Capacitacion-Senda-previene.jpg?resize=400%2C264&amp;ssl=1 400w, https:\/\/i0.wp.com\/eltrabajo.cl\/portal\/wp-content\/uploads\/2015\/10\/Capacitacion-Senda-previene.jpg?w=530&amp;ssl=1 530w\" sizes=\"auto, (max-width: 300px) 100vw, 300px\" \/><\/a><figcaption id=\"caption-attachment-62646\" class=\"wp-caption-text\">El Programa Senda Previene Catemu se encuentra realizando una serie de capacitaciones preventivas para evitar el consumo de drogas en la familia y la comunidad.<\/figcaption><\/figure>\n<p><strong>CATEMU.<\/strong>&#8211; El Programa Senda Previene Catemu se encuentra realizando una serie de capacitaciones preventivas a la comunidad, entregando herramientas preventivas a las familias.<br \/>\n\u2018Como Prevenir desde la Familia\u2019 es el objetivo de esta capacitaci\u00f3n, que busca fortalecer los factores protectores y mejorar sus competencias como padres estar\u00e1n creadas las condiciones para que sus hijos\/as no consuman drogas, o si surge un problema de consumo puedan frenar su avance y evitar que se convierta en un problema m\u00e1s grave.<br \/>\nCon una excelente acogida de parte de las personas se ha realizado estas charlas en diferentes lugares de Catemu, trabajo que contempla y se canaliza a trav\u00e9s de las organizaciones comunitarias tanto en el sector c\u00e9ntrico, como en sectores rurales.<br \/>\nLas dos \u00faltimas capacitaciones realizadas fueron dirigidas a miembros de la organizaci\u00f3n cultural Los Pumas en la sede comunitaria de Los Cerrillos y a Centro de Madres RADA impartida el viernes 2 de octubre 2015 en la sede comunitaria.<br \/>\n\u201cSenda Previene tiene por objetivo realizar este trabajo preventivo en la comuna, mejorando las competencias en los padres y generando adem\u00e1s monitores preventivos. Este trabajo se continuar\u00e1 realizando el segundo semestre fortaleciendo la tem\u00e1tica preventiva en la comuna\u201d, se\u00f1al\u00f3 Claudia Del Canto, la coordinadora del Programa.<\/p>\n","protected":false},"excerpt":{"rendered":"<p>CATEMU.&#8211; El Programa Senda Previene Catemu se encuentra realizando una serie de capacitaciones preventivas a la comunidad, entregando herramientas preventivas a las familias. \u2018Como Prevenir desde la Familia\u2019 es el objetivo de&#8230;<\/p>\n","protected":false},"author":482,"featured_media":62646,"comment_status":"open","ping_status":"open","sticky":false,"template":"","format":"standard","meta":{"advanced_seo_description":"","jetpack_seo_html_title":"","jetpack_seo_noindex":false,"_jetpack_memberships_contains_paid_content":false,"footnotes":""},"categories":[15],"tags":[],"class_list":["post-62645","post","type-post","status-publish","format-standard","has-post-thumbnail","hentry","category-comunidad"],"jetpack_featured_media_url":"https:\/\/i0.wp.com\/eltrabajo.cl\/portal\/wp-content\/uploads\/2015\/10\/Capacitacion-Senda-previene.jpg?fit=530%2C350&ssl=1","jetpack_sharing_enabled":true,"jetpack_likes_enabled":true,"jetpack-related-posts":[],"_links":{"self":[{"href":"https:\/\/eltrabajo.cl\/portal\/wp-json\/wp\/v2\/posts\/62645","targetHints":{"allow":["GET"]}}],"collection":[{"href":"https:\/\/eltrabajo.cl\/portal\/wp-json\/wp\/v2\/posts"}],"about":[{"href":"https:\/\/eltrabajo.cl\/portal\/wp-json\/wp\/v2\/types\/post"}],"author":[{"embeddable":true,"href":"https:\/\/eltrabajo.cl\/portal\/wp-json\/wp\/v2\/users\/482"}],"replies":[{"embeddable":true,"href":"https:\/\/eltrabajo.cl\/portal\/wp-json\/wp\/v2\/comments?post=62645"}],"version-history":[{"count":0,"href":"https:\/\/eltrabajo.cl\/portal\/wp-json\/wp\/v2\/posts\/62645\/revisions"}],"wp:featuredmedia":[{"embeddable":true,"href":"https:\/\/eltrabajo.cl\/portal\/wp-json\/wp\/v2\/media\/62646"}],"wp:attachment":[{"href":"https:\/\/eltrabajo.cl\/portal\/wp-json\/wp\/v2\/media?parent=62645"}],"wp:term":[{"taxonomy":"category","embeddable":true,"href":"https:\/\/eltrabajo.cl\/portal\/wp-json\/wp\/v2\/categories?post=62645"},{"taxonomy":"post_tag","embeddable":true,"href":"https:\/\/eltrabajo.cl\/portal\/wp-json\/wp\/v2\/tags?post=62645"}],"curies":[{"name":"wp","href":"https:\/\/api.w.org\/{rel}","templated":true}]}}