{"id":62648,"date":"2015-10-06T09:22:47","date_gmt":"2015-10-06T12:22:47","guid":{"rendered":"http:\/\/www.eltrabajo.cl\/portal\/?p=62648"},"modified":"2015-10-06T09:22:47","modified_gmt":"2015-10-06T12:22:47","slug":"inauguran-clinica-de-lactancia-materna-en-el-cesfam-de-panquehue","status":"publish","type":"post","link":"https:\/\/eltrabajo.cl\/portal\/inauguran-clinica-de-lactancia-materna-en-el-cesfam-de-panquehue\/","title":{"rendered":"Inauguran cl\u00ednica de lactancia materna en el Cesfam de Panquehue"},"content":{"rendered":"<figure id=\"attachment_62649\" aria-describedby=\"caption-attachment-62649\" style=\"width: 300px\" class=\"wp-caption alignleft\"><a href=\"https:\/\/i0.wp.com\/www.eltrabajo.cl\/portal\/wp-content\/uploads\/2015\/10\/Clinica-lactancia-materna-Cesfam-Panquehue.jpg\"><img data-recalc-dims=\"1\" loading=\"lazy\" decoding=\"async\" class=\"wp-image-62649 size-medium\" src=\"https:\/\/i0.wp.com\/www.eltrabajo.cl\/portal\/wp-content\/uploads\/2015\/10\/Clinica-lactancia-materna-Cesfam-Panquehue-300x198.jpg?resize=300%2C198\" alt=\"El alcalde Pradenas junto al equipo de trabajo del Cesfam, inaugurando la nueva cl\u00ednica de lactancia materna del centro asistencial.\" width=\"300\" height=\"198\" srcset=\"https:\/\/i0.wp.com\/eltrabajo.cl\/portal\/wp-content\/uploads\/2015\/10\/Clinica-lactancia-materna-Cesfam-Panquehue.jpg?resize=300%2C198&amp;ssl=1 300w, https:\/\/i0.wp.com\/eltrabajo.cl\/portal\/wp-content\/uploads\/2015\/10\/Clinica-lactancia-materna-Cesfam-Panquehue.jpg?resize=200%2C132&amp;ssl=1 200w, https:\/\/i0.wp.com\/eltrabajo.cl\/portal\/wp-content\/uploads\/2015\/10\/Clinica-lactancia-materna-Cesfam-Panquehue.jpg?resize=227%2C150&amp;ssl=1 227w, https:\/\/i0.wp.com\/eltrabajo.cl\/portal\/wp-content\/uploads\/2015\/10\/Clinica-lactancia-materna-Cesfam-Panquehue.jpg?resize=400%2C264&amp;ssl=1 400w, https:\/\/i0.wp.com\/eltrabajo.cl\/portal\/wp-content\/uploads\/2015\/10\/Clinica-lactancia-materna-Cesfam-Panquehue.jpg?w=530&amp;ssl=1 530w\" sizes=\"auto, (max-width: 300px) 100vw, 300px\" \/><\/a><figcaption id=\"caption-attachment-62649\" class=\"wp-caption-text\">El alcalde Pradenas junto al equipo de trabajo del Cesfam, inaugurando la nueva cl\u00ednica de lactancia materna del centro asistencial.<\/figcaption><\/figure>\n<ul>\n<li><strong>Se trata de un plan inserto en las pol\u00edticas del programa Chile Crece Contigo y Promoci\u00f3n de la Salud, para el fomento y la promoci\u00f3n de la lactancia.<\/strong><\/li>\n<\/ul>\n<p><strong>PANQUEHUE.<\/strong>&#8211; A trav\u00e9s de una sencilla, pero muy emotiva ceremonia, el alcalde Luis Pradenas procedi\u00f3 a dar por inaugurada, la primera cl\u00ednica de lactancia materna, ubicada al interior de las instalaciones del Cesfam de la comuna.<br \/>\nSe trata de un plan inserto en el marco de las pol\u00edticas p\u00fablicas del programa Chile Crece Contigo y Promoci\u00f3n de la Salud, en comunas y comunidades saludables, para as\u00ed potenciar la creaci\u00f3n de estas cl\u00ednicas de lactancia materna y promocionar la iniciativa.<br \/>\nDiversos estudios cient\u00edficos avalan la importancia de la lactancia exclusiva dentro de los 6 primeros meses, pues es fundamental para el desarrollo posterior y la interacci\u00f3n con el entorno. Ahora debido a que hoy la tendencia nacional va hacia la baja en la lactancia materna, el Cesfam junto con la Municipalidad de Panquehue, se han hecho eco de las demandas de la comunidad para as\u00ed poder paliar aquello, por esto surge la idea de implementar una cl\u00ednica de lactancia materna, buscando el fomento, apego y satisfacci\u00f3n familiar.<br \/>\nDe acuerdo a lo informado por el Director del Cesfam de Panquehue Dr. Te\u00f3filo Reyes, esta cl\u00ednica se estar\u00e1 a cargo de un equipo multidisciplinario, contando con la participaci\u00f3n de nutricionistas, enfermeras, matronas y educadoras de p\u00e1rvulos. Estos profesionales ser\u00e1n quinees tengan la tarea de ayudar a aquellas familias que se encuentren en dificultad para llevar a cabo la lactancia materna, teniendo como objetivo una buena adherencia de esto.<br \/>\nEl proyecto est\u00e1 financiando con fondos del plan comunal de promoci\u00f3n de la salud y el programa al desarrollo biopsicosocial de la primera infancia.<\/p>\n","protected":false},"excerpt":{"rendered":"<p>Se trata de un plan inserto en las pol\u00edticas del programa Chile Crece Contigo y Promoci\u00f3n de la Salud, para el fomento y la promoci\u00f3n de la lactancia. PANQUEHUE.&#8211; A trav\u00e9s de&#8230;<\/p>\n","protected":false},"author":482,"featured_media":62649,"comment_status":"open","ping_status":"open","sticky":false,"template":"","format":"standard","meta":{"advanced_seo_description":"","jetpack_seo_html_title":"","jetpack_seo_noindex":false,"_jetpack_memberships_contains_paid_content":false,"footnotes":""},"categories":[15],"tags":[],"class_list":["post-62648","post","type-post","status-publish","format-standard","has-post-thumbnail","hentry","category-comunidad"],"jetpack_featured_media_url":"https:\/\/i0.wp.com\/eltrabajo.cl\/portal\/wp-content\/uploads\/2015\/10\/Clinica-lactancia-materna-Cesfam-Panquehue.jpg?fit=530%2C350&ssl=1","jetpack_sharing_enabled":true,"jetpack_likes_enabled":true,"jetpack-related-posts":[],"_links":{"self":[{"href":"https:\/\/eltrabajo.cl\/portal\/wp-json\/wp\/v2\/posts\/62648","targetHints":{"allow":["GET"]}}],"collection":[{"href":"https:\/\/eltrabajo.cl\/portal\/wp-json\/wp\/v2\/posts"}],"about":[{"href":"https:\/\/eltrabajo.cl\/portal\/wp-json\/wp\/v2\/types\/post"}],"author":[{"embeddable":true,"href":"https:\/\/eltrabajo.cl\/portal\/wp-json\/wp\/v2\/users\/482"}],"replies":[{"embeddable":true,"href":"https:\/\/eltrabajo.cl\/portal\/wp-json\/wp\/v2\/comments?post=62648"}],"version-history":[{"count":0,"href":"https:\/\/eltrabajo.cl\/portal\/wp-json\/wp\/v2\/posts\/62648\/revisions"}],"wp:featuredmedia":[{"embeddable":true,"href":"https:\/\/eltrabajo.cl\/portal\/wp-json\/wp\/v2\/media\/62649"}],"wp:attachment":[{"href":"https:\/\/eltrabajo.cl\/portal\/wp-json\/wp\/v2\/media?parent=62648"}],"wp:term":[{"taxonomy":"category","embeddable":true,"href":"https:\/\/eltrabajo.cl\/portal\/wp-json\/wp\/v2\/categories?post=62648"},{"taxonomy":"post_tag","embeddable":true,"href":"https:\/\/eltrabajo.cl\/portal\/wp-json\/wp\/v2\/tags?post=62648"}],"curies":[{"name":"wp","href":"https:\/\/api.w.org\/{rel}","templated":true}]}}