{"id":62651,"date":"2015-10-06T09:27:11","date_gmt":"2015-10-06T12:27:11","guid":{"rendered":"http:\/\/www.eltrabajo.cl\/portal\/?p=62651"},"modified":"2015-10-06T09:27:11","modified_gmt":"2015-10-06T12:27:11","slug":"estudiantes-de-carrera-minera-de-liceo-dario-salas-visitan-codelco","status":"publish","type":"post","link":"https:\/\/eltrabajo.cl\/portal\/estudiantes-de-carrera-minera-de-liceo-dario-salas-visitan-codelco\/","title":{"rendered":"Estudiantes de carrera minera de Liceo Dar\u00edo Salas visitan Codelco"},"content":{"rendered":"<figure id=\"attachment_62652\" aria-describedby=\"caption-attachment-62652\" style=\"width: 300px\" class=\"wp-caption alignleft\"><a href=\"https:\/\/i0.wp.com\/www.eltrabajo.cl\/portal\/wp-content\/uploads\/2015\/10\/Visita-Liceo-Dario-Salas-Codelco.jpg\"><img data-recalc-dims=\"1\" loading=\"lazy\" decoding=\"async\" class=\"wp-image-62652 size-medium\" src=\"https:\/\/i0.wp.com\/www.eltrabajo.cl\/portal\/wp-content\/uploads\/2015\/10\/Visita-Liceo-Dario-Salas-Codelco-300x198.jpg?resize=300%2C198\" alt=\"25 alumnos participaron de esta actividad y conocieron el simulador de camiones de extracci\u00f3n de la mina rajo (CAEX).\" width=\"300\" height=\"198\" srcset=\"https:\/\/i0.wp.com\/eltrabajo.cl\/portal\/wp-content\/uploads\/2015\/10\/Visita-Liceo-Dario-Salas-Codelco.jpg?resize=300%2C198&amp;ssl=1 300w, https:\/\/i0.wp.com\/eltrabajo.cl\/portal\/wp-content\/uploads\/2015\/10\/Visita-Liceo-Dario-Salas-Codelco.jpg?resize=200%2C132&amp;ssl=1 200w, https:\/\/i0.wp.com\/eltrabajo.cl\/portal\/wp-content\/uploads\/2015\/10\/Visita-Liceo-Dario-Salas-Codelco.jpg?resize=228%2C150&amp;ssl=1 228w, https:\/\/i0.wp.com\/eltrabajo.cl\/portal\/wp-content\/uploads\/2015\/10\/Visita-Liceo-Dario-Salas-Codelco.jpg?resize=400%2C263&amp;ssl=1 400w, https:\/\/i0.wp.com\/eltrabajo.cl\/portal\/wp-content\/uploads\/2015\/10\/Visita-Liceo-Dario-Salas-Codelco.jpg?w=530&amp;ssl=1 530w\" sizes=\"auto, (max-width: 300px) 100vw, 300px\" \/><\/a><figcaption id=\"caption-attachment-62652\" class=\"wp-caption-text\">25 alumnos participaron de esta actividad y conocieron el simulador de camiones de extracci\u00f3n de la mina rajo (CAEX).<\/figcaption><\/figure>\n<ul>\n<li><strong>Un grupo de 25 alumnos conocieron el simulador de camiones de alto tonelaje de la mina rajo y el Centro Integrado de Operaciones (CIO) de la compa\u00f1\u00eda.<\/strong><\/li>\n<\/ul>\n<p><strong>LOS ANDES.<\/strong>&#8211; Codelco Andina contin\u00faa propiciando su acercamiento con la comunidad y en este desaf\u00edo recibi\u00f3 la visita del cuarto a\u00f1o medio de la carrera de explotaci\u00f3n minera del Liceo Dar\u00edo Salas de Santa Mar\u00eda. Los estudiantes conocieron el simulador de camiones de extracci\u00f3n de la mina rajo (CAEX) y el Centro Integrado de Operaciones (CIO) de acercarse en la pr\u00e1ctica a los procesos mineros.<br \/>\nEl grupo \u2013compuesto por 25 alumnos\u2013 se mantuvo motivado y con ganas de recibir la mayor cantidad de conocimientos en su visita guiada. Mario Tauc\u00e1n, analista en gesti\u00f3n capacitaci\u00f3n mina rajo de Codelco Andina, sostuvo que \u201cel inter\u00e9s demuestra que ellos quieren aprender m\u00e1s sobre miner\u00eda. Y est\u00e1 bien porque la miner\u00eda necesita personas bien capacitadas\u201d.<br \/>\nEl encuentro permiti\u00f3 reforzar decisiones vocacionales sobre el futuro de los estudiantes en la industria minera. \u201cEllos tienen solo lo te\u00f3rico, pero ahora recibieron un acercamiento con el aspecto pr\u00e1ctico, una ayuda en su decisi\u00f3n vocacional\u201d, dijo la ingeniero en minas Ang\u00e9lica Gona, profesional a cargo de la delegaci\u00f3n.<br \/>\nSeg\u00fan valor\u00f3 Flavio Carrasco, jefe de la unidad de Proyectos y Contratos de Andina, este acercamiento contribuye a que los estudiantes se interioricen con los procesos realizados por Codelco Andina para obtener sus productos. \u201cDe esta manera, se muestra que somos una empresa que conocemos el medio ambiente, cuidamos los recursos naturales y aportamos trabajo a la comunidad\u201d.<\/p>\n<p><strong>TESTIMONIO: FUTUROS MINEROS<\/strong><br \/>\n\u201cEs una buena oportunidad de conocer que existen herramientas para capacitar a las personas que trabajan en miner\u00eda. Se aprecia la buena disposici\u00f3n a ense\u00f1ar y entregar conocimientos\u201d. Javier Picardo, alumno.<br \/>\n\u201cMe gust\u00f3 saber c\u00f3mo se capacitan los operadores de camiones, gracias al simulador, y haber conocido m\u00e1s acerca de los procesos mineros. Podemos apreciar que la instrucci\u00f3n que reciben es de calidad\u201d. Yaritza Contreras, alumna.<br \/>\n\u201cA nosotros nos sirve bastante ver c\u00f3mo se hace el proceso, nos abre la mente d\u00e9 que queremos hacer en la miner\u00eda: si manejar un cami\u00f3n, estar en una oficina u otra cosa. De esta forma se definen los intereses\u201d. Nicol\u00e1s Herrera, alumno.<\/p>\n<div class=\"tiled-gallery type-rectangular tiled-gallery-unresized\" data-original-width=\"640\" data-carousel-extra='null' itemscope itemtype=\"http:\/\/schema.org\/ImageGallery\" > <div class=\"gallery-row\" style=\"width: 640px; height: 283px;\" data-original-width=\"640\" data-original-height=\"283\" > <div class=\"gallery-group images-1\" style=\"width: 428px; height: 283px;\" data-original-width=\"428\" data-original-height=\"283\" > <div class=\"tiled-gallery-item tiled-gallery-item-large\" itemprop=\"associatedMedia\" itemscope itemtype=\"http:\/\/schema.org\/ImageObject\"> <a href=\"https:\/\/eltrabajo.cl\/portal\/estudiantes-de-carrera-minera-de-liceo-dario-salas-visitan-codelco\/javier-picardo\/\" border=\"0\" itemprop=\"url\"> <meta itemprop=\"width\" content=\"424\"> <meta itemprop=\"height\" content=\"279\"> <img decoding=\"async\" class=\"\" data-attachment-id=\"62653\" data-orig-file=\"https:\/\/eltrabajo.cl\/portal\/wp-content\/uploads\/2015\/10\/javier-picardo.jpg\" data-orig-size=\"530,349\" data-comments-opened=\"1\" data-image-meta=\"{&quot;aperture&quot;:&quot;0&quot;,&quot;credit&quot;:&quot;&quot;,&quot;camera&quot;:&quot;&quot;,&quot;caption&quot;:&quot;&quot;,&quot;created_timestamp&quot;:&quot;0&quot;,&quot;copyright&quot;:&quot;&quot;,&quot;focal_length&quot;:&quot;0&quot;,&quot;iso&quot;:&quot;0&quot;,&quot;shutter_speed&quot;:&quot;0&quot;,&quot;title&quot;:&quot;&quot;,&quot;orientation&quot;:&quot;0&quot;}\" data-image-title=\"javier picardo\" data-image-description=\"&lt;p&gt;Javier Picardo, alumno, dijo estar contento por la buena disposici\u00f3n para ense\u00f1ar.&lt;\/p&gt; \" data-medium-file=\"https:\/\/i0.wp.com\/eltrabajo.cl\/portal\/wp-content\/uploads\/2015\/10\/javier-picardo.jpg?fit=300%2C198&#038;ssl=1\" data-large-file=\"https:\/\/i0.wp.com\/eltrabajo.cl\/portal\/wp-content\/uploads\/2015\/10\/javier-picardo.jpg?fit=530%2C349&#038;ssl=1\" src=\"https:\/\/i0.wp.com\/eltrabajo.cl\/portal\/wp-content\/uploads\/2015\/10\/javier-picardo.jpg?w=424&#038;h=279&#038;ssl=1\" srcset=\"https:\/\/i0.wp.com\/eltrabajo.cl\/portal\/wp-content\/uploads\/2015\/10\/javier-picardo.jpg?w=530&amp;ssl=1 530w, https:\/\/i0.wp.com\/eltrabajo.cl\/portal\/wp-content\/uploads\/2015\/10\/javier-picardo.jpg?resize=200%2C132&amp;ssl=1 200w, https:\/\/i0.wp.com\/eltrabajo.cl\/portal\/wp-content\/uploads\/2015\/10\/javier-picardo.jpg?resize=300%2C198&amp;ssl=1 300w, https:\/\/i0.wp.com\/eltrabajo.cl\/portal\/wp-content\/uploads\/2015\/10\/javier-picardo.jpg?resize=228%2C150&amp;ssl=1 228w, https:\/\/i0.wp.com\/eltrabajo.cl\/portal\/wp-content\/uploads\/2015\/10\/javier-picardo.jpg?resize=400%2C263&amp;ssl=1 400w\" width=\"424\" height=\"279\" loading=\"lazy\" data-original-width=\"424\" data-original-height=\"279\" itemprop=\"http:\/\/schema.org\/image\" title=\"javier picardo\" alt=\"Javier Picardo, alumno, dijo estar contento por la buena disposici\u00f3n para ense\u00f1ar.\" style=\"width: 424px; height: 279px;\" \/> <\/a> <div class=\"tiled-gallery-caption\" itemprop=\"caption description\"> Javier Picardo, alumno, dijo estar contento por la buena disposici\u00f3n para ense\u00f1ar. <\/div> <\/div> <\/div> <!-- close group --> <div class=\"gallery-group images-2\" style=\"width: 212px; height: 283px;\" data-original-width=\"212\" data-original-height=\"283\" > <div class=\"tiled-gallery-item tiled-gallery-item-small\" itemprop=\"associatedMedia\" itemscope itemtype=\"http:\/\/schema.org\/ImageObject\"> <a href=\"https:\/\/eltrabajo.cl\/portal\/estudiantes-de-carrera-minera-de-liceo-dario-salas-visitan-codelco\/nicolas-herrera\/\" border=\"0\" itemprop=\"url\"> <meta itemprop=\"width\" content=\"208\"> <meta itemprop=\"height\" content=\"138\"> <img decoding=\"async\" class=\"\" data-attachment-id=\"62654\" data-orig-file=\"https:\/\/eltrabajo.cl\/portal\/wp-content\/uploads\/2015\/10\/Nicolas-Herrera.jpg\" data-orig-size=\"530,350\" data-comments-opened=\"1\" data-image-meta=\"{&quot;aperture&quot;:&quot;0&quot;,&quot;credit&quot;:&quot;&quot;,&quot;camera&quot;:&quot;&quot;,&quot;caption&quot;:&quot;&quot;,&quot;created_timestamp&quot;:&quot;0&quot;,&quot;copyright&quot;:&quot;&quot;,&quot;focal_length&quot;:&quot;0&quot;,&quot;iso&quot;:&quot;0&quot;,&quot;shutter_speed&quot;:&quot;0&quot;,&quot;title&quot;:&quot;&quot;,&quot;orientation&quot;:&quot;0&quot;}\" data-image-title=\"Nicolas Herrera\" data-image-description=\"&lt;p&gt;Nicol\u00e1s Herrera, alumno. &lt;\/p&gt; \" data-medium-file=\"https:\/\/i0.wp.com\/eltrabajo.cl\/portal\/wp-content\/uploads\/2015\/10\/Nicolas-Herrera.jpg?fit=300%2C198&#038;ssl=1\" data-large-file=\"https:\/\/i0.wp.com\/eltrabajo.cl\/portal\/wp-content\/uploads\/2015\/10\/Nicolas-Herrera.jpg?fit=530%2C350&#038;ssl=1\" src=\"https:\/\/i0.wp.com\/eltrabajo.cl\/portal\/wp-content\/uploads\/2015\/10\/Nicolas-Herrera.jpg?w=208&#038;h=138&#038;ssl=1\" srcset=\"https:\/\/i0.wp.com\/eltrabajo.cl\/portal\/wp-content\/uploads\/2015\/10\/Nicolas-Herrera.jpg?w=530&amp;ssl=1 530w, https:\/\/i0.wp.com\/eltrabajo.cl\/portal\/wp-content\/uploads\/2015\/10\/Nicolas-Herrera.jpg?resize=200%2C132&amp;ssl=1 200w, https:\/\/i0.wp.com\/eltrabajo.cl\/portal\/wp-content\/uploads\/2015\/10\/Nicolas-Herrera.jpg?resize=300%2C198&amp;ssl=1 300w, https:\/\/i0.wp.com\/eltrabajo.cl\/portal\/wp-content\/uploads\/2015\/10\/Nicolas-Herrera.jpg?resize=227%2C150&amp;ssl=1 227w, https:\/\/i0.wp.com\/eltrabajo.cl\/portal\/wp-content\/uploads\/2015\/10\/Nicolas-Herrera.jpg?resize=400%2C264&amp;ssl=1 400w\" width=\"208\" height=\"138\" loading=\"lazy\" data-original-width=\"208\" data-original-height=\"138\" itemprop=\"http:\/\/schema.org\/image\" title=\"Nicolas Herrera\" alt=\"Nicol\u00e1s Herrera, alumno.\" style=\"width: 208px; height: 138px;\" \/> <\/a> <div class=\"tiled-gallery-caption\" itemprop=\"caption description\"> Nicol\u00e1s Herrera, alumno. <\/div> <\/div> <div class=\"tiled-gallery-item tiled-gallery-item-small\" itemprop=\"associatedMedia\" itemscope itemtype=\"http:\/\/schema.org\/ImageObject\"> <a href=\"https:\/\/eltrabajo.cl\/portal\/estudiantes-de-carrera-minera-de-liceo-dario-salas-visitan-codelco\/yaritza-contreras\/\" border=\"0\" itemprop=\"url\"> <meta itemprop=\"width\" content=\"208\"> <meta itemprop=\"height\" content=\"137\"> <img decoding=\"async\" class=\"\" data-attachment-id=\"62655\" data-orig-file=\"https:\/\/eltrabajo.cl\/portal\/wp-content\/uploads\/2015\/10\/Yaritza-Contreras.jpg\" data-orig-size=\"530,350\" data-comments-opened=\"1\" data-image-meta=\"{&quot;aperture&quot;:&quot;0&quot;,&quot;credit&quot;:&quot;&quot;,&quot;camera&quot;:&quot;&quot;,&quot;caption&quot;:&quot;&quot;,&quot;created_timestamp&quot;:&quot;0&quot;,&quot;copyright&quot;:&quot;&quot;,&quot;focal_length&quot;:&quot;0&quot;,&quot;iso&quot;:&quot;0&quot;,&quot;shutter_speed&quot;:&quot;0&quot;,&quot;title&quot;:&quot;&quot;,&quot;orientation&quot;:&quot;0&quot;}\" data-image-title=\"Yaritza Contreras\" data-image-description=\"&lt;p&gt;Yaritza Contreras, alumna.&lt;\/p&gt; \" data-medium-file=\"https:\/\/i0.wp.com\/eltrabajo.cl\/portal\/wp-content\/uploads\/2015\/10\/Yaritza-Contreras.jpg?fit=300%2C198&#038;ssl=1\" data-large-file=\"https:\/\/i0.wp.com\/eltrabajo.cl\/portal\/wp-content\/uploads\/2015\/10\/Yaritza-Contreras.jpg?fit=530%2C350&#038;ssl=1\" src=\"https:\/\/i0.wp.com\/eltrabajo.cl\/portal\/wp-content\/uploads\/2015\/10\/Yaritza-Contreras.jpg?w=208&#038;h=137&#038;ssl=1\" srcset=\"https:\/\/i0.wp.com\/eltrabajo.cl\/portal\/wp-content\/uploads\/2015\/10\/Yaritza-Contreras.jpg?w=530&amp;ssl=1 530w, https:\/\/i0.wp.com\/eltrabajo.cl\/portal\/wp-content\/uploads\/2015\/10\/Yaritza-Contreras.jpg?resize=200%2C132&amp;ssl=1 200w, https:\/\/i0.wp.com\/eltrabajo.cl\/portal\/wp-content\/uploads\/2015\/10\/Yaritza-Contreras.jpg?resize=300%2C198&amp;ssl=1 300w, https:\/\/i0.wp.com\/eltrabajo.cl\/portal\/wp-content\/uploads\/2015\/10\/Yaritza-Contreras.jpg?resize=227%2C150&amp;ssl=1 227w, https:\/\/i0.wp.com\/eltrabajo.cl\/portal\/wp-content\/uploads\/2015\/10\/Yaritza-Contreras.jpg?resize=400%2C264&amp;ssl=1 400w\" width=\"208\" height=\"137\" loading=\"lazy\" data-original-width=\"208\" data-original-height=\"137\" itemprop=\"http:\/\/schema.org\/image\" title=\"Yaritza Contreras\" alt=\"Yaritza Contreras, alumna.\" style=\"width: 208px; height: 137px;\" \/> <\/a> <div class=\"tiled-gallery-caption\" itemprop=\"caption description\"> Yaritza Contreras, alumna. <\/div> <\/div> <\/div> <!-- close group --> <\/div> <!-- close row --> <\/div>\n","protected":false},"excerpt":{"rendered":"<p>Un grupo de 25 alumnos conocieron el simulador de camiones de alto tonelaje de la mina rajo y el Centro Integrado de Operaciones (CIO) de la compa\u00f1\u00eda. LOS ANDES.&#8211; Codelco Andina contin\u00faa&#8230;<\/p>\n","protected":false},"author":482,"featured_media":62652,"comment_status":"open","ping_status":"open","sticky":false,"template":"","format":"standard","meta":{"advanced_seo_description":"","jetpack_seo_html_title":"","jetpack_seo_noindex":false,"_jetpack_memberships_contains_paid_content":false,"footnotes":""},"categories":[1],"tags":[],"class_list":["post-62651","post","type-post","status-publish","format-standard","has-post-thumbnail","hentry","category-cronica"],"jetpack_featured_media_url":"https:\/\/i0.wp.com\/eltrabajo.cl\/portal\/wp-content\/uploads\/2015\/10\/Visita-Liceo-Dario-Salas-Codelco.jpg?fit=530%2C349&ssl=1","jetpack_sharing_enabled":true,"jetpack_likes_enabled":true,"jetpack-related-posts":[],"_links":{"self":[{"href":"https:\/\/eltrabajo.cl\/portal\/wp-json\/wp\/v2\/posts\/62651","targetHints":{"allow":["GET"]}}],"collection":[{"href":"https:\/\/eltrabajo.cl\/portal\/wp-json\/wp\/v2\/posts"}],"about":[{"href":"https:\/\/eltrabajo.cl\/portal\/wp-json\/wp\/v2\/types\/post"}],"author":[{"embeddable":true,"href":"https:\/\/eltrabajo.cl\/portal\/wp-json\/wp\/v2\/users\/482"}],"replies":[{"embeddable":true,"href":"https:\/\/eltrabajo.cl\/portal\/wp-json\/wp\/v2\/comments?post=62651"}],"version-history":[{"count":0,"href":"https:\/\/eltrabajo.cl\/portal\/wp-json\/wp\/v2\/posts\/62651\/revisions"}],"wp:featuredmedia":[{"embeddable":true,"href":"https:\/\/eltrabajo.cl\/portal\/wp-json\/wp\/v2\/media\/62652"}],"wp:attachment":[{"href":"https:\/\/eltrabajo.cl\/portal\/wp-json\/wp\/v2\/media?parent=62651"}],"wp:term":[{"taxonomy":"category","embeddable":true,"href":"https:\/\/eltrabajo.cl\/portal\/wp-json\/wp\/v2\/categories?post=62651"},{"taxonomy":"post_tag","embeddable":true,"href":"https:\/\/eltrabajo.cl\/portal\/wp-json\/wp\/v2\/tags?post=62651"}],"curies":[{"name":"wp","href":"https:\/\/api.w.org\/{rel}","templated":true}]}}