{"id":62660,"date":"2015-10-06T09:30:32","date_gmt":"2015-10-06T12:30:32","guid":{"rendered":"http:\/\/www.eltrabajo.cl\/portal\/?p=62660"},"modified":"2015-10-06T09:30:32","modified_gmt":"2015-10-06T12:30:32","slug":"presunta-parricida-fue-derivada-a-unidad-forense-para-ser-sometida-a-peritajes","status":"publish","type":"post","link":"https:\/\/eltrabajo.cl\/portal\/presunta-parricida-fue-derivada-a-unidad-forense-para-ser-sometida-a-peritajes\/","title":{"rendered":"Presunta parricida fue derivada a unidad forense para ser sometida a peritajes"},"content":{"rendered":"<figure id=\"attachment_62661\" aria-describedby=\"caption-attachment-62661\" style=\"width: 300px\" class=\"wp-caption alignleft\"><a href=\"https:\/\/i0.wp.com\/www.eltrabajo.cl\/portal\/wp-content\/uploads\/2015\/10\/MIRIAM-CHACON1.jpg\"><img data-recalc-dims=\"1\" loading=\"lazy\" decoding=\"async\" class=\"wp-image-62661 size-medium\" src=\"https:\/\/i0.wp.com\/www.eltrabajo.cl\/portal\/wp-content\/uploads\/2015\/10\/MIRIAM-CHACON1-300x198.jpg?resize=300%2C198\" alt=\"Miriam Chac\u00f3n fue derivada hasta la UEPI del Hospital Psiqui\u00e1trico de Putaendo, para ser periciada psiqui\u00e1tricamente por los m\u00e9dicos especialistas, a fin de determinar su estado de salud mental detr\u00e1s del parricidio de su hijo de 5 a\u00f1os.\" width=\"300\" height=\"198\" srcset=\"https:\/\/i0.wp.com\/eltrabajo.cl\/portal\/wp-content\/uploads\/2015\/10\/MIRIAM-CHACON1.jpg?resize=300%2C198&amp;ssl=1 300w, https:\/\/i0.wp.com\/eltrabajo.cl\/portal\/wp-content\/uploads\/2015\/10\/MIRIAM-CHACON1.jpg?resize=200%2C132&amp;ssl=1 200w, https:\/\/i0.wp.com\/eltrabajo.cl\/portal\/wp-content\/uploads\/2015\/10\/MIRIAM-CHACON1.jpg?resize=228%2C150&amp;ssl=1 228w, https:\/\/i0.wp.com\/eltrabajo.cl\/portal\/wp-content\/uploads\/2015\/10\/MIRIAM-CHACON1.jpg?resize=400%2C263&amp;ssl=1 400w, https:\/\/i0.wp.com\/eltrabajo.cl\/portal\/wp-content\/uploads\/2015\/10\/MIRIAM-CHACON1.jpg?w=530&amp;ssl=1 530w\" sizes=\"auto, (max-width: 300px) 100vw, 300px\" \/><\/a><figcaption id=\"caption-attachment-62661\" class=\"wp-caption-text\">Miriam Chac\u00f3n fue derivada hasta la UEPI del Hospital Psiqui\u00e1trico de Putaendo, para ser periciada psiqui\u00e1tricamente por los m\u00e9dicos especialistas, a fin de determinar su estado de salud mental detr\u00e1s del parricidio de su hijo de 5 a\u00f1os.<\/figcaption><\/figure>\n<ul>\n<li><strong>Luego de ser formalizada por parricidio, Miriam Chac\u00f3n Hasler fue derivada hasta la unidad forense del Psiqui\u00e1trico de Putaendo, para ser sometida a evaluaciones por expertos, para determinar su estado de salud mental tras el asesinato de su hijo de 5 a\u00f1os.<\/strong><\/li>\n<\/ul>\n<p>Luego de decretarse la cautelar de prisi\u00f3n preventiva a la imputada Miriam Ver\u00f3nica Chac\u00f3n Hasler, acusada por la Fiscal\u00eda del parricidio de su hijo de 5 a\u00f1os de edad, fue derivada hasta la Unidad de Evaluaci\u00f3n a Personas Imputadas (UEPI) del Hospital Psiqui\u00e1trico de Putaendo, para ser sometida a peritajes que determinen su actual estado de salud mental que confirmar\u00e1 o descartar\u00e1 alg\u00fan tipo de patolog\u00eda detr\u00e1s del horrible asesinato del menor en la comuna de Santa Mar\u00eda.<br \/>\nEn este sentido, la acusada luego de ser estabilizada en el Hospital San Camilo de San Felipe tras su intento de suicidio, fue sometida a control de detenci\u00f3n y posterior formalizaci\u00f3n, para luego ser conducida hasta el centro hospitalario de la comuna de Putaendo a petici\u00f3n de la Defensa, a fin de establecer si la imputada padecer\u00eda o no alg\u00fan porcentaje de enajenaci\u00f3n mental o un cuadro depresivo.<br \/>\nHasta el momento se desconoce el per\u00edodo que Miriam Chac\u00f3n permanecer\u00e1 en ese centro hospitalario para su evaluaci\u00f3n, luego de quedar judicialmente en manos de Gendarmer\u00eda para ser ingresada a una unidad penal.<br \/>\nEl Alcaide del Centro de Cumplimiento Penitenciario de San Felipe, Capit\u00e1n Cristian Vald\u00e9s, precis\u00f3 a Diario El Trabajo que la imputada quedar\u00e1 a la espera de una audiencia de revisi\u00f3n de medidas cautelares de prisi\u00f3n preventiva que se desarrollar\u00e1 en los pr\u00f3ximos d\u00edas en el Juzgado de Garant\u00eda de San Felipe.<br \/>\n\u201cFue trasladada hasta la unidad forense que est\u00e1 en el Hospital Psiqui\u00e1trico de Putaendo para ser sometida a peritajes, pero est\u00e1 ingresada por estar en prisi\u00f3n preventiva el pasado d\u00eda s\u00e1bado. Posteriormente, en revisi\u00f3n de medidas cautelares en el Juzgado de Garant\u00eda de San Felipe se determinar\u00e1 si ingresa a una unidad penal o continuar\u00e1 en la unidad forense\u201d, puntualiz\u00f3 el Jefe de la Unidad Penal de San Felipe.<br \/>\nEn dicha audiencia, tanto la Defensa como la Fiscal\u00eda debatir\u00e1n dicha cautelar privativa de libertad a Miriam Chac\u00f3n Hasler, a fin de establecer el lugar m\u00e1s id\u00f3neo para evitar un nuevo intento de suicidio, como tambi\u00e9n vislumbrar los primeros informes forenses psiqui\u00e1tricos del estado mental de la acusada por este crimen.<br \/>\n<strong>Pablo Salinas Sald\u00edas<\/strong><\/p>\n","protected":false},"excerpt":{"rendered":"<p>Luego de ser formalizada por parricidio, Miriam Chac\u00f3n Hasler fue derivada hasta la unidad forense del Psiqui\u00e1trico de Putaendo, para ser sometida a evaluaciones por expertos, para determinar su estado de salud&#8230;<\/p>\n","protected":false},"author":482,"featured_media":62661,"comment_status":"open","ping_status":"open","sticky":false,"template":"","format":"standard","meta":{"advanced_seo_description":"","jetpack_seo_html_title":"","jetpack_seo_noindex":false,"_jetpack_memberships_contains_paid_content":false,"footnotes":""},"categories":[21],"tags":[],"class_list":["post-62660","post","type-post","status-publish","format-standard","has-post-thumbnail","hentry","category-policial"],"jetpack_featured_media_url":"https:\/\/i0.wp.com\/eltrabajo.cl\/portal\/wp-content\/uploads\/2015\/10\/MIRIAM-CHACON1.jpg?fit=530%2C349&ssl=1","jetpack_sharing_enabled":true,"jetpack_likes_enabled":true,"jetpack-related-posts":[],"_links":{"self":[{"href":"https:\/\/eltrabajo.cl\/portal\/wp-json\/wp\/v2\/posts\/62660","targetHints":{"allow":["GET"]}}],"collection":[{"href":"https:\/\/eltrabajo.cl\/portal\/wp-json\/wp\/v2\/posts"}],"about":[{"href":"https:\/\/eltrabajo.cl\/portal\/wp-json\/wp\/v2\/types\/post"}],"author":[{"embeddable":true,"href":"https:\/\/eltrabajo.cl\/portal\/wp-json\/wp\/v2\/users\/482"}],"replies":[{"embeddable":true,"href":"https:\/\/eltrabajo.cl\/portal\/wp-json\/wp\/v2\/comments?post=62660"}],"version-history":[{"count":0,"href":"https:\/\/eltrabajo.cl\/portal\/wp-json\/wp\/v2\/posts\/62660\/revisions"}],"wp:featuredmedia":[{"embeddable":true,"href":"https:\/\/eltrabajo.cl\/portal\/wp-json\/wp\/v2\/media\/62661"}],"wp:attachment":[{"href":"https:\/\/eltrabajo.cl\/portal\/wp-json\/wp\/v2\/media?parent=62660"}],"wp:term":[{"taxonomy":"category","embeddable":true,"href":"https:\/\/eltrabajo.cl\/portal\/wp-json\/wp\/v2\/categories?post=62660"},{"taxonomy":"post_tag","embeddable":true,"href":"https:\/\/eltrabajo.cl\/portal\/wp-json\/wp\/v2\/tags?post=62660"}],"curies":[{"name":"wp","href":"https:\/\/api.w.org\/{rel}","templated":true}]}}